{"id":565932,"date":"2025-11-29T04:40:11","date_gmt":"2025-11-29T04:40:11","guid":{"rendered":"https:\/\/www.europesays.com\/fr\/565932\/"},"modified":"2025-11-29T04:40:11","modified_gmt":"2025-11-29T04:40:11","slug":"le-marche-de-noel-attire-des-clients-qui-ne-venaient-plus-dans-le-centre-se-rejouissent-les-commercants-de-nantes","status":"publish","type":"post","link":"https:\/\/www.europesays.com\/fr\/565932\/","title":{"rendered":"\u00ab\u00a0Le march\u00e9 de No\u00ebl attire des clients qui ne venaient plus dans le centre\u00a0\u00bb, se r\u00e9jouissent les commer\u00e7ants de Nantes"},"content":{"rendered":"<p>En ce \u00ab\u00a0vendredi noir\u00a0\u00bb, la pr\u00e9sidente de l&rsquo;Union des commer\u00e7ants du centre-ville de Nantes, Carine Martin \u00e9tait l&rsquo;invit\u00e9e d&rsquo;ICI Loire Oc\u00e9an, our \u00e9voquer le Black Friday et l'\u00a0\u00bbattractivit\u00e9 importante\u00a0\u00bb du march\u00e9 de No\u00ebl.<\/p>\n<p>Le Black Friday, l&rsquo;ouverture il y a une semaine du march\u00e9 de No\u00ebl de Nantes, les ouvertures dominicales en cette p\u00e9riode de f\u00eate, on en parle avec <strong>Carine Martin, \u00e9lue en juin nouvelle pr\u00e9sidente de l&rsquo;association de commer\u00e7ants Plein-Centre<\/strong>, invit\u00e9e d&rsquo;ICI Loire Oc\u00e9an ce vendredi 28 novembre 2025.<\/p>\n<p>Libert\u00e9 pour le Black Friday<\/p>\n<p>\u00ab\u00a0Il faut laisser chacun choisir, pour certains, c&rsquo;est tr\u00e8s important d&rsquo;avoir cette journ\u00e9e-l\u00e0 qui permet vraiment de vendre une partie des stocks, pour d&rsquo;autres, ce n&rsquo;est pas forc\u00e9ment n\u00e9cessaire, puisque les f\u00eates de No\u00ebl arrivent, donc chacun choisit ce qu&rsquo;il veut faire\u00a0\u00bb au sein de l&rsquo;association\u00a0\u00bbPlein centre\u00a0\u00bb, estime Carine Martin.<\/p>\n<p>Le march\u00e9 de No\u00ebl\u00a0: \u00ab\u00a0une attractivit\u00e9 importante\u00a0\u00bb<\/p>\n<p>\u00ab\u00a0Le march\u00e9 de No\u00ebl, c&rsquo;est vraiment une institution \u00e0 Nantes, puisque depuis de nombreuses ann\u00e9es maintenant, sur les deux places, Royale et Commerce. C&rsquo;est bien \u00e9videmment un sujet d&rsquo;attractivit\u00e9 important, puisque \u00e7a permet de faire venir des clients, des consommateurs. Parfois \u00e7a fait venir des gens qui ne venaient plus dans le centre-ville (&#8230;) \u00e7a va g\u00e9n\u00e9rer un peu plus de flux dans les magasins. On a eu quelques retours positifs dans ce sens, depuis la premi\u00e8re semaine de l&rsquo;ouverture du march\u00e9, donc c&rsquo;est quand m\u00eame plut\u00f4t positif.\u00a0\u00bb<\/p>\n<p>L&rsquo;ouverture des magasins le dimanche\u00a0: \u00ab\u00a0on aimerait plus\u00a0\u00bb<\/p>\n<p>\u00ab\u00a0Je ne vous cache pas que la majorit\u00e9 des commer\u00e7ants pr\u00e9f\u00e9raient pouvoir ouvrir les quatre dimanches, (NDLR\u00a0: l&rsquo;autorisation n&rsquo;est possible que trois dimanches avant No\u00ebl) avoir une continuit\u00e9 sur cette p\u00e9riode du mois de d\u00e9cembre, on n\u00e9gocie et on se bataille un peu effectivement pour essayer d&rsquo;obtenir ces quatre dimanches. (&#8230;) Mais on a aussi connu une p\u00e9riode o\u00f9 on n&rsquo;avait pas d&rsquo;ouverture possible, mais c&rsquo;est vrai que c&rsquo;est un sujet parfois un peu crispant\u00a0\u00bb.<\/p>\n<p>Les illuminations du \u00ab\u00a0Voyage en hiver\u00a0\u00bb<\/p>\n<p>\u00ab\u00a0Je pense que la ville, a entendu les critiques qu&rsquo;on a pu avoir il y a d\u00e9j\u00e0 deux ans sur le c\u00f4t\u00e9 trop singulier, peut-\u00eatre, de leur offre visuelle \u00e0 No\u00ebl. Des efforts ont \u00e9t\u00e9 faits. Je crois que Nantes est une ville singuli\u00e8re qui a toujours fait ce choix-l\u00e0 et on a aujourd&rsquo;hui des d\u00e9corations qui sont dans cet esprit-l\u00e0. J&rsquo;esp\u00e8re en tous les cas que les Nantais, les commer\u00e7ants et tous les visiteurs appr\u00e9cieront nos belles illuminations et pourront profiter du centre-ville\u00a0\u00bb.<\/p>\n","protected":false},"excerpt":{"rendered":"En ce \u00ab\u00a0vendredi noir\u00a0\u00bb, la pr\u00e9sidente de l&rsquo;Union des commer\u00e7ants du centre-ville de Nantes, Carine Martin \u00e9tait l&rsquo;invit\u00e9e&hellip;\n","protected":false},"author":2,"featured_media":565933,"comment_status":"","ping_status":"","sticky":false,"template":"","format":"standard","meta":{"footnotes":""},"categories":[2818],"tags":[1111,11,1777,674,1011,27,766,12,2636,25],"class_list":{"0":"post-565932","1":"post","2":"type-post","3":"status-publish","4":"format-standard","5":"has-post-thumbnail","7":"category-nantes","8":"tag-actu","9":"tag-actualites","10":"tag-eu","11":"tag-europe","12":"tag-fr","13":"tag-france","14":"tag-nantes","15":"tag-news","16":"tag-pays-de-la-loire","17":"tag-republique-francaise"},"share_on_mastodon":{"url":"https:\/\/pubeurope.com\/@fr\/115631149890219517","error":""},"_links":{"self":[{"href":"https:\/\/www.europesays.com\/fr\/wp-json\/wp\/v2\/posts\/565932","targetHints":{"allow":["GET"]}}],"collection":[{"href":"https:\/\/www.europesays.com\/fr\/wp-json\/wp\/v2\/posts"}],"about":[{"href":"https:\/\/www.europesays.com\/fr\/wp-json\/wp\/v2\/types\/post"}],"author":[{"embeddable":true,"href":"https:\/\/www.europesays.com\/fr\/wp-json\/wp\/v2\/users\/2"}],"replies":[{"embeddable":true,"href":"https:\/\/www.europesays.com\/fr\/wp-json\/wp\/v2\/comments?post=565932"}],"version-history":[{"count":0,"href":"https:\/\/www.europesays.com\/fr\/wp-json\/wp\/v2\/posts\/565932\/revisions"}],"wp:featuredmedia":[{"embeddable":true,"href":"https:\/\/www.europesays.com\/fr\/wp-json\/wp\/v2\/media\/565933"}],"wp:attachment":[{"href":"https:\/\/www.europesays.com\/fr\/wp-json\/wp\/v2\/media?parent=565932"}],"wp:term":[{"taxonomy":"category","embeddable":true,"href":"https:\/\/www.europesays.com\/fr\/wp-json\/wp\/v2\/categories?post=565932"},{"taxonomy":"post_tag","embeddable":true,"href":"https:\/\/www.europesays.com\/fr\/wp-json\/wp\/v2\/tags?post=565932"}],"curies":[{"name":"wp","href":"https:\/\/api.w.org\/{rel}","templated":true}]}}