{"id":565942,"date":"2025-11-29T04:47:26","date_gmt":"2025-11-29T04:47:26","guid":{"rendered":"https:\/\/www.europesays.com\/fr\/565942\/"},"modified":"2025-11-29T04:47:26","modified_gmt":"2025-11-29T04:47:26","slug":"ligue-europa-lille-bruno-genesio-expedie-les-felicitations-et-appelle-ses-joueurs-a-se-reconcentrer-sur-le-championnat-video-sports","status":"publish","type":"post","link":"https:\/\/www.europesays.com\/fr\/565942\/","title":{"rendered":"Ligue Europa \/ Lille : Bruno G\u00e9n\u00e9sio exp\u00e9die les f\u00e9licitations et appelle ses joueurs \u00e0 se reconcentrer sur le Championnat vid\u00e9o : Sports"},"content":{"rendered":"<p>\n                                            \ud83c\udfc6 Tous les r\u00e9sum\u00e9s et les buts de la saison 2025-2026 de la Ligue Europa sont \u00e0 retrouver gratuitement sur l\u2019application CANAL+\u00a0 \u00a0<\/p>\n<p>\ud83d\udc49 https:\/\/www.canalplus.com\/europa-league\/\u00a0<\/p>\n<p>\ud83d\udd14 Abonnez-vous pour ne rien manquer de l\u2019actu foot avec CANAL+\u202f: http:\/\/youtube.com\/@CanalplusSport?sub_confirmation=1\u00a0<\/p>\n<p>\ud83d\udcf2 Suivez-nous sur nos r\u00e9seaux foot :\u00a0<\/p>\n<p>\u25b8 Instagram : https:\/\/instagram.com\/canalplusfoot\/\u00a0\u00a0<\/p>\n<p>\u25b8 Facebook : https:\/\/www.facebook.com\/CanalPlusFoot\u00a0<\/p>\n<p>\u25b8 Twitter : https:\/\/twitter.com\/CanalplusFoot\u00a0<\/p>\n<p>\u25b8 TikTok : https:\/\/tiktok.com\/@canalplussport\u00a0<\/p>\n<p>\u25b8 Twitch : https:\/\/twitch.tv\/canalplus_sport\u00a0<\/p>\n<p>\ud83d\udcfa Plus de vid\u00e9os Ligue Europa :\u00a0<\/p>\n<p>Tous les buts : https:\/\/www.canalplus.com\/europa-league\/buts\u00a0<\/p>\n<p>#UEL #Football #R\u00e9sum\u00e9\n                                    <\/p>\n<p>Vid\u00e9o suivante dans 5 secondes<\/p>\n<p><script async src=\"https:\/\/platform.twitter.com\/widgets.js\" charset=\"utf-8\"><\/script><script async src=\"\/\/www.instagram.com\/embed.js\"><\/script><script async src=\"\/\/www.tiktok.com\/embed.js\"><\/script><\/p>\n","protected":false},"excerpt":{"rendered":"\ud83c\udfc6 Tous les r\u00e9sum\u00e9s et les buts de la saison 2025-2026 de la Ligue Europa sont \u00e0 retrouver&hellip;\n","protected":false},"author":2,"featured_media":565943,"comment_status":"","ping_status":"","sticky":false,"template":"","format":"standard","meta":{"footnotes":""},"categories":[2815],"tags":[1111,11,1777,674,63,1011,27,811,66,1307,12,25],"class_list":{"0":"post-565942","1":"post","2":"type-post","3":"status-publish","4":"format-standard","5":"has-post-thumbnail","7":"category-lille","8":"tag-actu","9":"tag-actualites","10":"tag-eu","11":"tag-europe","12":"tag-football","13":"tag-fr","14":"tag-france","15":"tag-hauts-de-france","16":"tag-ligue-1","17":"tag-lille","18":"tag-news","19":"tag-republique-francaise"},"share_on_mastodon":{"url":"https:\/\/pubeurope.com\/@fr\/115631177304517829","error":""},"_links":{"self":[{"href":"https:\/\/www.europesays.com\/fr\/wp-json\/wp\/v2\/posts\/565942","targetHints":{"allow":["GET"]}}],"collection":[{"href":"https:\/\/www.europesays.com\/fr\/wp-json\/wp\/v2\/posts"}],"about":[{"href":"https:\/\/www.europesays.com\/fr\/wp-json\/wp\/v2\/types\/post"}],"author":[{"embeddable":true,"href":"https:\/\/www.europesays.com\/fr\/wp-json\/wp\/v2\/users\/2"}],"replies":[{"embeddable":true,"href":"https:\/\/www.europesays.com\/fr\/wp-json\/wp\/v2\/comments?post=565942"}],"version-history":[{"count":0,"href":"https:\/\/www.europesays.com\/fr\/wp-json\/wp\/v2\/posts\/565942\/revisions"}],"wp:featuredmedia":[{"embeddable":true,"href":"https:\/\/www.europesays.com\/fr\/wp-json\/wp\/v2\/media\/565943"}],"wp:attachment":[{"href":"https:\/\/www.europesays.com\/fr\/wp-json\/wp\/v2\/media?parent=565942"}],"wp:term":[{"taxonomy":"category","embeddable":true,"href":"https:\/\/www.europesays.com\/fr\/wp-json\/wp\/v2\/categories?post=565942"},{"taxonomy":"post_tag","embeddable":true,"href":"https:\/\/www.europesays.com\/fr\/wp-json\/wp\/v2\/tags?post=565942"}],"curies":[{"name":"wp","href":"https:\/\/api.w.org\/{rel}","templated":true}]}}