{"id":565944,"date":"2025-11-29T04:49:16","date_gmt":"2025-11-29T04:49:16","guid":{"rendered":"https:\/\/www.europesays.com\/fr\/565944\/"},"modified":"2025-11-29T04:49:16","modified_gmt":"2025-11-29T04:49:16","slug":"perpetuite-et-30-ans-de-prison-pour-un-double-assassinat-a-marseille","status":"publish","type":"post","link":"https:\/\/www.europesays.com\/fr\/565944\/","title":{"rendered":"perp\u00e9tuit\u00e9 et 30 ans de prison pour un double assassinat \u00e0 Marseille"},"content":{"rendered":"<p class=\"fs-5 \">Mohamed Seghier, un cadre de la bande criminelle de Marignane, a \u00e9t\u00e9 condamn\u00e9 \u00e0 la r\u00e9clusion \u00e0 perp\u00e9tuit\u00e9, assortie d\u2019une p\u00e9riode de s\u00fbret\u00e9 de 22 ans.<\/p>\n<p class=\"fs-5 \">Christopher Aouni a lui \u00e9t\u00e9 condamn\u00e9 \u00e0 trente ans de r\u00e9clusion criminelle avec une p\u00e9riode de s\u00fbret\u00e9 des deux tiers.<\/p>\n<p class=\"fs-5 \">Tous les deux contestaient avoir fait partie du commando qui, le 4 f\u00e9vrier 2016, avait ouvert le feu sur Nouri Lakas, 26 ans, et Nasser Khellaf, 31 ans, assis dans leur v\u00e9hicule sur le parking d\u2019un centre commercial.<\/p>\n<p class=\"fs-5 \">Les peines prononc\u00e9es vendredi sont celles qui avaient \u00e9t\u00e9 requises par l\u2019avocate g\u00e9n\u00e9rale. Les deux hommes sont condamn\u00e9s pour assassinats et association de malfaiteurs en vue de commettre des crimes. M. Seghier a \u00e9galement \u00e9t\u00e9 condamn\u00e9 pour des armes retrouv\u00e9es dans un box \u00e0 Aix-en-Provence.<\/p>\n<p class=\"fs-5 \">Le double assassinat s\u2019inscrivait dans une vendetta sanglante -une vingtaine de morts- qui d\u00e8s 2010 a oppos\u00e9 deux clans\u00a0: d\u2019un c\u00f4t\u00e9 des membres des familles Tir et Berrebouh, de l\u2019autre ceux de la famille Remadnia -alli\u00e9s \u00e0 la bande de Marignane.<\/p>\n<p class=\"fs-5 \">Les avocats de la d\u00e9fense avaient demand\u00e9 l\u2019acquittement des deux hommes pour le double assassinat.<\/p>\n<p class=\"fs-5 \">M. Seghier a d\u00e9j\u00e0 \u00e9t\u00e9 condamn\u00e9 \u00e0 trente ans de r\u00e9clusion pour l\u2019assassinat en 2014 de Karim Tir, le manager du rappeur Jul \u00e0 ses d\u00e9buts.<\/p>\n<p class=\"fs-5 \">Celui qui s\u2019est toujours pr\u00e9sent\u00e9 comme un \u00ab\u00a0simple\u00a0\u00bb voleur de voitures avait finalement avou\u00e9 son appartenance \u00e0 l\u2019\u00e9quipe de Marignane &#8211;apr\u00e8s l\u2019avoir toujours contest\u00e9e. \u00ab\u00a0Ce sont mes amis, mes coll\u00e8gues mais je ne faisais pas les m\u00eames choses qu\u2019eux\u00a0\u00bb, a-t-il dit.<\/p>\n<p class=\"fs-5 \">Il a martel\u00e9 son innocence dans les faits les plus graves\u00a0: \u00ab\u00a0je n\u2019ai pas tu\u00e9 Nouri Lakas et son coll\u00e8gue \u00e0 c\u00f4t\u00e9, je n\u2019ai pas de sang sur les mains.\u00a0\u00bb<\/p>\n<p class=\"fs-5 \">Avant que la cour n\u2019aille d\u00e9lib\u00e9rer, une derni\u00e8re fois, il a sembl\u00e9 implorer les jur\u00e9s\u00a0: \u00ab\u00a0S\u2019il vous pla\u00eet, je ne suis pas un monstre.\u00a0\u00bb<\/p>\n<p class=\"fs-5 \">Tout en laissant la porte entrouverte \u00e0 une condamnation pour association de malfaiteurs, ses avocats, Mes Pascal Roubaud et Mehdi Khezami, ont demand\u00e9 aux jur\u00e9s de \u00ab\u00a0constater qu\u2019il n\u2019est pas d\u00e9montr\u00e9 sa participation \u00e0 la sc\u00e8ne de crime, ni en qualit\u00e9 d\u2019auteur ni comme commanditaire.\u00a0\u00bb<\/p>\n","protected":false},"excerpt":{"rendered":"Mohamed Seghier, un cadre de la bande criminelle de Marignane, a \u00e9t\u00e9 condamn\u00e9 \u00e0 la r\u00e9clusion \u00e0 perp\u00e9tuit\u00e9,&hellip;\n","protected":false},"author":2,"featured_media":546728,"comment_status":"","ping_status":"","sticky":false,"template":"","format":"standard","meta":{"footnotes":""},"categories":[2814],"tags":[1111,11,1777,674,1011,27,884,12,882,25],"class_list":{"0":"post-565944","1":"post","2":"type-post","3":"status-publish","4":"format-standard","5":"has-post-thumbnail","7":"category-marseille","8":"tag-actu","9":"tag-actualites","10":"tag-eu","11":"tag-europe","12":"tag-fr","13":"tag-france","14":"tag-marseille","15":"tag-news","16":"tag-provence-alpes-cote-dazur","17":"tag-republique-francaise"},"share_on_mastodon":{"url":"https:\/\/pubeurope.com\/@fr\/115631185406799109","error":""},"_links":{"self":[{"href":"https:\/\/www.europesays.com\/fr\/wp-json\/wp\/v2\/posts\/565944","targetHints":{"allow":["GET"]}}],"collection":[{"href":"https:\/\/www.europesays.com\/fr\/wp-json\/wp\/v2\/posts"}],"about":[{"href":"https:\/\/www.europesays.com\/fr\/wp-json\/wp\/v2\/types\/post"}],"author":[{"embeddable":true,"href":"https:\/\/www.europesays.com\/fr\/wp-json\/wp\/v2\/users\/2"}],"replies":[{"embeddable":true,"href":"https:\/\/www.europesays.com\/fr\/wp-json\/wp\/v2\/comments?post=565944"}],"version-history":[{"count":0,"href":"https:\/\/www.europesays.com\/fr\/wp-json\/wp\/v2\/posts\/565944\/revisions"}],"wp:featuredmedia":[{"embeddable":true,"href":"https:\/\/www.europesays.com\/fr\/wp-json\/wp\/v2\/media\/546728"}],"wp:attachment":[{"href":"https:\/\/www.europesays.com\/fr\/wp-json\/wp\/v2\/media?parent=565944"}],"wp:term":[{"taxonomy":"category","embeddable":true,"href":"https:\/\/www.europesays.com\/fr\/wp-json\/wp\/v2\/categories?post=565944"},{"taxonomy":"post_tag","embeddable":true,"href":"https:\/\/www.europesays.com\/fr\/wp-json\/wp\/v2\/tags?post=565944"}],"curies":[{"name":"wp","href":"https:\/\/api.w.org\/{rel}","templated":true}]}}