{"id":565945,"date":"2025-11-29T04:50:13","date_gmt":"2025-11-29T04:50:13","guid":{"rendered":"https:\/\/www.europesays.com\/fr\/565945\/"},"modified":"2025-11-29T04:50:13","modified_gmt":"2025-11-29T04:50:13","slug":"violences-deals-orange-ferme-ses-portes-a-marseille","status":"publish","type":"post","link":"https:\/\/www.europesays.com\/fr\/565945\/","title":{"rendered":"Violences\/deals : Orange ferme ses portes \u00e0 Marseille"},"content":{"rendered":"<p>Violences\/deals : Orange ferme ses portes \u00e0 Marseille &#8211; 28\/11Sur le m\u00eame sujet<a href=\"https:\/\/www.bfmtv.com\/replay-emissions\/non-stop\/video-l-integrale-de-bfm-non-stop-du-vendredi-28-novembre-2025_VN-202511290096.html\" title=\"L&#039;int\u00e9grale de BFM Non-Stop du vendredi 28 novembre 2025\" target=\"_blank\" rel=\"noopener\"><img width=\"16\" height=\"9\" class=\"lozad\"  alt=\"L'int\u00e9grale de BFM Non-Stop du vendredi 28 novembre 2025\"\/>2:04:47L&rsquo;int\u00e9grale de BFM Non-Stop du vendredi 28 novembre 2025<\/a><a href=\"https:\/\/www.bfmtv.com\/replay-emissions\/bfm-grand-soir\/video-airbus-a320-6-000-avions-cloues-au-sol-28-11_VN-202511281016.html\" title=\"Airbus A320 : 6 000 avions clou\u00e9s au sol - 28\/11\" target=\"_blank\" rel=\"noopener\"><img width=\"16\" height=\"9\" class=\"lozad\"  alt=\"Airbus A320 : 6 000 avions clou\u00e9s au sol - 28\/11\"\/>25:29Airbus A320 : 6 000 avions clou\u00e9s au sol &#8211; 28\/11<\/a><a href=\"https:\/\/rmcsport.bfmtv.com\/football\/ligue-1\/video-metz-0-1-rennes-parfois-il-faut-ne-pas-etre-beau-rongier-se-satisfait-des-3-points-pris_VN-202511281012.html\" title=\"Metz 0-1 Rennes : &quot;Parfois il faut ne pas \u00eatre beau&quot;, Rongier se satisfait des 3 points pris\" target=\"_blank\" rel=\"noopener\"><img width=\"16\" height=\"9\" class=\"lozad\"  alt=\"Metz 0-1 Rennes : &quot;Parfois il faut ne pas \u00eatre beau&quot;, Rongier se satisfait des 3 points pris\"\/>0:54Metz 0-1 Rennes : \u00ab\u00a0Parfois il faut ne pas \u00eatre beau\u00a0\u00bb, Rongier se satisfait des 3 points pris<\/a><a href=\"https:\/\/www.bfmtv.com\/politique\/video-narcotrafic-a-marseille-je-m-inscris-en-faux-face-a-ce-mythe-qui-voudrait-que-ces-quartiers-soient-abandonnes-assure-stephane-ravier-senateur-rn_VN-202511281008.html\" title=\"Narcotrafic \u00e0 Marseille: &quot;Je m&#039;inscris en faux face \u00e0 ce mythe qui voudrait que ces quartiers soient abandonn\u00e9s&quot;, assure St\u00e9phane Ravier, s\u00e9nateur RN\" target=\"_blank\" rel=\"noopener\"><img width=\"16\" height=\"9\" class=\"lozad\"  alt=\"Narcotrafic \u00e0 Marseille: &quot;Je m'inscris en faux face \u00e0 ce mythe qui voudrait que ces quartiers soient abandonn\u00e9s&quot;, assure St\u00e9phane Ravier, s\u00e9nateur RN\"\/>2:04Narcotrafic \u00e0 Marseille: \u00ab\u00a0Je m&rsquo;inscris en faux face \u00e0 ce mythe qui voudrait que ces quartiers soient abandonn\u00e9s\u00a0\u00bb, assure St\u00e9phane Ravier, s\u00e9nateur RN<\/a><a href=\"https:\/\/www.bfmtv.com\/politique\/video-narcotrafic-a-marseille-je-m-inscris-en-faux-face-a-ce-mythe-qui-voudrait-que-ces-quartiers-soient-abandonnes-assure-stephane-ravier-senateur-rn_VN-202511281007.html\" title=\"Narcotrafic \u00e0 Marseille: &quot;Je m&#039;inscris en faux face \u00e0 ce mythe qui voudrait que ces quartiers soient abandonn\u00e9s&quot;, assure St\u00e9phane Ravier, s\u00e9nateur RN\" target=\"_blank\" rel=\"noopener\"><img width=\"16\" height=\"9\" class=\"lozad\"  alt=\"Narcotrafic \u00e0 Marseille: &quot;Je m'inscris en faux face \u00e0 ce mythe qui voudrait que ces quartiers soient abandonn\u00e9s&quot;, assure St\u00e9phane Ravier, s\u00e9nateur RN\"\/>2:04Narcotrafic \u00e0 Marseille: \u00ab\u00a0Je m&rsquo;inscris en faux face \u00e0 ce mythe qui voudrait que ces quartiers soient abandonn\u00e9s\u00a0\u00bb, assure St\u00e9phane Ravier, s\u00e9nateur RN<\/a><a href=\"https:\/\/www.bfmtv.com\/societe\/video-35-vols-de-la-compagnie-air-france-annules-apres-la-detection-d-un-logiciel-defectueux-sur-6-000-avions-a320-d-airbus_VN-202511281003.html\" title=\"35 vols de la compagnie Air France annul\u00e9s apr\u00e8s la d\u00e9tection d&#039;un logiciel d\u00e9fectueux sur 6.000 avions A320 d&#039;Airbus\" target=\"_blank\" rel=\"noopener\"><img width=\"16\" height=\"9\" class=\"lozad\"  alt=\"35 vols de la compagnie Air France annul\u00e9s apr\u00e8s la d\u00e9tection d'un logiciel d\u00e9fectueux sur 6.000 avions A320 d'Airbus\"\/>1:3935 vols de la compagnie Air France annul\u00e9s apr\u00e8s la d\u00e9tection d&rsquo;un logiciel d\u00e9fectueux sur 6.000 avions A320 d&rsquo;Airbus<\/a><a href=\"https:\/\/www.bfmtv.com\/replay-emissions\/bfm-grand-soir\/video-violences-deals-orange-ferme-ses-portes-a-marseille-28-11_VN-202511281002.html\" title=\"Violences\/deals : Orange ferme ses portes \u00e0 Marseille - 28\/11\" target=\"_blank\" rel=\"noopener\"><img width=\"16\" height=\"9\" class=\"lozad\"  alt=\"Violences\/deals : Orange ferme ses portes \u00e0 Marseille - 28\/11\"\/>en lectureViolences\/deals : Orange ferme ses portes \u00e0 Marseille &#8211; 28\/11<\/a><a href=\"https:\/\/rmcsport.bfmtv.com\/replay-emissions\/after-foot\/video-om-victoire-europeenne-contre-newcastle-enfin-un-match-reference-pour-les-olympiens_VN-202511281000.html\" title=\"OM : Victoire europ\u00e9enne contre Newcastle... enfin un match r\u00e9f\u00e9rence pour les Olympiens ?\" target=\"_blank\" rel=\"noopener\"><img width=\"16\" height=\"9\" class=\"lozad\"  alt=\"OM : Victoire europ\u00e9enne contre Newcastle... enfin un match r\u00e9f\u00e9rence pour les Olympiens ?\"\/>10:40OM : Victoire europ\u00e9enne contre Newcastle&#8230; enfin un match r\u00e9f\u00e9rence pour les Olympiens ?<\/a><a href=\"https:\/\/rmcsport.bfmtv.com\/replay-emissions\/after-foot\/video-metz-0-1-rennes-en-ordre-de-marche-diaz-salue-le-4e-succes-d-affilee_VN-202511280998.html\" title=\"Metz 0-1 Rennes : &quot;En ordre de marche&quot; Diaz salue le 4e succ\u00e8s d&#039;affil\u00e9e\" target=\"_blank\" rel=\"noopener\"><img width=\"16\" height=\"9\" class=\"lozad\"  alt=\"Metz 0-1 Rennes : &quot;En ordre de marche&quot; Diaz salue le 4e succ\u00e8s d'affil\u00e9e\"\/>9:29Metz 0-1 Rennes : \u00ab\u00a0En ordre de marche\u00a0\u00bb Diaz salue le 4e succ\u00e8s d&rsquo;affil\u00e9e<\/a><a href=\"https:\/\/www.bfmtv.com\/police-justice\/video-orange-ferme-un-site-a-cause-de-l-insecurite-sans-effectifs-on-ne-pourra-pas-quadriller-marseille-et-les-endroits-tres-sensibles-assure-bruno-bartocetti-syndicat-unite_VN-202511280997.html\" title=\"Orange ferme un site \u00e0 cause de l&#039;ins\u00e9curit\u00e9: &quot;Sans effectifs, on ne pourra pas quadriller Marseille et les endroits tr\u00e8s sensibles&quot;, assure Bruno Bartocetti (syndicat UNIT\u00c9) \" target=\"_blank\" rel=\"noopener\"><img width=\"16\" height=\"9\" class=\"lozad\"  alt=\"Orange ferme un site \u00e0 cause de l'ins\u00e9curit\u00e9: &quot;Sans effectifs, on ne pourra pas quadriller Marseille et les endroits tr\u00e8s sensibles&quot;, assure Bruno Bartocetti (syndicat UNIT\u00c9) \"\/>3:27Orange ferme un site \u00e0 cause de l&rsquo;ins\u00e9curit\u00e9: \u00ab\u00a0Sans effectifs, on ne pourra pas quadriller Marseille et les endroits tr\u00e8s sensibles\u00a0\u00bb, assure Bruno Bartocetti (syndicat UNIT\u00c9)<\/a><a href=\"https:\/\/www.bfmtv.com\/replay-emissions\/bfm-grand-soir\/video-le-ras-le-bol-fiscal-progresse-encore-et-encore-28-11_VN-202511280996.html\" title=\"Le &quot;ras-le-bol&quot; fiscal progresse encore et encore - 28\/11\" target=\"_blank\" rel=\"noopener\"><img width=\"16\" height=\"9\" class=\"lozad\"  alt=\"Le &quot;ras-le-bol&quot; fiscal progresse encore et encore - 28\/11\"\/>3:07Le \u00ab\u00a0ras-le-bol\u00a0\u00bb fiscal progresse encore et encore &#8211; 28\/11<\/a><a href=\"https:\/\/www.bfmtv.com\/replay-emissions\/bfm-grand-soir\/video-airbus-6-000-avions-cloues-au-sol-28-11_VN-202511280999.html\" title=\"Airbus : 6 000 avions clou\u00e9s au sol - 28\/11\" target=\"_blank\" rel=\"noopener\"><img width=\"16\" height=\"9\" class=\"lozad\"  alt=\"Airbus : 6 000 avions clou\u00e9s au sol - 28\/11\"\/>31:28Airbus : 6 000 avions clou\u00e9s au sol &#8211; 28\/11<\/a><a href=\"https:\/\/www.bfmtv.com\/politique\/gouvernement\/video-impots-je-considere-que-l-effort-fiscal-n-est-pas-justement-reparti-affirme-ian-brossat-senateur-pcf_VN-202511280993.html\" title=\"Imp\u00f4ts: &quot;Je consid\u00e8re que l&#039;effort fiscal n&#039;est pas justement r\u00e9parti&quot;, affirme Ian Brossat, s\u00e9nateur PCF\" target=\"_blank\" rel=\"noopener\"><img width=\"16\" height=\"9\" class=\"lozad\"  alt=\"Imp\u00f4ts: &quot;Je consid\u00e8re que l'effort fiscal n'est pas justement r\u00e9parti&quot;, affirme Ian Brossat, s\u00e9nateur PCF\"\/>2:08Imp\u00f4ts: \u00ab\u00a0Je consid\u00e8re que l&rsquo;effort fiscal n&rsquo;est pas justement r\u00e9parti\u00a0\u00bb, affirme Ian Brossat, s\u00e9nateur PCF<\/a><a href=\"https:\/\/www.bfmtv.com\/politique\/gouvernement\/video-impots-si-je-gerais-mon-entreprise-comme-l-etat-j-irai-aux-restos-du-c-ur-tous-les-soirs-declare-patrick-vignal-porte-parole-renaissance_VN-202511280992.html\" title=\"Imp\u00f4ts: &quot;Si je g\u00e9rais mon entreprise comme l&#039;\u00c9tat, j&#039;irai aux Restos du C\u0153ur tous les soirs&quot;, d\u00e9clare Patrick Vignal, porte-parole Renaissance\" target=\"_blank\" rel=\"noopener\"><img width=\"16\" height=\"9\" class=\"lozad\"  alt=\"Imp\u00f4ts: &quot;Si je g\u00e9rais mon entreprise comme l'\u00c9tat, j'irai aux Restos du C\u0153ur tous les soirs&quot;, d\u00e9clare Patrick Vignal, porte-parole Renaissance\"\/>2:22Imp\u00f4ts: \u00ab\u00a0Si je g\u00e9rais mon entreprise comme l&rsquo;\u00c9tat, j&rsquo;irai aux Restos du C\u0153ur tous les soirs\u00a0\u00bb, d\u00e9clare Patrick Vignal, porte-parole Renaissance<\/a><a class=\"jumpToVideo\" target=\"_blank\"><img class=\"thumbnailPreview\"\/><\/a><\/p>\n","protected":false},"excerpt":{"rendered":"Violences\/deals : Orange ferme ses portes \u00e0 Marseille &#8211; 28\/11Sur le m\u00eame sujet2:04:47L&rsquo;int\u00e9grale de BFM Non-Stop du vendredi&hellip;\n","protected":false},"author":2,"featured_media":565946,"comment_status":"","ping_status":"","sticky":false,"template":"","format":"standard","meta":{"footnotes":""},"categories":[2814],"tags":[1111,11,1777,674,1011,27,884,12,882,25],"class_list":{"0":"post-565945","1":"post","2":"type-post","3":"status-publish","4":"format-standard","5":"has-post-thumbnail","7":"category-marseille","8":"tag-actu","9":"tag-actualites","10":"tag-eu","11":"tag-europe","12":"tag-fr","13":"tag-france","14":"tag-marseille","15":"tag-news","16":"tag-provence-alpes-cote-dazur","17":"tag-republique-francaise"},"share_on_mastodon":{"url":"https:\/\/pubeurope.com\/@fr\/115631189170236644","error":""},"_links":{"self":[{"href":"https:\/\/www.europesays.com\/fr\/wp-json\/wp\/v2\/posts\/565945","targetHints":{"allow":["GET"]}}],"collection":[{"href":"https:\/\/www.europesays.com\/fr\/wp-json\/wp\/v2\/posts"}],"about":[{"href":"https:\/\/www.europesays.com\/fr\/wp-json\/wp\/v2\/types\/post"}],"author":[{"embeddable":true,"href":"https:\/\/www.europesays.com\/fr\/wp-json\/wp\/v2\/users\/2"}],"replies":[{"embeddable":true,"href":"https:\/\/www.europesays.com\/fr\/wp-json\/wp\/v2\/comments?post=565945"}],"version-history":[{"count":0,"href":"https:\/\/www.europesays.com\/fr\/wp-json\/wp\/v2\/posts\/565945\/revisions"}],"wp:featuredmedia":[{"embeddable":true,"href":"https:\/\/www.europesays.com\/fr\/wp-json\/wp\/v2\/media\/565946"}],"wp:attachment":[{"href":"https:\/\/www.europesays.com\/fr\/wp-json\/wp\/v2\/media?parent=565945"}],"wp:term":[{"taxonomy":"category","embeddable":true,"href":"https:\/\/www.europesays.com\/fr\/wp-json\/wp\/v2\/categories?post=565945"},{"taxonomy":"post_tag","embeddable":true,"href":"https:\/\/www.europesays.com\/fr\/wp-json\/wp\/v2\/tags?post=565945"}],"curies":[{"name":"wp","href":"https:\/\/api.w.org\/{rel}","templated":true}]}}