{"id":565947,"date":"2025-11-29T04:51:24","date_gmt":"2025-11-29T04:51:24","guid":{"rendered":"https:\/\/www.europesays.com\/fr\/565947\/"},"modified":"2025-11-29T04:51:24","modified_gmt":"2025-11-29T04:51:24","slug":"lyon-de-nouveaux-immenses-paquebots-arrivent-en-2026-sur-le-rhone-et-la-saone","status":"publish","type":"post","link":"https:\/\/www.europesays.com\/fr\/565947\/","title":{"rendered":"Lyon. De nouveaux immenses paquebots arrivent en 2026 sur le Rh\u00f4ne et la Sa\u00f4ne"},"content":{"rendered":"<p>                    Par<br \/>\n        <strong><br \/>\n            <a href=\"https:\/\/actu.fr\/auteur\/anthony-soudani\" title=\"Consulter tous les articles de Anthony Soudani\" target=\"_blank\" rel=\"noopener\">Anthony Soudani<\/a><br \/>\n                    <\/strong><\/p>\n<p>        Publi\u00e9 le<\/p>\n<p>            28 nov. 2025 \u00e0 14h05        <\/p>\n<p>Deux nouveaux paquebots de tr\u00e8s grande taille vont traverser <a href=\"https:\/\/actu.fr\/lyon\/\" target=\"_blank\" rel=\"noopener\">Lyon<\/a> en naviguant sur le Rh\u00f4ne et la Sa\u00f4ne <strong>\u00e0 partir de 2026<\/strong>. Selon les informations d\u2019actu Lyon, il s\u2019agit de <strong>deux bateaux de croisi\u00e8re<\/strong> d\u2019une longueur de 135\u00a0m\u00e8tres\u2009: le MS Lumi\u00e8re et le Viking Lofn.<\/p>\n<p>Un nouveau navire de croisi\u00e8re automatis\u00e9 en mars\u00a02026<\/p>\n<p class=\" wall-content\">Le premier cit\u00e9 est un navire du croisi\u00e9riste suisse Scylla. <strong>Le Lumi\u00e8re<\/strong>, baptis\u00e9 en r\u00e9f\u00e9rence \u00e0 la ville de Lyon, doit naviguer tr\u00e8s prochainement avec une premi\u00e8re croisi\u00e8re entre la capitale des Gaules et Arles organis\u00e9e en partenariat avec le tour-op\u00e9rateur Tauck.<\/p>\n<p class=\" wall-content\">Cette derni\u00e8re est programm\u00e9e le 26\u00a0mars 2026, selon <a href=\"https:\/\/lemarin.ouest-france.fr\/industries-navales\/le-futur-paquebot-fluvial-attendu-sur-le-rhone-a-teste-la-navigation-autonome-55296d5c-b3df-11f0-b69a-6e4ddcc8cd29\" target=\"_blank\" rel=\"noopener\">Le Marin<\/a>. Des fonctions de navigation autonome ont par ailleurs d\u00e9j\u00e0 \u00e9t\u00e9 test\u00e9es avec succ\u00e8s sur ce paquebot nouvelle g\u00e9n\u00e9ration.<\/p>\n<p class=\" wall-content\">Circulera-t-il en pilotage automatique sur le <a href=\"https:\/\/actu.fr\/auvergne-rhone-alpes\/rhone_69\" target=\"_blank\" rel=\"noopener\">Rh\u00f4ne<\/a> ou la Sa\u00f4ne\u2009? Cela n\u2019est pas encore pr\u00e9cis\u00e9 et ce type de navigation devrait se faire au cas par cas.<\/p>\n<p>Jusqu\u2019\u00e0 10\u2009000 pour une croisi\u00e8re sur le Rh\u00f4ne<\/p>\n<p class=\" wall-content\">Concernant le <strong>Viking Lofn<\/strong>, il fera partie de la flotte du croisi\u00e9riste europ\u00e9en Viking River Cruise. Une croisi\u00e8re Provence-Lyon sera propos\u00e9e aux clients pour embarquer huit jours et remonter le Rh\u00f4ne \u00e0 partir du 6\u00a0mai 2026.<\/p>\n<p class=\" wall-content\">Le bateau reliera Avignon \u00e0 Lyon avec sept visites guid\u00e9es.<\/p>\n<p class=\" wall-content\">Cette exp\u00e9rience haut de gamme n\u2019est pas pour toutes les bourses. Il faut<strong> au minimum s\u2019acquitter de 2\u2009799\u00a0dollars<\/strong> pour vivre ces huit jours sur le Rh\u00f4ne, entre la Provence et la capitale des Gaules. Et c\u2019est juste pour obtenir une cabine \u00ab\u2009standard\u2009\u00bb.<\/p>\n<p>Votre r\u00e9gion, votre actu !<\/p>\n<p>Recevez chaque jour les infos qui comptent pour vous.<\/p>\n<p>\t<a href=\"https:\/\/actu.fr\/newsletter\" class=\"ac-btn ac-btn--corner ac-btn--medium ac-btn--blue800\" target=\"_blank\" rel=\"noopener\">S&rsquo;incrire<\/a><\/p>\n<p class=\" wall-content\">Les prix s\u2019envolent lorsqu\u2019il s\u2019agit des suites. L\u2019Explorer suite, la plus ch\u00e8re, est accessible en d\u00e9boursant <strong>plus de 10\u2009000\u00a0dollars<\/strong>. Un v\u00e9ritable luxe.<\/p>\n<p class=\" wall-content\">Personnalisez votre actualit\u00e9 en ajoutant vos villes et m\u00e9dias en favori avec <a href=\"https:\/\/moncompte.actu.fr\" title=\"D\u00e9couvez Mon Actu\" rel=\"nofollow noopener\" data-trk=\"{&quot;cta&quot;:{&quot;action&quot;:&quot;https:\\\/\\\/moncompte.actu.fr&quot;,&quot;category&quot;:&quot;mon compte&quot;,&quot;from&quot;:&quot;article footer&quot;,&quot;name&quot;:&quot;Mon actu&quot;,&quot;type&quot;:&quot;cta&quot;}}\" target=\"_blank\">Mon Actu<\/a>.<\/p>\n","protected":false},"excerpt":{"rendered":"Par Anthony Soudani Publi\u00e9 le 28 nov. 2025 \u00e0 14h05 Deux nouveaux paquebots de tr\u00e8s grande taille vont&hellip;\n","protected":false},"author":2,"featured_media":565948,"comment_status":"","ping_status":"","sticky":false,"template":"","format":"standard","meta":{"footnotes":""},"categories":[1889],"tags":[1111,11,2430,6131,2380,1777,674,1011,27,2428,12,25,104,602],"class_list":{"0":"post-565947","1":"post","2":"type-post","3":"status-publish","4":"format-standard","5":"has-post-thumbnail","7":"category-lyon","8":"tag-actu","9":"tag-actualites","10":"tag-auvergne-rhone-alpes","11":"tag-construction-navale","12":"tag-croisiere","13":"tag-eu","14":"tag-europe","15":"tag-fr","16":"tag-france","17":"tag-lyon","18":"tag-news","19":"tag-republique-francaise","20":"tag-societe","21":"tag-tourisme"},"share_on_mastodon":{"url":"https:\/\/pubeurope.com\/@fr\/115631193026178274","error":""},"_links":{"self":[{"href":"https:\/\/www.europesays.com\/fr\/wp-json\/wp\/v2\/posts\/565947","targetHints":{"allow":["GET"]}}],"collection":[{"href":"https:\/\/www.europesays.com\/fr\/wp-json\/wp\/v2\/posts"}],"about":[{"href":"https:\/\/www.europesays.com\/fr\/wp-json\/wp\/v2\/types\/post"}],"author":[{"embeddable":true,"href":"https:\/\/www.europesays.com\/fr\/wp-json\/wp\/v2\/users\/2"}],"replies":[{"embeddable":true,"href":"https:\/\/www.europesays.com\/fr\/wp-json\/wp\/v2\/comments?post=565947"}],"version-history":[{"count":0,"href":"https:\/\/www.europesays.com\/fr\/wp-json\/wp\/v2\/posts\/565947\/revisions"}],"wp:featuredmedia":[{"embeddable":true,"href":"https:\/\/www.europesays.com\/fr\/wp-json\/wp\/v2\/media\/565948"}],"wp:attachment":[{"href":"https:\/\/www.europesays.com\/fr\/wp-json\/wp\/v2\/media?parent=565947"}],"wp:term":[{"taxonomy":"category","embeddable":true,"href":"https:\/\/www.europesays.com\/fr\/wp-json\/wp\/v2\/categories?post=565947"},{"taxonomy":"post_tag","embeddable":true,"href":"https:\/\/www.europesays.com\/fr\/wp-json\/wp\/v2\/tags?post=565947"}],"curies":[{"name":"wp","href":"https:\/\/api.w.org\/{rel}","templated":true}]}}