{"id":565949,"date":"2025-11-29T04:52:17","date_gmt":"2025-11-29T04:52:17","guid":{"rendered":"https:\/\/www.europesays.com\/fr\/565949\/"},"modified":"2025-11-29T04:52:17","modified_gmt":"2025-11-29T04:52:17","slug":"previsions-du-samedi-29-novembre-2025-6","status":"publish","type":"post","link":"https:\/\/www.europesays.com\/fr\/565949\/","title":{"rendered":"pr\u00e9visions du samedi 29 novembre 2025"},"content":{"rendered":"<p>\u00c0 Lyon, les valeurs seront de 5\u00b0C au plus bas et de 10\u00b0C au plus haut la journ\u00e9e. Une brise de sud-est soufflera l\u00e9g\u00e8rement. Les nuages en pr\u00e9vision le matin, et un ciel encore gris. Du mauvais temps est \u00e0 pr\u00e9voir. Des pluies \u00e9parses vont tomber. Les maximales pourront atteindre 8\u00b0C et les minimales seront de 6\u00b0C. Le soleil appara\u00eet l\u00e9g\u00e8rement l&rsquo;apr\u00e8s-midi. Ces \u00e9claircies devraient faire plaisir aux habitants. Les temp\u00e9ratures afficheront entre 7\u00b0C et 10\u00b0C. Dans la soir\u00e9e, les temp\u00e9ratures tourneront autour des 7\u00b0C. Une nuit pluvieuse vous attendra entre samedi et dimanche.<\/p>\n<p>Demain, \u00e0 Lyon, on sera sous un ciel bien maussade, couvert de nuages. Il va pleuvoir. Une baisse du mercure est \u00e0 craindre. Il va faire environ 7\u00b0C. Le matin, on pr\u00e9voit des valeurs d&rsquo;environ 8\u00b0C. Un l\u00e9ger vent de sud-est soufflera. Les temp\u00e9ratures s&rsquo;\u00e9chelonneront de 6 \u00e0 8\u00b0C sur l&rsquo;ensemble de l&rsquo;apr\u00e8s-midi. Demain soir, le soleil risque d&rsquo;\u00eatre dissimul\u00e9 par des nuages. Une l\u00e9g\u00e8re brise de nord-ouest sera ressentie par les habitants.<\/p>\n<p>La m\u00e9t\u00e9o des journ\u00e9es qui suivent va s&rsquo;am\u00e9liorer. Une m\u00e9t\u00e9o ensoleill\u00e9e, avec des temp\u00e9ratures de 7\u00b0C en moyenne, est pr\u00e9vue.<\/p>\n<p><\/p>\n","protected":false},"excerpt":{"rendered":"\u00c0 Lyon, les valeurs seront de 5\u00b0C au plus bas et de 10\u00b0C au plus haut la journ\u00e9e.&hellip;\n","protected":false},"author":2,"featured_media":565950,"comment_status":"","ping_status":"","sticky":false,"template":"","format":"standard","meta":{"footnotes":""},"categories":[1889],"tags":[1111,11,2430,1777,674,1011,27,2428,12,2119,25],"class_list":{"0":"post-565949","1":"post","2":"type-post","3":"status-publish","4":"format-standard","5":"has-post-thumbnail","7":"category-lyon","8":"tag-actu","9":"tag-actualites","10":"tag-auvergne-rhone-alpes","11":"tag-eu","12":"tag-europe","13":"tag-fr","14":"tag-france","15":"tag-lyon","16":"tag-news","17":"tag-previsions-meteo","18":"tag-republique-francaise"},"share_on_mastodon":{"url":"https:\/\/pubeurope.com\/@fr\/115631196923128259","error":""},"_links":{"self":[{"href":"https:\/\/www.europesays.com\/fr\/wp-json\/wp\/v2\/posts\/565949","targetHints":{"allow":["GET"]}}],"collection":[{"href":"https:\/\/www.europesays.com\/fr\/wp-json\/wp\/v2\/posts"}],"about":[{"href":"https:\/\/www.europesays.com\/fr\/wp-json\/wp\/v2\/types\/post"}],"author":[{"embeddable":true,"href":"https:\/\/www.europesays.com\/fr\/wp-json\/wp\/v2\/users\/2"}],"replies":[{"embeddable":true,"href":"https:\/\/www.europesays.com\/fr\/wp-json\/wp\/v2\/comments?post=565949"}],"version-history":[{"count":0,"href":"https:\/\/www.europesays.com\/fr\/wp-json\/wp\/v2\/posts\/565949\/revisions"}],"wp:featuredmedia":[{"embeddable":true,"href":"https:\/\/www.europesays.com\/fr\/wp-json\/wp\/v2\/media\/565950"}],"wp:attachment":[{"href":"https:\/\/www.europesays.com\/fr\/wp-json\/wp\/v2\/media?parent=565949"}],"wp:term":[{"taxonomy":"category","embeddable":true,"href":"https:\/\/www.europesays.com\/fr\/wp-json\/wp\/v2\/categories?post=565949"},{"taxonomy":"post_tag","embeddable":true,"href":"https:\/\/www.europesays.com\/fr\/wp-json\/wp\/v2\/tags?post=565949"}],"curies":[{"name":"wp","href":"https:\/\/api.w.org\/{rel}","templated":true}]}}