{"id":565955,"date":"2025-11-29T04:57:18","date_gmt":"2025-11-29T04:57:18","guid":{"rendered":"https:\/\/www.europesays.com\/fr\/565955\/"},"modified":"2025-11-29T04:57:18","modified_gmt":"2025-11-29T04:57:18","slug":"top-14-les-compositions-de-clermont-stade-francais-regis-montagne-a-droite-de-la-melee-yoan-tanga-sur-le-banc","status":"publish","type":"post","link":"https:\/\/www.europesays.com\/fr\/565955\/","title":{"rendered":"Top 14 \u2013 Les compositions de Clermont \u2013 Stade fran\u00e7ais\u00a0: R\u00e9gis Montagne \u00e0 droite de la m\u00eal\u00e9e, Yoan Tanga sur le banc"},"content":{"rendered":"<p>\n                Pour la r\u00e9ception du Stade fran\u00e7ais ce samedi (16h35), Clermont pourra compter sur le retour de ses internationaux, \u00e0 commencer par celui de R\u00e9gis Montagne, titulaire \u00e0 droite de la m\u00eal\u00e9e. En face, Yoan Tanga sera sur le banc pour commencer cette rencontre.\n            <\/p>\n<p><strong>Le XV de d\u00e9part de Clermont\u00a0:<\/strong> 15. Hamdaoui\u00a0; 14. Delguy\u00a0; 13. Belaubre, 12. Darricarrere\u00a0; 11. Tauzin\u00a0; 10. Plummer\u00a0; 9. Jauneau (cap.)\u00a0; 7.Hemery, 8. Tolofua, 6. Tixeront\u00a0; 5. Ratuva, 4.Simmons\u00a0; 3. Montagne, 2. Massa, 1. Akhaladze.<\/p>\n<p>Rempla\u00e7ants\u00a0: 16. Fourcade, 17. Lotrian, 18. Lanen, 19. Dessaigne, 20. Zamora, 21. Simone, 22. Newsome, 23. Ojovan.<\/p>\n<p><strong>Le XV de d\u00e9part du Stade fran\u00e7ais\u00a0:<\/strong> 15. Barr\u00e9\u00a0; 14. Laloi, 13.Ward, 12.Nene, 11.Etien\u00a0; 10.Carbonel, 9.Abadie\u00a0; 7.Briatte (cap.), 8.Scelzo, 6.Hirigoyen\u00a0; 5.Pesenti, 4.Azagoh\u00a0; 3.P.Alo-Emile, 2. Nicotera, 1.Abramishvili.<\/p>\n<p>Rempla\u00e7ants\u00a0: 16. Garcia, 17.M.Alo-Emile, 18.Gabrillagues, 19.Halaifonua, 20.Tanga, 21. Kerr-Barlow, 22. Marchant, 23.Melikidze.<\/p>\n","protected":false},"excerpt":{"rendered":"Pour la r\u00e9ception du Stade fran\u00e7ais ce samedi (16h35), Clermont pourra compter sur le retour de ses internationaux,&hellip;\n","protected":false},"author":2,"featured_media":565956,"comment_status":"","ping_status":"","sticky":false,"template":"","format":"standard","meta":{"footnotes":""},"categories":[1888],"tags":[1111,1928,11,1927,1777,674,1011,27,12,1926,626,1925,25],"class_list":{"0":"post-565955","1":"post","2":"type-post","3":"status-publish","4":"format-standard","5":"has-post-thumbnail","7":"category-paris","8":"tag-actu","9":"tag-actu-paris","10":"tag-actualites","11":"tag-actualites-paris","12":"tag-eu","13":"tag-europe","14":"tag-fr","15":"tag-france","16":"tag-news","17":"tag-news-paris","18":"tag-paris","19":"tag-paris-news","20":"tag-republique-francaise"},"share_on_mastodon":{"url":"https:\/\/pubeurope.com\/@fr\/115631216637148983","error":""},"_links":{"self":[{"href":"https:\/\/www.europesays.com\/fr\/wp-json\/wp\/v2\/posts\/565955","targetHints":{"allow":["GET"]}}],"collection":[{"href":"https:\/\/www.europesays.com\/fr\/wp-json\/wp\/v2\/posts"}],"about":[{"href":"https:\/\/www.europesays.com\/fr\/wp-json\/wp\/v2\/types\/post"}],"author":[{"embeddable":true,"href":"https:\/\/www.europesays.com\/fr\/wp-json\/wp\/v2\/users\/2"}],"replies":[{"embeddable":true,"href":"https:\/\/www.europesays.com\/fr\/wp-json\/wp\/v2\/comments?post=565955"}],"version-history":[{"count":0,"href":"https:\/\/www.europesays.com\/fr\/wp-json\/wp\/v2\/posts\/565955\/revisions"}],"wp:featuredmedia":[{"embeddable":true,"href":"https:\/\/www.europesays.com\/fr\/wp-json\/wp\/v2\/media\/565956"}],"wp:attachment":[{"href":"https:\/\/www.europesays.com\/fr\/wp-json\/wp\/v2\/media?parent=565955"}],"wp:term":[{"taxonomy":"category","embeddable":true,"href":"https:\/\/www.europesays.com\/fr\/wp-json\/wp\/v2\/categories?post=565955"},{"taxonomy":"post_tag","embeddable":true,"href":"https:\/\/www.europesays.com\/fr\/wp-json\/wp\/v2\/tags?post=565955"}],"curies":[{"name":"wp","href":"https:\/\/api.w.org\/{rel}","templated":true}]}}