{"id":565957,"date":"2025-11-29T04:58:18","date_gmt":"2025-11-29T04:58:18","guid":{"rendered":"https:\/\/www.europesays.com\/fr\/565957\/"},"modified":"2025-11-29T04:58:18","modified_gmt":"2025-11-29T04:58:18","slug":"jai-vu-quils-sortaient-les-corps-le-choc-apres-lintoxication-mortelle-au-monoxyde-de-carbone-a-noisy-le-sec","status":"publish","type":"post","link":"https:\/\/www.europesays.com\/fr\/565957\/","title":{"rendered":"\u00ab\u00a0J\u2019ai vu qu\u2019ils sortaient les corps\u00a0\u00bb\u00a0: le choc apr\u00e8s l\u2019intoxication mortelle au monoxyde de carbone \u00e0 Noisy-le-Sec"},"content":{"rendered":"<p class=\"paragraph text_align_left lp-f-body-02\">\u00ab Vers 22 heures, j\u2019ai \u00e9t\u00e9 prise de violents maux de t\u00eate mais je me suis dit que \u00e7a finirait par passer. \u00bb Si elle a d\u00e9cid\u00e9 de ne pas y pr\u00eater attention, Jeannette, 63 ans, sentait que quelque chose ne tournait pas rond ce mercredi 26 novembre dans la soir\u00e9e. Elle habite le b\u00e2timent A de la r\u00e9sidence Unisson \u00e0 <a href=\"https:\/\/www.leparisien.fr\/seine-saint-denis-93\/noisy-le-sec-93130\/\" target=\"_self\" rel=\"noopener\">Noisy-le-Sec<\/a> (Seine-Saint-Denis). Avec les autres r\u00e9sidents de cet immeuble de sept \u00e9tages situ\u00e9 au 57, rue L\u00e9o-Lagrange, elle a \u00e9t\u00e9 \u00e9vacu\u00e9e dans la nuit de mercredi \u00e0 jeudi en raison de la propagation de monoxyde de carbone.<\/p>\n<p class=\"paragraph text_align_left lp-f-body-02\"><a href=\"https:\/\/www.leparisien.fr\/seine-saint-denis-93\/deux-ouvriers-meurent-intoxiques-au-monoxyde-de-carbone-a-noisy-le-sec-27-11-2025-VWC4UC272VC2ZB2NGF54CRLVDM.php\" target=\"_self\" rel=\"noopener\">Celle-ci a co\u00fbt\u00e9 la vie \u00e0 deux ouvriers<\/a> dans le local commercial en travaux du rez-de-chauss\u00e9e. \u00ab Ma voisine est venue sonner chez moi avec insistance au beau milieu de la nuit, raconte la sexag\u00e9naire, encore marqu\u00e9e. Quand j\u2019ai ouvert la porte, je l\u2019ai retrouv\u00e9e \u00e9vanouie par terre ! \u00bb Jeannette habite au premier \u00e9tage, juste au-dessus du local d\u2019o\u00f9 provenaient les \u00e9manations.<\/p>\n","protected":false},"excerpt":{"rendered":"\u00ab Vers 22 heures, j\u2019ai \u00e9t\u00e9 prise de violents maux de t\u00eate mais je me suis dit que&hellip;\n","protected":false},"author":2,"featured_media":565958,"comment_status":"","ping_status":"","sticky":false,"template":"","format":"standard","meta":{"footnotes":""},"categories":[1888],"tags":[11,1777,674,1011,27,1944,12,626,25,1945],"class_list":{"0":"post-565957","1":"post","2":"type-post","3":"status-publish","4":"format-standard","5":"has-post-thumbnail","7":"category-paris","8":"tag-actualites","9":"tag-eu","10":"tag-europe","11":"tag-fr","12":"tag-france","13":"tag-ma-ville","14":"tag-news","15":"tag-paris","16":"tag-republique-francaise","17":"tag-seine-saint-denis"},"share_on_mastodon":{"url":"https:\/\/pubeurope.com\/@fr\/115631220570051809","error":""},"_links":{"self":[{"href":"https:\/\/www.europesays.com\/fr\/wp-json\/wp\/v2\/posts\/565957","targetHints":{"allow":["GET"]}}],"collection":[{"href":"https:\/\/www.europesays.com\/fr\/wp-json\/wp\/v2\/posts"}],"about":[{"href":"https:\/\/www.europesays.com\/fr\/wp-json\/wp\/v2\/types\/post"}],"author":[{"embeddable":true,"href":"https:\/\/www.europesays.com\/fr\/wp-json\/wp\/v2\/users\/2"}],"replies":[{"embeddable":true,"href":"https:\/\/www.europesays.com\/fr\/wp-json\/wp\/v2\/comments?post=565957"}],"version-history":[{"count":0,"href":"https:\/\/www.europesays.com\/fr\/wp-json\/wp\/v2\/posts\/565957\/revisions"}],"wp:featuredmedia":[{"embeddable":true,"href":"https:\/\/www.europesays.com\/fr\/wp-json\/wp\/v2\/media\/565958"}],"wp:attachment":[{"href":"https:\/\/www.europesays.com\/fr\/wp-json\/wp\/v2\/media?parent=565957"}],"wp:term":[{"taxonomy":"category","embeddable":true,"href":"https:\/\/www.europesays.com\/fr\/wp-json\/wp\/v2\/categories?post=565957"},{"taxonomy":"post_tag","embeddable":true,"href":"https:\/\/www.europesays.com\/fr\/wp-json\/wp\/v2\/tags?post=565957"}],"curies":[{"name":"wp","href":"https:\/\/api.w.org\/{rel}","templated":true}]}}