{"id":565961,"date":"2025-11-29T05:00:37","date_gmt":"2025-11-29T05:00:37","guid":{"rendered":"https:\/\/www.europesays.com\/fr\/565961\/"},"modified":"2025-11-29T05:00:37","modified_gmt":"2025-11-29T05:00:37","slug":"degats-sur-la-plateforme-de-lancement-soyouz-ms-28-pourquoi-la-russie-pourrait-perdre-ses-vols-habites-depuis-baikonour","status":"publish","type":"post","link":"https:\/\/www.europesays.com\/fr\/565961\/","title":{"rendered":"D\u00e9g\u00e2ts sur la plateforme de lancement Soyouz MS-28\u00a0: pourquoi la Russie pourrait perdre ses vols habit\u00e9s depuis Ba\u00efkonour\u00a0?"},"content":{"rendered":"<p class=\"paragraph text_align_left lp-f-body-02\">Un vaisseau spatial russe Soyouz MS-28 avec \u00e0 son bord deux cosmonautes russes et un astronaute de la Nasa s\u2019est arrim\u00e9 avec succ\u00e8s<a href=\"https:\/\/www.leparisien.fr\/sciences\/elle-a-mis-toutes-les-chances-de-son-cote-sophie-adenot-femme-astronaute-dans-un-monde-historiquement-masculin-25-11-2025-46E636RN6JF3ZAE6LFLEIMLSOE.php\" target=\"_blank\" rel=\"noreferrer noopener\"> \u00e0 la Station spatiale international<\/a>e jeudi soir, a annonc\u00e9 l\u2019agence spatiale russe Roscosmos.<\/p>\n<p class=\"paragraph text_align_left lp-f-body-02\">Mais l\u2019agence a ensuite indiqu\u00e9 que la rampe de lancement du cosmodrome <a href=\"https:\/\/www.leparisien.fr\/societe\/dans-les-coulisses-de-bai-konour-17-11-2016-6337941.php\" target=\"_blank\" rel=\"noreferrer noopener\">de Ba\u00efkonour au Kazakhstan<\/a> avait subi des dommages lors du lancement. Elle a pr\u00e9cis\u00e9 que \u00ab ces dommages seraient rapidement r\u00e9par\u00e9s \u00bb. Jeudi soir, les agences de presse russes ont cit\u00e9 Roscosmos, qui a d\u00e9clar\u00e9 que le lancement s\u2019\u00e9tait d\u00e9roul\u00e9 sans incident, mais que des dommages avaient \u00e9t\u00e9 constat\u00e9s apr\u00e8s une inspection de la zone de lancement.<\/p>\n<p class=\"paragraph text_align_left lp-f-body-02\">\u00ab Des dommages ont \u00e9t\u00e9 d\u00e9tect\u00e9s sur plusieurs \u00e9l\u00e9ments de la rampe de lancement. Une \u00e9valuation de l\u2019\u00e9tat du complexe de lancement est en cours \u00bb, ont d\u00e9clar\u00e9 les agences, citant Roscosmos. \u00ab Tous les \u00e9l\u00e9ments de r\u00e9serve n\u00e9cessaires sont disponibles pour le restaurer et les dommages seront tr\u00e8s bient\u00f4t r\u00e9par\u00e9s \u00bb, ont-ils essay\u00e9 de rassurer.<\/p>\n<p>La remise en \u00e9tat de la rampe de lancement pose question<\/p>\n<p class=\"paragraph text_align_left lp-f-body-02\">Mais le doute anime les observateurs internationaux sur la r\u00e9alit\u00e9 des d\u00e9g\u00e2ts qui pourraient bien plus importants que ceux indiqu\u00e9s par Moscou. Les observations en cours sugg\u00e8rent que la plateforme d\u2019acc\u00e8s de service s\u2019est effondr\u00e9e apr\u00e8s l\u2019incident, selon le site sp\u00e9cialis\u00e9 <a href=\"https:\/\/www.russianspaceweb.com\/baikonur_r7_31.html#cabin\" target=\"_self\" rel=\"noopener\">Russian Space Web<\/a>.<\/p>\n<p class=\"paragraph text_align_left lp-f-body-02\">A priori, tout un pan de la \u00ab table de lancement \u00bb soit tomb\u00e9 \u00e0 l\u2019int\u00e9rieur du syst\u00e8me de lancement l\u00e0 o\u00f9 les flammes du syst\u00e8me de propulsion envoient toutes leur puissance. Le \u00ab pad 31\/6 \u00bb est le seul capable d\u2019envoyer des cosmonautes vers l\u2019ISS. Sur des images partag\u00e9es sur les r\u00e9seaux sociaux par des sp\u00e9cialistes, on devine en effet que le fond de la tranch\u00e9e appara\u00eet d\u00e9sormais d\u00e9sordonn\u00e9 et en mauvais \u00e9tat.<\/p>\n<blockquote class=\"twitter-tweet\">\n<p lang=\"fr\" dir=\"ltr\">Un incident s\u00e9rieux s\u2019est produit au cosmodrome de Ba\u00efkonour, au Kazakhstan, o\u00f9 la rampe de lancement 31\/6 a \u00e9t\u00e9 fortement endommag\u00e9e lors du dernier tir d\u2019une fus\u00e9e Soyouz. Ce pas de tir, le seul encore op\u00e9rationnel pour les missions habit\u00e9es et les cargos Progress, est\u2026 <a href=\"https:\/\/t.co\/0ISJnZuc6h\">pic.twitter.com\/0ISJnZuc6h<\/a><\/p>\n<p>\u2014 Christophe Tymowski (@Christophe_Tymo) <a href=\"https:\/\/twitter.com\/Christophe_Tymo\/status\/1994359800763723835?ref_src=twsrc%5Etfw\" target=\"_blank\" rel=\"noopener\">November 28, 2025<\/a><\/p><\/blockquote>\n<p class=\"paragraph text_align_left lp-f-body-02\">La remise en \u00e9tat de la rampe de lancement pose question. Certains experts comme Anatoly Zak, un bon connaisseur du programme spatial russe, \u00e9voque une p\u00e9riode qui pourrait durer jusqu\u2019\u00e0\u2026 deux ans ! Les r\u00e9parations si elles duraient deux ans, laisseraient Moscou sans acc\u00e8s direct \u00e0 l\u2019espace pour une p\u00e9riode ind\u00e9termin\u00e9e\u2026<\/p>\n<p>La station ISS coup\u00e9e du monde ?<\/p>\n<p class=\"paragraph text_align_left lp-f-body-02\">Plus qu\u2019un caillou dans la chaussure de Vladimir Poutine dans le cadre de son offensive en Ukraine et sa communication \u00ab spatiale \u00bb. L\u2019astrophysicien Scott Manley <a href=\"https:\/\/x.com\/DJSnM\/status\/1994116468217434227\" target=\"_blank\" rel=\"noreferrer\">assure<\/a> que \u00ab si les astronautes peuvent toujours acc\u00e9der \u00e0 l\u2019ISS via SpaceX, le maintien de l\u2019orbite et le contr\u00f4le d\u2019attitude de l\u2019ISS d\u00e9pendent des vaisseaux spatiaux Progress qui utilisent cette plateforme \u00bb, rappelle le site <a href=\"https:\/\/www.numerama.com\/sciences\/2129633-incident-soyouz-ms-28-que-sest-il-passe-a-baikonour-et-pourquoi-la-russie-risque-de-perdre-ses-vols-habites.html\" target=\"_blank\" rel=\"noreferrer noopener\">Numerama<\/a>.<\/p>\n<p class=\"paragraph text_align_left lp-f-body-02\">Dans un contexte spatial plus global c\u2019est un probl\u00e8me non n\u00e9gligeable pour la Station spatiale internationale qui pourrait rencontrer des difficult\u00e9s \u00e0 rapatrier sur Terre ses actuels habitants et provoquer une solution de secours am\u00e9ricaine d\u2019urgence par du go\u00fbt des autorit\u00e9s.<\/p>\n<p class=\"paragraph text_align_left lp-f-body-02\">Les prochains lancements de vaisseaux spatiaux Soyouz et Progress sont d\u2019ores et d\u00e9j\u00e0 compromis. Le vol du programme Progress, qui consiste \u00e0 ravitailler l\u2019ISS, dont le prochain tir (Progress MS-33) est attendu en th\u00e9orie fin d\u00e9cembre, toujours depuis Ba\u00efkonour, soufre d\u2019un risque d\u2019annulation important.<\/p>\n<p><script async src=\"https:\/\/platform.twitter.com\/widgets.js\" charset=\"utf-8\"><\/script><\/p>\n","protected":false},"excerpt":{"rendered":"Un vaisseau spatial russe Soyouz MS-28 avec \u00e0 son bord deux cosmonautes russes et un astronaute de la&hellip;\n","protected":false},"author":2,"featured_media":565962,"comment_status":"","ping_status":"","sticky":false,"template":"","format":"standard","meta":{"footnotes":""},"categories":[1591],"tags":[11,1887,12,1885,1886,132,41,2955],"class_list":{"0":"post-565961","1":"post","2":"type-post","3":"status-publish","4":"format-standard","5":"has-post-thumbnail","7":"category-russie","8":"tag-actualites","9":"tag-federation-de-russie","10":"tag-news","11":"tag-russia","12":"tag-russian-federation","13":"tag-russie","14":"tag-sciences","15":"tag-videos"},"share_on_mastodon":{"url":"https:\/\/pubeurope.com\/@fr\/115631228472660339","error":""},"_links":{"self":[{"href":"https:\/\/www.europesays.com\/fr\/wp-json\/wp\/v2\/posts\/565961","targetHints":{"allow":["GET"]}}],"collection":[{"href":"https:\/\/www.europesays.com\/fr\/wp-json\/wp\/v2\/posts"}],"about":[{"href":"https:\/\/www.europesays.com\/fr\/wp-json\/wp\/v2\/types\/post"}],"author":[{"embeddable":true,"href":"https:\/\/www.europesays.com\/fr\/wp-json\/wp\/v2\/users\/2"}],"replies":[{"embeddable":true,"href":"https:\/\/www.europesays.com\/fr\/wp-json\/wp\/v2\/comments?post=565961"}],"version-history":[{"count":0,"href":"https:\/\/www.europesays.com\/fr\/wp-json\/wp\/v2\/posts\/565961\/revisions"}],"wp:featuredmedia":[{"embeddable":true,"href":"https:\/\/www.europesays.com\/fr\/wp-json\/wp\/v2\/media\/565962"}],"wp:attachment":[{"href":"https:\/\/www.europesays.com\/fr\/wp-json\/wp\/v2\/media?parent=565961"}],"wp:term":[{"taxonomy":"category","embeddable":true,"href":"https:\/\/www.europesays.com\/fr\/wp-json\/wp\/v2\/categories?post=565961"},{"taxonomy":"post_tag","embeddable":true,"href":"https:\/\/www.europesays.com\/fr\/wp-json\/wp\/v2\/tags?post=565961"}],"curies":[{"name":"wp","href":"https:\/\/api.w.org\/{rel}","templated":true}]}}