{"id":565969,"date":"2025-11-29T05:04:34","date_gmt":"2025-11-29T05:04:34","guid":{"rendered":"https:\/\/www.europesays.com\/fr\/565969\/"},"modified":"2025-11-29T05:04:34","modified_gmt":"2025-11-29T05:04:34","slug":"le-vent-en-poupe-le-parti-dextreme-droite-allemand-afd-refonde-sa-jeunesse","status":"publish","type":"post","link":"https:\/\/www.europesays.com\/fr\/565969\/","title":{"rendered":"Le vent en poupe, le parti d&rsquo;extr\u00eame droite allemand AfD refonde sa jeunesse"},"content":{"rendered":"\n<p>En plein essor, le parti d&rsquo;extr\u00eame droite Alternative pour l&rsquo;Allemagne (AfD) va former ce weekend sa nouvelle organisation de jeunesse, apr\u00e8s avoir d\u00fb dissoudre la pr\u00e9c\u00e9dente \u00e0 cause de son radicalisme.<\/p>\n<p>Le congr\u00e8s de l&rsquo;AfD pr\u00e9vu samedi et dimanche \u00e0 Giessen, non loin de Francfort, sera encadr\u00e9 par un important dispositif policier, les d\u00e9tracteurs de la formation antimigrants et prorusse esp\u00e9rant r\u00e9unir des dizaines de milliers de manifestants. <\/p>\n<p>Devenue le deuxi\u00e8me parti d&rsquo;Allemagne et la premi\u00e8re force d&rsquo;opposition lors des l\u00e9gislatives de f\u00e9vrier, l&rsquo;AfD se met en ordre de bataille avant une s\u00e9rie d&rsquo;\u00e9lections r\u00e9gionales en 2026 qu&rsquo;elle esp\u00e8re remporter, en particulier dans ses bastions de l&rsquo;est.<\/p>\n<p>Le parti r\u00e9unit un millier de d\u00e9l\u00e9gu\u00e9s lors d&rsquo;un congr\u00e8s d\u00e9butant \u00e0 9H00 GMT pour d\u00e9signer les cadres de sa nouvelle organisation de jeunesse, adopter ses statuts, choisir un nom et un logo.<\/p>\n<p>Il s&rsquo;agit de remplacer la d\u00e9funte \u00ab\u00a0Junge Alternative\u00a0\u00bb (Jeune Alternative) que l&rsquo;AfD avait d\u00e9cid\u00e9 de dissoudre en d\u00e9but d&rsquo;ann\u00e9e, car le mouvement aux 4.300 membres risquait l&rsquo;interdiction pour extr\u00e9misme et d&rsquo;entra\u00eener avec elle le parti.<\/p>\n<p>On lui reprochait la promotion d&rsquo;id\u00e9es x\u00e9nophobes et divers scandales, allant du chant raciste \u00e0 l&rsquo;organisation d&rsquo;entra\u00eenements paramilitaires.<\/p>\n<p>La direction de l&rsquo;AfD veut d\u00e9sormais une organisation jeunesse nettement plus sous son contr\u00f4le mais toujours en lien avec les mouvances les plus radicales.<\/p>\n<p>Elle \u00ab\u00a0continuera \u00e0 entretenir des contacts \u00e9troits avec d&rsquo;autres milieux d&rsquo;extr\u00eame droite et \u00e0 coop\u00e9rer avec eux\u00a0\u00bb, pr\u00e9dit aupr\u00e8s de l&rsquo;AFP Fabian Virchow, professeur \u00e0 l&rsquo;universit\u00e9 de D\u00fcsseldorf et sp\u00e9cialiste de ces mouvements.<\/p>\n<p>\u00ab\u00a0Le parti-m\u00e8re pourra agir avec plus de mod\u00e9ration, sans avoir \u00e0 perdre ses partisans les plus radicaux\u00a0\u00bb, abonde le politologue Stefan Marschall.<\/p>\n<p>  Jugend Germania<\/p>\n<p>Car l&rsquo;AfD cherche \u00e0 la fois \u00e0 lisser son image pour gagner en popularit\u00e9 dans l&rsquo;ouest du pays, o\u00f9 les \u00e9lecteurs r\u00e9pugnent, bien plus qu&rsquo;\u00e0 l&rsquo;est, \u00e0 voter pour un parti li\u00e9 \u00e0 la fois \u00e0 des n\u00e9onazis et \u00e0 la Russie.  <\/p>\n<p>Les d\u00e9l\u00e9gu\u00e9s devront choisir un nom. Parmi les propositions, \u00ab\u00a0Generation Deutschland\u00a0\u00bb, \u00ab\u00a0Jugend Germania\u00a0\u00bb ou reprendre \u00ab\u00a0Junge Alternative\u00a0\u00bb.<\/p>\n<p>C\u00f4t\u00e9 logo, l&rsquo;assembl\u00e9e doit se prononcer sur \u00ab\u00a0un blason rouge bord\u00e9 d&rsquo;or surmont\u00e9 d&rsquo;une croix noire elle-m\u00eame surmont\u00e9e d&rsquo;un aigle dor\u00e9\u00a0\u00bb, d&rsquo;apr\u00e8s un descriptif de l&rsquo;AfD.<\/p>\n<tr>\n<td>\n          <img decoding=\"async\" src=\"https:\/\/www.europesays.com\/fr\/wp-content\/uploads\/2025\/11\/a1d8c368f01395047abdf9483a66a75e48499bde.jpg\" title=\"La co-leader du parti AfD, Alice Weidel, au Bundestag, le 16 octobre 2025 - AFP\/Archives\" alt=\"AFP\/Archives\" onerror=\"this.style.display='none'\"\/>\n        <\/td>\n<td>\n<p class=\"copyright\">\u00a9 AFP\/Archives<\/p>\n<p class=\"caption\">La co-leader du parti AfD, Alice Weidel, au Bundestag, le 16 octobre 2025<\/p>\n<\/td>\n<\/tr>\n<p>\u00ab\u00a0L&rsquo;aigle symbolise notre nation allemande, pour laquelle nous br\u00fblons de passion, la croix repr\u00e9sente l&rsquo;Occident et ses valeurs, que nous d\u00e9fendons avec ardeur\u00a0\u00bb, explique le document.<\/p>\n<p>Le blason aux couleurs de l&rsquo;Allemagne s&rsquo;inscrit \u00ab\u00a0dans une tradition patriotique et conservatrice de droite que nous voulons raviver\u00a0\u00bb.<\/p>\n<p>Les d\u00e9l\u00e9gu\u00e9s devraient d\u00e9signer comme chef Jean-Pascal Hohm, 28 ans, un d\u00e9put\u00e9 r\u00e9gional du Brandebourg, un bastion de l&rsquo;AfD dans l&rsquo;Est.<\/p>\n<p>Selon le professeur Virchow, les cadres du mouvement de jeunesse \u00ab\u00a0proviennent d&rsquo;un milieu d&rsquo;extr\u00eame droite o\u00f9 se c\u00f4toient d&rsquo;ex-militants du mouvement identitaire, des corporations \u00e9tudiantes, ainsi que des individus issus du n\u00e9onazisme et de groupes ethno-nationalistes\u00a0\u00bb. <\/p>\n<p>D\u00e9non\u00e7ant ce congr\u00e8s fondateur, une vingtaine d&rsquo;organisations ont lanc\u00e9 un appel \u00e0 manifester \u00e0 Giessen samedi, esp\u00e9rant bloquer l&rsquo;acc\u00e8s au lieu de la r\u00e9union, m\u00eame si les manifestations ont \u00e9t\u00e9 interdites dans cette partie de la ville pour pr\u00e9venir les d\u00e9bordements. <\/p>\n<p>Les organisateurs esp\u00e8rent rassembler 57.000 personnes, a indiqu\u00e9 \u00e0 l&rsquo;AFP la police, qui a pr\u00e9vu un dispositif exceptionnel impliquant des milliers d&rsquo;agents.<\/p>\n<p>Anna Walldorf a pr\u00e9vu de manifester, jugeant la d\u00e9mocratie en danger. Elle \u00ab\u00a0ne va plus de soi, et il est temps d&rsquo;envoyer un signal fort\u00a0\u00bb, dit l&rsquo;\u00e9tudiante de 29 ans \u00e0 l&rsquo;AFP.<\/p>\n<p>L&rsquo;Allemagne, marqu\u00e9e par son pass\u00e9 nazi, a longtemps r\u00e9sist\u00e9 \u00e0 l&rsquo;essor \u00e9lectoral de l&rsquo;extr\u00eame droite. Mais la crise migratoire de 2015, puis des attaques islamistes et des crimes commis par des \u00e9trangers ont aliment\u00e9 la popularit\u00e9 de l&rsquo;AfD.<\/p>\n<p>Le parti est d\u00e9sormais en t\u00eate des sondages, devant la CDU du chancelier Friedrich Merz. Celui-ci a r\u00e9agi par un tour de vis migratoire, mais a maintenu la strat\u00e9gie du \u00ab\u00a0pare-feu\u00a0\u00bb qui veut qu&rsquo;aucun parti ne s&rsquo;allie avec une formation jug\u00e9e raciste, antid\u00e9mocratique et pro-Kremlin.<\/p>\n","protected":false},"excerpt":{"rendered":"En plein essor, le parti d&rsquo;extr\u00eame droite Alternative pour l&rsquo;Allemagne (AfD) va former ce weekend sa nouvelle organisation&hellip;\n","protected":false},"author":2,"featured_media":565970,"comment_status":"","ping_status":"","sticky":false,"template":"","format":"standard","meta":{"footnotes":""},"categories":[1587],"tags":[11,672,1804,1805,1803,1777,674,1801,12,1802],"class_list":{"0":"post-565969","1":"post","2":"type-post","3":"status-publish","4":"format-standard","5":"has-post-thumbnail","7":"category-allemagne","8":"tag-actualites","9":"tag-allemagne","10":"tag-bundesrepublik-deutschland","11":"tag-de","12":"tag-deutschland","13":"tag-eu","14":"tag-europe","15":"tag-germany","16":"tag-news","17":"tag-republique-federale-dallemagne"},"share_on_mastodon":{"url":"https:\/\/pubeurope.com\/@fr\/115631244887712937","error":""},"_links":{"self":[{"href":"https:\/\/www.europesays.com\/fr\/wp-json\/wp\/v2\/posts\/565969","targetHints":{"allow":["GET"]}}],"collection":[{"href":"https:\/\/www.europesays.com\/fr\/wp-json\/wp\/v2\/posts"}],"about":[{"href":"https:\/\/www.europesays.com\/fr\/wp-json\/wp\/v2\/types\/post"}],"author":[{"embeddable":true,"href":"https:\/\/www.europesays.com\/fr\/wp-json\/wp\/v2\/users\/2"}],"replies":[{"embeddable":true,"href":"https:\/\/www.europesays.com\/fr\/wp-json\/wp\/v2\/comments?post=565969"}],"version-history":[{"count":0,"href":"https:\/\/www.europesays.com\/fr\/wp-json\/wp\/v2\/posts\/565969\/revisions"}],"wp:featuredmedia":[{"embeddable":true,"href":"https:\/\/www.europesays.com\/fr\/wp-json\/wp\/v2\/media\/565970"}],"wp:attachment":[{"href":"https:\/\/www.europesays.com\/fr\/wp-json\/wp\/v2\/media?parent=565969"}],"wp:term":[{"taxonomy":"category","embeddable":true,"href":"https:\/\/www.europesays.com\/fr\/wp-json\/wp\/v2\/categories?post=565969"},{"taxonomy":"post_tag","embeddable":true,"href":"https:\/\/www.europesays.com\/fr\/wp-json\/wp\/v2\/tags?post=565969"}],"curies":[{"name":"wp","href":"https:\/\/api.w.org\/{rel}","templated":true}]}}