{"id":565973,"date":"2025-11-29T05:06:20","date_gmt":"2025-11-29T05:06:20","guid":{"rendered":"https:\/\/www.europesays.com\/fr\/565973\/"},"modified":"2025-11-29T05:06:20","modified_gmt":"2025-11-29T05:06:20","slug":"laudition-la-plus-weird-que-jai-passee-de-ma-vie-patrice-lecuyer-raconte-comment-il-a-eu-le-role-de-clovis-dans-blanche","status":"publish","type":"post","link":"https:\/\/www.europesays.com\/fr\/565973\/","title":{"rendered":"\u00abL\u2019audition la plus weird que j\u2019ai pass\u00e9e de ma vie\u00bb: Patrice L\u2019\u00c9cuyer raconte comment il a eu le r\u00f4le de Clovis dans \u00abBlanche\u00bb"},"content":{"rendered":"<p><strong>De passage aux <\/strong><strong>Enfants de la t\u00e9l\u00e9 <\/strong><strong>dans le cadre d\u2019une \u00e9mission consacr\u00e9e \u00e0 Pascale Bussi\u00e8res, Patrice L\u2019\u00c9cuyer s\u2019est rem\u00e9mor\u00e9 un moment bizarre de sa carri\u00e8re.<br \/><\/strong><br \/>Artiste polyvalent ayant \u00e9volu\u00e9 autant dans le r\u00f4le d\u2019animateur (aux D\u00e9tecteurs de mensonges, notamment) que dans celui d\u2019humoriste (qui ne se souvient pas de son spectacle Merci beaucoup avec Bernard Fortin?), Patrice L\u2019\u00c9cuyer a d\u2019abord \u00e9t\u00e9 connu comme acteur.<\/p>\n<p class=\"toreadalso-fromEMP\"><strong>\u2022 \u00c0 lire aussi: <\/strong><a href=\"https:\/\/www.lesacdechips.com\/2025\/09\/29\/patrice-lecuyer-partage-une-drole-de-photo-ou-tout-ecartille-il-nous-donne-un-splendide-apercu-de-sa-fourche\" target=\"b894f63b-7329-4f88-bfa6-3e29de9490e4\" rel=\"noopener\"><strong>Patrice L\u2019\u00c9cuyer partage une dr\u00f4le de photo o\u00f9, tout \u00e9cartill\u00e9, il nous donne un splendide aper\u00e7u de sa fourche<\/strong><\/a><\/p>\n<p class=\"toreadalso-fromEMP\"><strong>\u2022 \u00c0 lire aussi: <\/strong><a href=\"https:\/\/www.lesacdechips.com\/2025\/06\/02\/patrice-lecuyer-a-deja-ete-recherche-par-la-grc\" target=\"5c1aeb1a-98e7-4a71-9c33-761b00f9bebd\" rel=\"noopener\"><strong>Patrice L\u2019\u00c9cuyer a d\u00e9j\u00e0 \u00e9t\u00e9 recherch\u00e9 par la GRC <\/strong><\/a><\/p>\n<p>Les plus \u00e2g\u00e9s se souviennent de lui dans La Bonne Aventure&#8230; et les moyennement \u00e2g\u00e9s l\u2019ont plut\u00f4t d\u00e9couvert lorsqu\u2019il a interpr\u00e9t\u00e9 Clovis Lauz\u00e9, l\u2019amoureux du personnage principal de la s\u00e9rie Blanche, en 1993.<\/p>\n<p>L\u2019\u00c9cuyer a relat\u00e9, sur le plateau des Enfants de la t\u00e9l\u00e9, comment il a su qu\u2019il avait le r\u00f4le.<\/p>\n<p><a href=\"https:\/\/www.youtube.com\/playlist?list=PL_XlDAMOYaWOyx1VifUcH_8iKMtO77L57\" target=\"_blank\" rel=\"noopener\"><br \/>\n    <img decoding=\"async\" src=\"https:\/\/www.europesays.com\/fr\/wp-content\/uploads\/2025\/09\/c337162e-0df1-4228-86f1-dd22d05ad18b_bloc_cliquables2.gif\" class=\"logoJe\"\/><br \/>\n<\/a><\/p>\n<p>\u00abD\u2019ailleurs, c\u2019est l\u2019audition la plus weird que j\u2019ai pass\u00e9e de ma vie\u00bb, a dit celui qui, cet \u00e9t\u00e9-l\u00e0, avait d\u00fb convaincre le r\u00e9alisateur Charles Binam\u00e9 de lui confier le r\u00f4le du partenaire amoureux de celle qui \u00e9tait jou\u00e9e par Pascale Bussi\u00e8res.<\/p>\n<p>Et c\u2019est autour d\u2019un cornet, dans le Vieux-Montr\u00e9al, que \u00e7a s\u2019est conclu:<\/p>\n<p>L\u2019\u00e9pisode complet est disponible sur <a href=\"https:\/\/ici.tou.tv\/les-enfants-de-la-tele\/s16e12\" target=\"_blank\" rel=\"noopener\"><br \/>\n    Tou.TV<\/a><\/p>\n","protected":false},"excerpt":{"rendered":"De passage aux Enfants de la t\u00e9l\u00e9 dans le cadre d\u2019une \u00e9mission consacr\u00e9e \u00e0 Pascale Bussi\u00e8res, Patrice L\u2019\u00c9cuyer&hellip;\n","protected":false},"author":2,"featured_media":565974,"comment_status":"","ping_status":"","sticky":false,"template":"","format":"standard","meta":{"footnotes":""},"categories":[1586],"tags":[11,1777,674,1779,1011,27,12,25,1778,364],"class_list":{"0":"post-565973","1":"post","2":"type-post","3":"status-publish","4":"format-standard","5":"has-post-thumbnail","7":"category-europe","8":"tag-actualites","9":"tag-eu","10":"tag-europe","11":"tag-european-union","12":"tag-fr","13":"tag-france","14":"tag-news","15":"tag-republique-francaise","16":"tag-ue","17":"tag-union-europeenne"},"share_on_mastodon":{"url":"https:\/\/pubeurope.com\/@fr\/115631252626594199","error":""},"_links":{"self":[{"href":"https:\/\/www.europesays.com\/fr\/wp-json\/wp\/v2\/posts\/565973","targetHints":{"allow":["GET"]}}],"collection":[{"href":"https:\/\/www.europesays.com\/fr\/wp-json\/wp\/v2\/posts"}],"about":[{"href":"https:\/\/www.europesays.com\/fr\/wp-json\/wp\/v2\/types\/post"}],"author":[{"embeddable":true,"href":"https:\/\/www.europesays.com\/fr\/wp-json\/wp\/v2\/users\/2"}],"replies":[{"embeddable":true,"href":"https:\/\/www.europesays.com\/fr\/wp-json\/wp\/v2\/comments?post=565973"}],"version-history":[{"count":0,"href":"https:\/\/www.europesays.com\/fr\/wp-json\/wp\/v2\/posts\/565973\/revisions"}],"wp:featuredmedia":[{"embeddable":true,"href":"https:\/\/www.europesays.com\/fr\/wp-json\/wp\/v2\/media\/565974"}],"wp:attachment":[{"href":"https:\/\/www.europesays.com\/fr\/wp-json\/wp\/v2\/media?parent=565973"}],"wp:term":[{"taxonomy":"category","embeddable":true,"href":"https:\/\/www.europesays.com\/fr\/wp-json\/wp\/v2\/categories?post=565973"},{"taxonomy":"post_tag","embeddable":true,"href":"https:\/\/www.europesays.com\/fr\/wp-json\/wp\/v2\/tags?post=565973"}],"curies":[{"name":"wp","href":"https:\/\/api.w.org\/{rel}","templated":true}]}}