{"id":566007,"date":"2025-11-29T05:30:15","date_gmt":"2025-11-29T05:30:15","guid":{"rendered":"https:\/\/www.europesays.com\/fr\/566007\/"},"modified":"2025-11-29T05:30:15","modified_gmt":"2025-11-29T05:30:15","slug":"le-canada-a-t-il-renonce-a-ses-ambitions-climatiques-au-profit-de-leconomie","status":"publish","type":"post","link":"https:\/\/www.europesays.com\/fr\/566007\/","title":{"rendered":"Le Canada a-t-il renonc\u00e9 \u00e0 ses ambitions climatiques au profit de l\u2019\u00e9conomie\u00a0?"},"content":{"rendered":"<p>Confront\u00e9 aux <a href=\"https:\/\/www.20minutes.fr\/economie\/droits-douane-americains\/\" target=\"_blank\" class=\"c-link c-link--is-underlined\" rel=\"noopener\">droits de douane<\/a> impos\u00e9s par <a href=\"https:\/\/www.20minutes.fr\/dossier\/donald_trump\" target=\"_blank\" class=\"c-link c-link--is-underlined\" rel=\"noopener\">Donald Trump<\/a> et \u00e0 une \u00e9conomie en perte de vitesse, le Premier ministre Mark Carney engage le <a href=\"https:\/\/www.20minutes.fr\/dossier\/canada\" target=\"_blank\" class=\"c-link c-link--is-underlined\" rel=\"noopener\">Canada<\/a> dans une nouvelle trajectoire \u00e9nerg\u00e9tique centr\u00e9e sur le p\u00e9trole. Une orientation qui rompt avec l\u2019\u00e8re <a href=\"https:\/\/www.20minutes.fr\/monde\/justin-trudeau\/\" target=\"_blank\" class=\"c-link c-link--is-underlined\" rel=\"noopener\">Trudeau<\/a> et suscite une onde de choc politique, environnementale et autochtone. D\u00e8s son arriv\u00e9e au pouvoir en mars, il avait donn\u00e9 le ton en abolissant la <a href=\"https:\/\/www.20minutes.fr\/dossier\/taxe_carbone\" target=\"_blank\" class=\"c-link c-link--is-underlined\" rel=\"noopener\">taxe carbone<\/a> pour les particuliers, mesure embl\u00e9matique de son pr\u00e9d\u00e9cesseur.<\/p>\n<p>Le tournant s\u2019est cristallis\u00e9 cette semaine avec l\u2019annonce d\u2019un accord f\u00e9d\u00e9ral avec la province de l\u2019Alberta pr\u00e9voyant un nouvel ol\u00e9oduc. Cette entente marque aussi l\u2019abandon du plafonnement des \u00e9missions du secteur <a href=\"https:\/\/www.20minutes.fr\/dossier\/petrole\" target=\"_blank\" class=\"c-link c-link--is-underlined\" rel=\"noopener\">p\u00e9trolier<\/a> et <a href=\"https:\/\/www.20minutes.fr\/dossier\/gaz\" target=\"_blank\" class=\"c-link c-link--is-underlined\" rel=\"noopener\">gazier<\/a>, dispositif port\u00e9 auparavant par Steven Guilbeault. Ce dernier a d\u00e9missionn\u00e9 jeudi, d\u00e9non\u00e7ant \u00ab\u00a0une tr\u00e8s grave erreur\u00a0\u00bb et affirmant \u00eatre \u00ab\u00a0en profond d\u00e9saccord\u00a0\u00bb avec cette strat\u00e9gie. L\u2019ancien militant <a href=\"https:\/\/www.20minutes.fr\/dossier\/ecologie\" target=\"_blank\" class=\"c-link c-link--is-underlined\" rel=\"noopener\">\u00e9cologiste<\/a> ajoute dans sa lettre que \u00ab\u00a0les enjeux environnementaux doivent demeurer \u00e0 l\u2019avant-sc\u00e8ne\u00a0\u00bb.<\/p>\n<p>L\u2019un des plus gros \u00e9metteurs de gaz \u00e0 effet de serre<\/p>\n<p>Du c\u00f4t\u00e9 de l\u2019Alberta, province pilier de l\u2019industrie p\u00e9troli\u00e8re, la r\u00e9action est inverse. La Premi\u00e8re ministre Danielle Smith a salu\u00e9 \u00ab\u00a0le virage \u00e0 180 degr\u00e9s\u00a0\u00bb du gouvernement f\u00e9d\u00e9ral. Tim McMillan, ex-pr\u00e9sident du principal lobby p\u00e9trolier, estime que \u00ab\u00a0le Canada doit miser sur ses forces\u00a0\u00bb apr\u00e8s \u00ab\u00a010 ans de projets annul\u00e9s et de baisse du <a href=\"https:\/\/www.20minutes.fr\/economie\/pib\/\" target=\"_blank\" class=\"c-link c-link--is-underlined\" rel=\"noopener\">PIB<\/a> et du niveau de vie\u00a0\u00bb, aggrav\u00e9s selon lui par les tarifs am\u00e9ricains.<\/p>\n<\/p>\n<p>Sur la sc\u00e8ne internationale, le repositionnement du Canada interroge alors que le pays figure parmi les plus gros <a href=\"https:\/\/www.20minutes.fr\/dossier\/gaz_a_effet_de_serre\" target=\"_blank\" class=\"c-link c-link--is-underlined\" rel=\"noopener\">\u00e9metteurs de gaz \u00e0 effet de serre<\/a> par habitant. Entre\u00a02005 et\u00a02023, ses \u00e9missions n\u2019ont recul\u00e9 que de 8,5\u00a0%, loin des \u2212 40 \u00e0 \u2212 45\u00a0% pr\u00e9vus en\u00a02030. L\u2019Institut climatique du Canada avertissait d\u00e9j\u00e0 cet automne que les nouvelles politiques risquaient de faire repartir les \u00e9missions \u00e0 la hausse.<\/p>\n<p>Contestation des associations et des autochtones<\/p>\n<p>Pour r\u00e9pondre aux critiques, Mark Carney a mis en avant le lancement annonc\u00e9 du \u00ab\u00a0plus grand projet de captage de carbone au monde\u00a0\u00bb, une technologie dont l\u2019efficacit\u00e9 continue pourtant de faire d\u00e9bat. Certains observateurs notent \u00e9galement un changement d\u2019attitude\u00a0: \u00ab\u00a0Il y a cinq ou six ans, Mark Carney d\u00e9fendait l\u2019<a href=\"https:\/\/www.20minutes.fr\/planete\/environnement\/\" target=\"_blank\" class=\"c-link c-link--is-underlined\" rel=\"noopener\">environnement<\/a> de fa\u00e7on plus ardente\u00a0\u00bb, analyse Duane Bratt, politologue \u00e0 l\u2019Universit\u00e9 Mount Royal.<\/p>\n<p><a href=\"https:\/\/www.20minutes.fr\/dossier\/canada\" target=\"_blank\" class=\"c-link c-btn c-btn--primary\" rel=\"noopener\">Notre dossier sur le Canada<\/a><\/p>\n<p>Les organisations \u00e9cologistes d\u00e9noncent un recul net. \u00ab\u00a0On assiste \u00e0 une \u00e9rosion des politiques climatiques et c\u2019est malheureux\u00a0\u00bb, regrette Conor Curtis, du Sierra Club Canada, pour qui un nouvel ol\u00e9oduc \u00ab\u00a0n\u2019est pas n\u00e9cessaire\u00a0\u00bb dans un contexte mondial tourn\u00e9 vers les renouvelables. R\u00e9seau action climat Canada juge \u00ab\u00a0d\u00e9chirant\u00a0\u00bb de voir les progr\u00e8s de la derni\u00e8re d\u00e9cennie \u00ab\u00a0r\u00e9duits \u00e0 n\u00e9ant\u00a0\u00bb. La contestation s\u2019est aussi exprim\u00e9e aussi sur le terrain, notamment chez les communaut\u00e9s autochtones. Une r\u00e9sistance locale qui s\u2019ajoute \u00e0 un d\u00e9bat national d\u00e9sormais au c\u0153ur des tensions entre relance \u00e9conomique et engagement climatique.<\/p>\n","protected":false},"excerpt":{"rendered":"Confront\u00e9 aux droits de douane impos\u00e9s par Donald Trump et \u00e0 une \u00e9conomie en perte de vitesse, le&hellip;\n","protected":false},"author":2,"featured_media":566008,"comment_status":"","ping_status":"","sticky":false,"template":"","format":"standard","meta":{"footnotes":""},"categories":[5],"tags":[47,11,574,1129,75,33742,51,436,73,1011,27,843,16743,14,74,12,844,3363,28],"class_list":{"0":"post-566007","1":"post","2":"type-post","3":"status-publish","4":"format-standard","5":"has-post-thumbnail","7":"category-international","8":"tag-actualite","9":"tag-actualites","10":"tag-canada","11":"tag-climat","12":"tag-donald-trump","13":"tag-droits-de-douane-americains","14":"tag-ecologie","15":"tag-environnement","16":"tag-etats-unis","17":"tag-fr","18":"tag-france","19":"tag-gaz","20":"tag-gaz-a-effet-de-serre","21":"tag-international","22":"tag-monde","23":"tag-news","24":"tag-petrole","25":"tag-premier-ministre","26":"tag-world"},"share_on_mastodon":{"url":"https:\/\/pubeurope.com\/@fr\/115631346418714715","error":""},"_links":{"self":[{"href":"https:\/\/www.europesays.com\/fr\/wp-json\/wp\/v2\/posts\/566007","targetHints":{"allow":["GET"]}}],"collection":[{"href":"https:\/\/www.europesays.com\/fr\/wp-json\/wp\/v2\/posts"}],"about":[{"href":"https:\/\/www.europesays.com\/fr\/wp-json\/wp\/v2\/types\/post"}],"author":[{"embeddable":true,"href":"https:\/\/www.europesays.com\/fr\/wp-json\/wp\/v2\/users\/2"}],"replies":[{"embeddable":true,"href":"https:\/\/www.europesays.com\/fr\/wp-json\/wp\/v2\/comments?post=566007"}],"version-history":[{"count":0,"href":"https:\/\/www.europesays.com\/fr\/wp-json\/wp\/v2\/posts\/566007\/revisions"}],"wp:featuredmedia":[{"embeddable":true,"href":"https:\/\/www.europesays.com\/fr\/wp-json\/wp\/v2\/media\/566008"}],"wp:attachment":[{"href":"https:\/\/www.europesays.com\/fr\/wp-json\/wp\/v2\/media?parent=566007"}],"wp:term":[{"taxonomy":"category","embeddable":true,"href":"https:\/\/www.europesays.com\/fr\/wp-json\/wp\/v2\/categories?post=566007"},{"taxonomy":"post_tag","embeddable":true,"href":"https:\/\/www.europesays.com\/fr\/wp-json\/wp\/v2\/tags?post=566007"}],"curies":[{"name":"wp","href":"https:\/\/api.w.org\/{rel}","templated":true}]}}