{"id":566012,"date":"2025-11-29T05:33:16","date_gmt":"2025-11-29T05:33:16","guid":{"rendered":"https:\/\/www.europesays.com\/fr\/566012\/"},"modified":"2025-11-29T05:33:16","modified_gmt":"2025-11-29T05:33:16","slug":"pourquoi-on-a-fait-souffrir-nos-deux-mamans","status":"publish","type":"post","link":"https:\/\/www.europesays.com\/fr\/566012\/","title":{"rendered":"\u00ab Pourquoi on a fait souffrir nos deux mamans \u00a0? \u00bb"},"content":{"rendered":"<p>\u00ab\u00a0Tu seras un homme mon fils.\u00a0\u00bb Il a beaucoup \u00e9t\u00e9 question, vendredi, lors la premi\u00e8re journ\u00e9e d\u2019audience devant la cour criminelle d\u00e9partementale de la Loire, de la violence subie par Alaeddine Ben Ziadi durant les seize premi\u00e8res ann\u00e9es de sa vie au nord-est de l\u2019Alg\u00e9rie o\u00f9 il est n\u00e9 \u2013 dernier d\u2019une fratrie de sept &#8211; et a grandi avant d\u2019arriver en France en 2018. \u00c0 Vienne, d\u2019abord puis \u00e0 Saint-\u00c9tienne. Les coups ass\u00e9n\u00e9s par son p\u00e8re quand il \u00ab\u00a0faisait des b\u00eatises\u00a0\u00bb ou qu\u2019il \u00ab\u00a0rentrait trop tard\u00a0\u00bb ont \u00e9t\u00e9 plusieurs fois \u00e9voqu\u00e9s durant l\u2018\u00e9tude de personnalit\u00e9 de l\u2019accus\u00e9 en d\u00e9but de proc\u00e8s. Une \u00e9ducation \u00ab\u00a0\u00e0 l\u2019ancienne\u00a0\u00bb dont le jeune homme de 23 ans, au visage encore juv\u00e9nile, \u00e0 peine endurci par une fine moustache, ne semble pas tenir rigueur\u00a0: \u00ab\u00a0Il voulait juste que je sois un homme quelqu\u2019un de dur.\u00a0\u00bb<\/p>\n<p>Rattrap\u00e9 par son pass\u00e9\u00a0?<\/p>\n<p>Est-ce que \u00ab\u00a0le pass\u00e9 l\u2019a rattrap\u00e9 de fa\u00e7on aigu\u00eb\u00a0\u00bb &#8211; selon les mots de l\u2019expert psychiatre qui a rencontr\u00e9 l\u2019accus\u00e9 \u2013 il y a deux ans et demi\u00a0? Le pass\u00e9&#8230;<\/p>\n","protected":false},"excerpt":{"rendered":"\u00ab\u00a0Tu seras un homme mon fils.\u00a0\u00bb Il a beaucoup \u00e9t\u00e9 question, vendredi, lors la premi\u00e8re journ\u00e9e d\u2019audience devant&hellip;\n","protected":false},"author":2,"featured_media":566013,"comment_status":"","ping_status":"","sticky":false,"template":"","format":"standard","meta":{"footnotes":""},"categories":[9653],"tags":[1111,11,2430,271,272,7539,1777,674,274,1011,27,3367,12,25,4001,7538],"class_list":{"0":"post-566012","1":"post","2":"type-post","3":"status-publish","4":"format-standard","5":"has-post-thumbnail","7":"category-saint-etienne","8":"tag-actu","9":"tag-actualites","10":"tag-auvergne-rhone-alpes","11":"tag-crime","12":"tag-delit-et-contravention","13":"tag-edition-loire-sud","14":"tag-eu","15":"tag-europe","16":"tag-faits-divers-justice","17":"tag-fr","18":"tag-france","19":"tag-loire","20":"tag-news","21":"tag-republique-francaise","22":"tag-saint-etienne","23":"tag-saint-etienne-ville"},"share_on_mastodon":{"url":"https:\/\/pubeurope.com\/@fr\/115631358179194494","error":""},"_links":{"self":[{"href":"https:\/\/www.europesays.com\/fr\/wp-json\/wp\/v2\/posts\/566012","targetHints":{"allow":["GET"]}}],"collection":[{"href":"https:\/\/www.europesays.com\/fr\/wp-json\/wp\/v2\/posts"}],"about":[{"href":"https:\/\/www.europesays.com\/fr\/wp-json\/wp\/v2\/types\/post"}],"author":[{"embeddable":true,"href":"https:\/\/www.europesays.com\/fr\/wp-json\/wp\/v2\/users\/2"}],"replies":[{"embeddable":true,"href":"https:\/\/www.europesays.com\/fr\/wp-json\/wp\/v2\/comments?post=566012"}],"version-history":[{"count":0,"href":"https:\/\/www.europesays.com\/fr\/wp-json\/wp\/v2\/posts\/566012\/revisions"}],"wp:featuredmedia":[{"embeddable":true,"href":"https:\/\/www.europesays.com\/fr\/wp-json\/wp\/v2\/media\/566013"}],"wp:attachment":[{"href":"https:\/\/www.europesays.com\/fr\/wp-json\/wp\/v2\/media?parent=566012"}],"wp:term":[{"taxonomy":"category","embeddable":true,"href":"https:\/\/www.europesays.com\/fr\/wp-json\/wp\/v2\/categories?post=566012"},{"taxonomy":"post_tag","embeddable":true,"href":"https:\/\/www.europesays.com\/fr\/wp-json\/wp\/v2\/tags?post=566012"}],"curies":[{"name":"wp","href":"https:\/\/api.w.org\/{rel}","templated":true}]}}