{"id":566016,"date":"2025-11-29T05:35:12","date_gmt":"2025-11-29T05:35:12","guid":{"rendered":"https:\/\/www.europesays.com\/fr\/566016\/"},"modified":"2025-11-29T05:35:12","modified_gmt":"2025-11-29T05:35:12","slug":"la-reaction-du-doyen-de-la-fac-de-medecine","status":"publish","type":"post","link":"https:\/\/www.europesays.com\/fr\/566016\/","title":{"rendered":"la r\u00e9action du doyen de la fac de m\u00e9decine"},"content":{"rendered":"<p><strong>L<a href=\"https:\/\/www.estrepublicain.fr\/faits-divers-justice\/2025\/11\/21\/decede-au-bord-de-l-a33-une-autopsie-attendue\" target=\"_blank\" rel=\"noopener\">\u2019\u00e9tudiant retrouv\u00e9 mort sur l\u2019A33<\/a> le jeudi 20\u00a0novembre sortait d\u2019une soir\u00e9e m\u00e9decine qui avait \u00e9t\u00e9 organis\u00e9e par la CLAC, une association \u00e9tudiante qui serait un peu marginale et organiserait des f\u00eates tr\u00e8s arros\u00e9es. La fac de m\u00e9decine \u00e9tait-elle associ\u00e9e \u00e0 cette soir\u00e9e\u00a0?<\/strong><\/p>\n<p>\u00ab\u00a0La CLAC est une des 17 associations de la facult\u00e9 de m\u00e9decine. Et au m\u00eame titre que les 16 autres, elle est rattach\u00e9e \u00e0 l\u2019universit\u00e9. Car aucune association n\u2019est balkanis\u00e9e et fait les choses dans son coin. Maintenant, il faut rester tr\u00e8s prudent. S\u2019interroger, suite \u00e0 ce d\u00e9c\u00e8s, sur la probl\u00e9matique de l\u2019utilisation de l\u2019alcool dans les soir\u00e9es \u00e9tudiantes est logique. Des parents se posent la question, vous vous posez la question et nous nous&#8230;<\/p>\n","protected":false},"excerpt":{"rendered":"L\u2019\u00e9tudiant retrouv\u00e9 mort sur l\u2019A33 le jeudi 20\u00a0novembre sortait d\u2019une soir\u00e9e m\u00e9decine qui avait \u00e9t\u00e9 organis\u00e9e par la&hellip;\n","protected":false},"author":2,"featured_media":566017,"comment_status":"","ping_status":"","sticky":false,"template":"","format":"standard","meta":{"footnotes":""},"categories":[9635],"tags":[119,1111,11,271,272,1704,1057,4854,1777,674,274,1011,27,775,3457,1702,1703,12,25],"class_list":{"0":"post-566016","1":"post","2":"type-post","3":"status-publish","4":"format-standard","5":"has-post-thumbnail","7":"category-nancy","8":"tag-accident","9":"tag-actu","10":"tag-actualites","11":"tag-crime","12":"tag-delit-et-contravention","13":"tag-edition-nancy-et-agglomeration","14":"tag-education","15":"tag-enseignement-superieur","16":"tag-eu","17":"tag-europe","18":"tag-faits-divers-justice","19":"tag-fr","20":"tag-france","21":"tag-grand-est","22":"tag-meurthe-et-moselle","23":"tag-nancy","24":"tag-nancy-ville-54b","25":"tag-news","26":"tag-republique-francaise"},"share_on_mastodon":{"url":"https:\/\/pubeurope.com\/@fr\/115631366222904382","error":""},"_links":{"self":[{"href":"https:\/\/www.europesays.com\/fr\/wp-json\/wp\/v2\/posts\/566016","targetHints":{"allow":["GET"]}}],"collection":[{"href":"https:\/\/www.europesays.com\/fr\/wp-json\/wp\/v2\/posts"}],"about":[{"href":"https:\/\/www.europesays.com\/fr\/wp-json\/wp\/v2\/types\/post"}],"author":[{"embeddable":true,"href":"https:\/\/www.europesays.com\/fr\/wp-json\/wp\/v2\/users\/2"}],"replies":[{"embeddable":true,"href":"https:\/\/www.europesays.com\/fr\/wp-json\/wp\/v2\/comments?post=566016"}],"version-history":[{"count":0,"href":"https:\/\/www.europesays.com\/fr\/wp-json\/wp\/v2\/posts\/566016\/revisions"}],"wp:featuredmedia":[{"embeddable":true,"href":"https:\/\/www.europesays.com\/fr\/wp-json\/wp\/v2\/media\/566017"}],"wp:attachment":[{"href":"https:\/\/www.europesays.com\/fr\/wp-json\/wp\/v2\/media?parent=566016"}],"wp:term":[{"taxonomy":"category","embeddable":true,"href":"https:\/\/www.europesays.com\/fr\/wp-json\/wp\/v2\/categories?post=566016"},{"taxonomy":"post_tag","embeddable":true,"href":"https:\/\/www.europesays.com\/fr\/wp-json\/wp\/v2\/tags?post=566016"}],"curies":[{"name":"wp","href":"https:\/\/api.w.org\/{rel}","templated":true}]}}