{"id":566020,"date":"2025-11-29T05:38:17","date_gmt":"2025-11-29T05:38:17","guid":{"rendered":"https:\/\/www.europesays.com\/fr\/566020\/"},"modified":"2025-11-29T05:38:17","modified_gmt":"2025-11-29T05:38:17","slug":"la-garde-2026-lancement-officiel-de-la-campagne-de-julia-peironnet-bremond","status":"publish","type":"post","link":"https:\/\/www.europesays.com\/fr\/566020\/","title":{"rendered":"La Garde 2026 : lancement officiel de la campagne de Julia Peironnet-Br\u00e9mond"},"content":{"rendered":"<p>        <a href=\"https:\/\/www.tv83.info\/wp-content\/uploads\/2025\/11\/Julia-peironet-bremond_salle-scaled.jpg\" data-caption=\"\" target=\"_blank\" rel=\"noopener\"><img loading=\"lazy\" decoding=\"async\" width=\"696\" height=\"463\" class=\"entry-thumb td-modal-image\" src=\"https:\/\/www.europesays.com\/fr\/wp-content\/uploads\/2025\/11\/Julia-peironet-bremond_salle-696x463.jpg\"   alt=\"\" title=\"Julia-peironet-bremond_salle\"\/><\/a><\/p>\n<p>La Garde, lancement officiel de campagne : Julia Peironnet-Br\u00e9mond appelle \u00e0 \u201cprot\u00e9ger aujourd\u2019hui, pr\u00e9parer demain\u201d<\/p>\n<p><a href=\"https:\/\/www.tv83.info\/wp-content\/uploads\/2025\/11\/Julia-peironet-bremond_pupitre-seule-scaled.jpg\" target=\"_blank\" rel=\"noopener\"><img fetchpriority=\"high\" decoding=\"async\" class=\"size-medium wp-image-97174 alignright\" src=\"https:\/\/www.europesays.com\/fr\/wp-content\/uploads\/2025\/11\/Julia-peironet-bremond_pupitre-seule-200x300.jpg\" alt=\"\" width=\"200\" height=\"300\"  \/><\/a>La Garde, [27 nov 2025] \u2014 Devant une salle comble r\u00e9unie pour le lancement de sa campagne municipale, Julia Peironnet-Br\u00e9mond, infirmi\u00e8re militaire puis infirmi\u00e8re lib\u00e9rale depuis quinze ans \u00e0 La Garde, a officiellement annonc\u00e9 sa candidature \u00e0 la mairie \u00e0 la t\u00eate de la liste Unis pour La Garde.<br \/>Dans un discours empreint d\u2019\u00e9motion et de d\u00e9termination, elle a d\u00e9fendu la n\u00e9cessit\u00e9 d\u2019ouvrir \u201cune nouvelle \u00e8re d\u00e9mocratique fond\u00e9e sur la proximit\u00e9, la transparence et l\u2019int\u00e9r\u00eat g\u00e9n\u00e9ral\u201d.<\/p>\n<p>\u201cLa Garde m\u00e9rite mieux\u201d : une candidature citoyenne et sans \u00e9tiquette<br \/>Julia Peironnet-Br\u00e9mond a rappel\u00e9 que son engagement n\u2019\u00e9tait pas celui d\u2019un parti, mais d\u2019un collectif :<br \/>\u00ab Nous ne sommes pas la liste d\u2019un parti. Nous sommes une \u00e9quipe de citoyens unis par une conviction : La Garde m\u00e9rite mieux. \u00bb<br \/>La candidate a insist\u00e9 sur la nature transpartisane et citoyenne de son mouvement, qui rassemble des Gard\u00e9ennes et des Gard\u00e9ens aux parcours vari\u00e9s.<br \/>Son objectif : r\u00e9habiliter une gouvernance locale apais\u00e9e, exemplaire et tourn\u00e9e vers les habitants, loin des querelles politiciennes et des pressions locales d\u00e9nonc\u00e9es par plusieurs citoyens.<\/p>\n<p>Une m\u00e9thode nouvelle : dialogue, proximit\u00e9 et co-construction<br \/>Se pr\u00e9sentant comme une \u201cfemme de terrain\u201d, Julia Peironnet-Br\u00e9mond a mis en avant son exp\u00e9rience quotidienne aupr\u00e8s des habitants :<br \/>\u00ab Votre porte, je l\u2019ouvre tous les jours. Vos inqui\u00e9tudes, vos espoirs, vos col\u00e8res, je les entends. Ce sont eux qui guident ma candidature. \u00bb<br \/>Elle propose la mise en place d\u2019un pacte de gouvernance locale, fond\u00e9 sur :<br \/>\u2022 la transparence,<br \/>\u2022 l\u2019\u00e9coute permanente,<br \/>\u2022 la co-d\u00e9cision,<br \/>\u2022 le respect des agents municipaux et des institutions,<br \/>\u2022 la concertation citoyenne.<\/p>\n<p>Un projet ancr\u00e9 dans le r\u00e9el : prot\u00e9ger aujourd\u2019hui, pr\u00e9parer demain<br \/>La candidate a d\u00e9voil\u00e9 les grandes lignes de son projet, construit \u00e0 partir d\u2019un vaste travail de terrain :<br \/>Prot\u00e9ger aujourd\u2019hui : garantir la s\u00e9curit\u00e9 et la tranquilit\u00e9 publique<br \/>\u2022 Cr\u00e9ation d\u2019une police municipale de nuit coordonn\u00e9e avec les autres forces de s\u00e9curit\u00e9.<br \/>\u2022 D\u00e9veloppement d\u2019un centre de supervision urbaine.<br \/>\u2022 S\u00e9curisation renforc\u00e9e des abords des \u00e9coles.<br \/>\u2022 Approche \u00e9quilibr\u00e9e fond\u00e9e sur la fermet\u00e9 sur les faits et la pr\u00e9vention de proximit\u00e9.<br \/>Pr\u00e9parer demain : un cap clair pour une ville durable, juste et vivante<br \/>\u2022 Transition \u00e9cologique ambitieuse : protection de l\u2019eau et des sols, lutte contre le b\u00e9tonnage inutile, v\u00e9g\u00e9talisation des rues, exemplarit\u00e9 des b\u00e2timents publics.<br \/>\u2022 Transition alimentaire : \u00e9volution des cantines vers des pratiques plus responsables.<br \/>\u2022 Logement durable et accessible.<br \/>\u2022 Baisse de la taxe fonci\u00e8re.<br \/>\u2022 Cr\u00e9ation d\u2019une mutuelle communale pour am\u00e9liorer l\u2019acc\u00e8s \u00e0 la sant\u00e9 tout en r\u00e9cup\u00e9rant du pouvoir d\u2019achat.<br \/>\u2022 Soutien renforc\u00e9 aux artisans, commer\u00e7ants et acteurs \u00e9conomiques locaux.<br \/>\u2022 Un Projet \u00e9ducatif local renouvel\u00e9, incluant une \u201c\u00c9cole du bonheur\u201d v\u00e9g\u00e9talis\u00e9e et tourn\u00e9e vers l\u2019\u00e9panouissement des enfants.<br \/>\u2022 Participation active de la jeunesse : voix, espace, budget.<\/p>\n<p>Refuser les pressions et redonner de la libert\u00e9 d\u00e9mocratique<br \/>Julia Peironnet-Br\u00e9mond a fermement d\u00e9nonc\u00e9 un climat local o\u00f9 certains habitants disent craindre d\u2019\u00eatre vus en train d\u2019\u00e9changer avec des membres de son \u00e9quipe :<br \/>\u00ab Ici, personne ne devrait avoir peur de dire bonjour. La d\u00e9mocratie locale m\u00e9rite mieux que le soup\u00e7on. Elle m\u00e9rite la libert\u00e9, la dignit\u00e9, la s\u00e9r\u00e9nit\u00e9. \u00bb<br \/>Elle appelle \u00e0 \u201cmettre fin \u00e0 ces pratiques d\u2019un autre temps\u201d et \u00e0 restaurer un climat politique respectueux.<\/p>\n<p>\u201cFaire de La Garde une ville s\u00fbre, juste et apais\u00e9e\u201d<br \/>En conclusion, la candidate a lanc\u00e9 un appel \u00e0 l\u2019engagement collectif :<br \/>\u00ab Ensemble, faisons de La Garde une ville qui prot\u00e8ge, qui respire, qui rayonne. Une ville o\u00f9 nos enfants pourront dire : \u201cIci, on a pr\u00e9par\u00e9 notre avenir.\u201d \u00bb<\/p>\n<p>\u00c0 propos de la liste Unis pour La Garde<br \/>La liste Unis pour La Garde est un collectif citoyen rassemblant des femmes et des hommes issus de parcours, professions et sensibilit\u00e9s diverses. Sa d\u00e9marche repose sur la proximit\u00e9, la comp\u00e9tence, la justice sociale et l\u2019\u00e9cologie du quotidien.<\/p>\n<p><a href=\"https:\/\/www.restosducoeur.org\/associations-departementales\/les-restos-du-coeur-du-var\/\" target=\"_blank\" rel=\"noopener\"><img decoding=\"async\" style=\"height:70px;width:140px\" src=\"https:\/\/www.europesays.com\/fr\/wp-content\/uploads\/2025\/04\/restos-du-coeur.jpg\"\/><\/a>        <\/p>\n","protected":false},"excerpt":{"rendered":"La Garde, lancement officiel de campagne : Julia Peironnet-Br\u00e9mond appelle \u00e0 \u201cprot\u00e9ger aujourd\u2019hui, pr\u00e9parer demain\u201d La Garde, [27&hellip;\n","protected":false},"author":2,"featured_media":566021,"comment_status":"","ping_status":"","sticky":false,"template":"","format":"standard","meta":{"footnotes":""},"categories":[9619],"tags":[1111,11,1777,674,1011,27,12,882,25,2310],"class_list":{"0":"post-566020","1":"post","2":"type-post","3":"status-publish","4":"format-standard","5":"has-post-thumbnail","7":"category-toulon","8":"tag-actu","9":"tag-actualites","10":"tag-eu","11":"tag-europe","12":"tag-fr","13":"tag-france","14":"tag-news","15":"tag-provence-alpes-cote-dazur","16":"tag-republique-francaise","17":"tag-toulon"},"share_on_mastodon":{"url":"https:\/\/pubeurope.com\/@fr\/115631379032965946","error":""},"_links":{"self":[{"href":"https:\/\/www.europesays.com\/fr\/wp-json\/wp\/v2\/posts\/566020","targetHints":{"allow":["GET"]}}],"collection":[{"href":"https:\/\/www.europesays.com\/fr\/wp-json\/wp\/v2\/posts"}],"about":[{"href":"https:\/\/www.europesays.com\/fr\/wp-json\/wp\/v2\/types\/post"}],"author":[{"embeddable":true,"href":"https:\/\/www.europesays.com\/fr\/wp-json\/wp\/v2\/users\/2"}],"replies":[{"embeddable":true,"href":"https:\/\/www.europesays.com\/fr\/wp-json\/wp\/v2\/comments?post=566020"}],"version-history":[{"count":0,"href":"https:\/\/www.europesays.com\/fr\/wp-json\/wp\/v2\/posts\/566020\/revisions"}],"wp:featuredmedia":[{"embeddable":true,"href":"https:\/\/www.europesays.com\/fr\/wp-json\/wp\/v2\/media\/566021"}],"wp:attachment":[{"href":"https:\/\/www.europesays.com\/fr\/wp-json\/wp\/v2\/media?parent=566020"}],"wp:term":[{"taxonomy":"category","embeddable":true,"href":"https:\/\/www.europesays.com\/fr\/wp-json\/wp\/v2\/categories?post=566020"},{"taxonomy":"post_tag","embeddable":true,"href":"https:\/\/www.europesays.com\/fr\/wp-json\/wp\/v2\/tags?post=566020"}],"curies":[{"name":"wp","href":"https:\/\/api.w.org\/{rel}","templated":true}]}}