{"id":566022,"date":"2025-11-29T05:39:11","date_gmt":"2025-11-29T05:39:11","guid":{"rendered":"https:\/\/www.europesays.com\/fr\/566022\/"},"modified":"2025-11-29T05:39:11","modified_gmt":"2025-11-29T05:39:11","slug":"la-gazette-eco-des-logements-avec-vue-sur-la-mer","status":"publish","type":"post","link":"https:\/\/www.europesays.com\/fr\/566022\/","title":{"rendered":"LA GAZETTE ECO &#8211; Des logements avec vue sur la mer"},"content":{"rendered":"<p>La reconversion de la friche de l&rsquo;ancien H\u00f4tel de la Mer prend un nouveau tournant. Alors qu&rsquo;\u00e0 l&rsquo;origine il \u00e9tait pr\u00e9vu que le site garde sa vocation premi\u00e8re, c&rsquo;est finalement une offre de logements qui lui redonnera un second souffle.<\/p>\n<p>Situ\u00e9 \u00e0 l&rsquo;angle du Boulevard Toucas et de de la rue de la Brise \u00e0 Toulon, le terrain \u00e9tait occup\u00e9 autrefois par l&rsquo;H\u00f4tel de la Mer. En friche depuis plusieurs ann\u00e9es, le site occupe un espace privil\u00e9gi\u00e9 avec vue sur la m\u00e9diterran\u00e9e, dans le quartier pris\u00e9 du Mourillon. En 2022, Eiffage Immobilier Sud Est d\u00e9posait un premier dossier visant la d\u00e9molition de l&rsquo;existant en vue d&rsquo;y reconstruire un \u00e9tablissement h\u00f4telier d&rsquo;une cinquantaine de chambres avec la b\u00e9n\u00e9diction de la commune. Si le permis de construite a \u00e9t\u00e9 autoris\u00e9 en 2023, les riverains, hostiles au projet, ont fini par avoir raison du projet. Finalement, le PC a \u00e9t\u00e9 annul\u00e9 le 4 novembre 2025, remplac\u00e9 par un nouveau trois jours plus tard. Ce dernier \u00e9mane de la soci\u00e9t\u00e9 Suprana, dirig\u00e9e par Jean-Pierre et Christophe Del Pelligrino et J\u00e9r\u00e9my Prodier. Tous trois sont \u00e9galement \u00e0 la t\u00eate du cabinet de conception et ma\u00eetrise d&rsquo;\u0153uvre du b\u00e2timent Ing\u00e9nierie de la Construction M\u00e9diterran\u00e9enne (<a href=\"https:\/\/www.linkedin.com\/company\/ing\u00e9nierie-de-la-construction-m\u00e9diterran\u00e9enne\/about\/\" target=\"_blank\" style=\"background-color: white;\" rel=\"noopener\">ICM<\/a>) \u00e0 Toulon. Le nouveau programme porte sur la construction d&rsquo;un immeuble de logements. Le chantier comprendra la d\u00e9molition de l&rsquo;existant puis l&rsquo;\u00e9dification d&rsquo;un nouvel ensemble de 1\u00a0139 m\u00b2. Le dossier est \u00e0 l&rsquo;instruction.<\/p>\n","protected":false},"excerpt":{"rendered":"La reconversion de la friche de l&rsquo;ancien H\u00f4tel de la Mer prend un nouveau tournant. Alors qu&rsquo;\u00e0 l&rsquo;origine&hellip;\n","protected":false},"author":2,"featured_media":566023,"comment_status":"","ping_status":"","sticky":false,"template":"","format":"standard","meta":{"footnotes":""},"categories":[9619],"tags":[1111,11,1777,674,1011,27,12,882,25,2310],"class_list":{"0":"post-566022","1":"post","2":"type-post","3":"status-publish","4":"format-standard","5":"has-post-thumbnail","7":"category-toulon","8":"tag-actu","9":"tag-actualites","10":"tag-eu","11":"tag-europe","12":"tag-fr","13":"tag-france","14":"tag-news","15":"tag-provence-alpes-cote-dazur","16":"tag-republique-francaise","17":"tag-toulon"},"share_on_mastodon":{"url":"","error":""},"_links":{"self":[{"href":"https:\/\/www.europesays.com\/fr\/wp-json\/wp\/v2\/posts\/566022","targetHints":{"allow":["GET"]}}],"collection":[{"href":"https:\/\/www.europesays.com\/fr\/wp-json\/wp\/v2\/posts"}],"about":[{"href":"https:\/\/www.europesays.com\/fr\/wp-json\/wp\/v2\/types\/post"}],"author":[{"embeddable":true,"href":"https:\/\/www.europesays.com\/fr\/wp-json\/wp\/v2\/users\/2"}],"replies":[{"embeddable":true,"href":"https:\/\/www.europesays.com\/fr\/wp-json\/wp\/v2\/comments?post=566022"}],"version-history":[{"count":0,"href":"https:\/\/www.europesays.com\/fr\/wp-json\/wp\/v2\/posts\/566022\/revisions"}],"wp:featuredmedia":[{"embeddable":true,"href":"https:\/\/www.europesays.com\/fr\/wp-json\/wp\/v2\/media\/566023"}],"wp:attachment":[{"href":"https:\/\/www.europesays.com\/fr\/wp-json\/wp\/v2\/media?parent=566022"}],"wp:term":[{"taxonomy":"category","embeddable":true,"href":"https:\/\/www.europesays.com\/fr\/wp-json\/wp\/v2\/categories?post=566022"},{"taxonomy":"post_tag","embeddable":true,"href":"https:\/\/www.europesays.com\/fr\/wp-json\/wp\/v2\/tags?post=566022"}],"curies":[{"name":"wp","href":"https:\/\/api.w.org\/{rel}","templated":true}]}}