{"id":566028,"date":"2025-11-29T05:43:21","date_gmt":"2025-11-29T05:43:21","guid":{"rendered":"https:\/\/www.europesays.com\/fr\/566028\/"},"modified":"2025-11-29T05:43:21","modified_gmt":"2025-11-29T05:43:21","slug":"10-idees-de-cadeaux-100-normands-au-marche-de-noel-de-rouen","status":"publish","type":"post","link":"https:\/\/www.europesays.com\/fr\/566028\/","title":{"rendered":"10 id\u00e9es de cadeaux 100 % normands au march\u00e9 de No\u00ebl de Rouen"},"content":{"rendered":"<p class=\"article__intro\">Nous sommes all\u00e9s \u00e0 la rencontre des cr\u00e9ateurs normands qui exposent au march\u00e9 de No\u00ebl 2025 \u00e0 Rouen (Seine-Maritime). Bougies, bijoux, bi\u00e8re ou objets personnalis\u00e9s\u00a0: les chalets des cr\u00e9ateurs regorgent d\u2019id\u00e9es de cadeaux \u00e0 d\u00e9poser sous votre sapin.<\/p>\n<p>\n      L\u2019actu des r\u00e9gions\n    <\/p>\n<p>\n      Chaque jour, un tour d\u2019horizon des principales infos de toutes les r\u00e9gions.\n    <\/p>\n<p>    France T\u00e9l\u00e9visions utilise votre adresse e-mail afin de vous envoyer la newsletter \u00ab\u00a0L\u2019actu des r\u00e9gions\u00a0\u00bb. Vous pouvez vous d\u00e9sinscrire \u00e0 tout moment via le lien en bas de cette newsletter. <a target=\"_blank\" href=\"https:\/\/www.francetelevisions.fr\/groupe\/confidentialite\/politique-de-confidentialite\/politique-de-confidentialite-de-france-televisions-6503\" rel=\"noopener\">Notre politique de confidentialit\u00e9<\/a><\/p>\n<p>Le compte \u00e0 rebours est lanc\u00e9 pour la course aux cadeaux de No\u00ebl. Pour vous aider dans vos choix de cadeaux, nous nous sommes rendus sur le march\u00e9 de No\u00ebl de Rouen.<\/p>\n<p>Install\u00e9 depuis le 21 novembre 2025 et ouvert jusqu\u2019au 4 janvier 2026, le march\u00e9 de No\u00ebl de Rouen anime le parvis de la cath\u00e9drale et les rues adjacentes.<\/p>\n<p>Comme chaque ann\u00e9e,<a href=\"https:\/\/rouen.fr\/marches-de-noel\" target=\"_blank\" rel=\"noopener noreferrer nofollow\" data-tooltip-url=\"https:\/\/rouen.fr\/marches-de-noel\"> la rue des cr\u00e9ateurs<\/a> offre une vitrine privil\u00e9gi\u00e9e aux cr\u00e9ateurs normands. Chaque semaine, des enseignes diff\u00e9rentes disposent leurs cr\u00e9ations sur les quelques chalets mis \u00e0 leur disposition.<\/p>\n<p>Parmi eux, vous retrouverez, jusqu\u2019au 4 d\u00e9cembre, Anita et ses cr\u00e9ations en fer personnalisable\u00a0:<\/p>\n<p>Ou encore l\u2019artiste poti\u00e8re c\u00e9ramique Lady Poterie :<\/p>\n<p>D\u2019autres artistes normands sont \u00e9galement pr\u00e9sents sur toute la dur\u00e9e du march\u00e9 de No\u00ebl, voici quelques exemples de leurs produits artisanaux.<\/p>\n<p>Julie, appel\u00e9e aussi la <a href=\"https:\/\/www.instagram.com\/lamereguy\/\" target=\"_blank\" rel=\"noopener noreferrer nofollow\" data-tooltip-url=\"https:\/\/www.instagram.com\/lamereguy\/\">m\u00e8re Guy <\/a>partage son stand avec Olivia de<a href=\"https:\/\/www.instagram.com\/volutbyolivia\/\" target=\"_blank\" rel=\"noopener noreferrer nofollow\" data-tooltip-url=\"https:\/\/www.instagram.com\/volutbyolivia\/\"> Vol\u2019ut.<\/a> L\u2019une recycle les p\u00e2tes ou des coquilles de moules en boucles d\u2019oreilles pendant que l\u2019autre transforme l\u2019argenterie en bague, collier ou bracelets.<\/p>\n<p><a data-article-figure=\"\" href=\"https:\/\/france3-regions.franceinfo.fr\/image\/yn1OOyVpyON2tto7mn6jPd_4IWs\/2016x1512\/regions\/2025\/11\/28\/bijoux-pates-6929da79647a9604871025.jpg\" data-pswp-width=\"2016\" data-pswp-height=\"1512\" target=\"_blank\" rel=\"noopener\"><\/p>\n<p>          <img width=\"600\" height=\"400\" class=\"article-image lazy\" data-src=\"https:\/\/www.europesays.com\/fr\/wp-content\/uploads\/2025\/11\/bijoux-pates-6929da79647a9604871025.jpg\" alt=\"Olivia et Julie partagent leur chalet au march\u00e9 de No\u00ebl 2025 de Rouen.\" fetchpriority=\"high\" as=\"image\"\/><\/p>\n<p>\n            Olivia et Julie partagent leur chalet au march\u00e9 de No\u00ebl 2025 de Rouen.<br \/>\n                           \u2022<br \/>\n                                      \u00a9 FTV\n                      <\/p>\n<p><\/a><\/p>\n<p>Olivia chine des couverts dans les vide-greniers ou les ressourceries\u00a0: \u00ab\u00a0mais parfois ce sont des clients qui me ram\u00e8nent des pi\u00e8ces de m\u00e9nag\u00e8res de leur famille que je transforme en bijoux\u00a0\u00bb. <\/p>\n<p>Pour Julie, c\u2019est pareil rien ne se perd tout se transforme\u00a0: \u00ab\u00a0d\u2019abord je d\u00e9guste les moules, puis je r\u00e9cup\u00e8re les coquilles que je nettoie pr\u00e9cieusement, je les peins, puis les enduis ensuite de plusieurs couches de r\u00e9sine\u00a0\u00bb. <\/p>\n<p>Bas\u00e9e \u00e0 Houppeville, pr\u00e8s de Rouen, elle travaille \u00e9galement le bois chez elle depuis plusieurs ann\u00e9es.<\/p>\n<p>Dans les bijoux toujours, d\u00e9couvrez le stand de Liz Cr\u00e9ations qui propose des boucles d\u2019oreilles, bagues, broches ou collier \u00e0 partir d\u2019argile polym\u00e8re.<\/p>\n<p><a data-article-figure=\"\" href=\"https:\/\/france3-regions.franceinfo.fr\/image\/x5tHfe-Rmn3tR3mLrPwLkJ8tOSI\/2016x1512\/regions\/2025\/11\/28\/bijoux-pates-fimo-6929dafc4c635651056174.jpg\" data-pswp-width=\"2016\" data-pswp-height=\"1512\" target=\"_blank\" rel=\"noopener\"><\/p>\n<p>          <img width=\"600\" height=\"400\" class=\"article-image lazy\" data-src=\"https:\/\/www.europesays.com\/fr\/wp-content\/uploads\/2025\/11\/bijoux-pates-fimo-6929dafc4c635651056174.jpg\" alt=\"Liz Cr\u00e9ations a pignon sur rue avec son stand \u00e0 bijoux\" fetchpriority=\"high\" as=\"image\"\/><\/p>\n<p>\n            Liz Cr\u00e9ations a pignon sur rue avec son stand \u00e0 bijoux<br \/>\n                           \u2022<br \/>\n                                      \u00a9 FTV\n                      <\/p>\n<p><\/a><\/p>\n<p>L\u00e9a s\u2019est lanc\u00e9e il y a quatre ans dans <a href=\"https:\/\/www.instagram.com\/la_renarde_debrouillarde\/\" target=\"_blank\" rel=\"noopener noreferrer nofollow\" data-tooltip-url=\"https:\/\/www.instagram.com\/la_renarde_debrouillarde\/\">la Renarde D\u00e9brouillarde<\/a>. Sur son stand, la tourneuse propose des objets de papeterie, de d\u00e9cos personnalis\u00e9es \u00e0 partir de bois recycl\u00e9e. <\/p>\n<p>Pour votre d\u00e9coration de No\u00ebl, vous craquerez peut-\u00eatre pour l\u2019un de ses lutins \u00e0 la barbe douce ou pour ses boules d\u00e9licatement d\u00e9cor\u00e9e. Situ\u00e9e \u00e0 Saint-Martin-du-Vivier, elle propose \u00e9galement ses cr\u00e9ations en ligne.<\/p>\n<p><a data-article-figure=\"\" href=\"https:\/\/france3-regions.franceinfo.fr\/image\/29zAqAOgrPynwQq2Ks3YZEQ26DI\/2016x1512\/regions\/2025\/11\/28\/tourneuse-6929dbe4f2948003507314.jpg\" data-pswp-width=\"2016\" data-pswp-height=\"1512\" target=\"_blank\" rel=\"noopener\"><\/p>\n<p>          <img width=\"600\" height=\"400\" class=\"article-image lazy\" data-src=\"https:\/\/www.europesays.com\/fr\/wp-content\/uploads\/2025\/11\/tourneuse-6929dbe4f2948003507314.jpg\" alt=\"L\u00e9a transforme le bois en objets plus mignons les uns que les autres.\" fetchpriority=\"high\" as=\"image\"\/><\/p>\n<p>\n            L\u00e9a transforme le bois en objets plus mignons les uns que les autres.<br \/>\n                           \u2022<br \/>\n                                      \u00a9 FTV\n                      <\/p>\n<p><\/a><\/p>\n<p>Juste \u00e0 c\u00f4t\u00e9 d\u2019elle, arr\u00eatez-vous pour \u00e9changer avec Aude\u00a0: une herboriste bas\u00e9e dans l\u2019Eure qui saura vous conseiller si vous \u00eates \u00e0 la recherche d\u2019eaux florales, de tisanes ou autres soins botaniques. \u00ab\u00a0<a href=\"https:\/\/www.instagram.com\/mon_joli_bazar_champetre\/\" target=\"_blank\" rel=\"noopener noreferrer nofollow\" data-tooltip-url=\"https:\/\/www.instagram.com\/mon_joli_bazar_champetre\/\">Mon joli bazar champ\u00eatre<\/a>\u00a0\u00bb est le nom de son domaine situ\u00e9 \u00e0 c\u00f4t\u00e9 de Gisors (Eure).<\/p>\n<p><a data-article-figure=\"\" href=\"https:\/\/france3-regions.franceinfo.fr\/image\/fNaE2MdXI_8_NseSQCoXRHQigXI\/2016x1512\/regions\/2025\/11\/28\/herboriste-6929dc3d492ec084373775.jpg\" data-pswp-width=\"2016\" data-pswp-height=\"1512\" target=\"_blank\" rel=\"noopener\"><\/p>\n<p>          <img width=\"600\" height=\"400\" class=\"article-image lazy\" data-src=\"https:\/\/www.europesays.com\/fr\/wp-content\/uploads\/2025\/11\/herboriste-6929dc3d492ec084373775.jpg\" alt=\"des tisanes \u00e0 diluer du Joli Bazar Champ\u00eatre \u00e0 base de plantes cultiv\u00e9es dans l'Eure.\" fetchpriority=\"high\" as=\"image\"\/><\/p>\n<p>\n            des tisanes \u00e0 diluer du Joli Bazar Champ\u00eatre \u00e0 base de plantes cultiv\u00e9es dans l&rsquo;Eure.<br \/>\n                           \u2022<br \/>\n                                      \u00a9 FTV\n                      <\/p>\n<p><\/a><br \/>\n<a data-article-figure=\"\" href=\"https:\/\/france3-regions.franceinfo.fr\/image\/Al0aSNyDHLwheNiTD5NVO2qWhpw\/2016x1512\/regions\/2025\/11\/28\/tete-a-fleurs-2-6929ded21f1d6330843533.jpg\" data-pswp-width=\"2016\" data-pswp-height=\"1512\" target=\"_blank\" rel=\"noopener\"><\/p>\n<p>          <img width=\"600\" height=\"400\" class=\"article-image lazy\" data-src=\"https:\/\/www.europesays.com\/fr\/wp-content\/uploads\/2025\/11\/tete-a-fleurs-2-6929ded21f1d6330843533.jpg\" alt=\"T\u00eates \u00e0 fleurs s\u00e9ch\u00e9es de &quot;mon monde d\u00e9coratif&quot; cr\u00e9es \u00e0 Authevernes (Eure).\" fetchpriority=\"high\" as=\"image\"\/><\/p>\n<p>\n            T\u00eates \u00e0 fleurs s\u00e9ch\u00e9es de \u00ab\u00a0mon monde d\u00e9coratif\u00a0\u00bb cr\u00e9es \u00e0 Authevernes (Eure).<br \/>\n                           \u2022<br \/>\n                                      \u00a9 FTV\n                      <\/p>\n<p><\/a><\/p>\n<p>Sur son stand, elle expose \u00e9galement les produits de deux autres artistes normands. Mon monde d\u00e9coratif sublime les fleurs s\u00e9ch\u00e9es en bijoux ou jolis objets pour une d\u00e9coration d\u00e9licate et raffin\u00e9e.<\/p>\n<p>Si vous connaissez un amateur d\u2019\u00e9criture, Aude expose \u00e9galement les cr\u00e9ations de l\u2019<a href=\"https:\/\/www.instagram.com\/lapothivert\/\" target=\"_blank\" rel=\"noopener noreferrer nofollow\" data-tooltip-url=\"https:\/\/www.instagram.com\/lapothivert\/\">Apothi\u2019vert\u00a0<\/a>: fruits de la rencontre entre un souffleur de verre et un expert en terrarium.<\/p>\n<p><a data-article-figure=\"\" href=\"https:\/\/france3-regions.franceinfo.fr\/image\/VR29DsHaB5peW0TwoJjBMVKQAKA\/2016x1512\/regions\/2025\/11\/28\/crayon-eternel-6929dc76d34ef942078139.jpg\" data-pswp-width=\"2016\" data-pswp-height=\"1512\" target=\"_blank\" rel=\"noopener\"><\/p>\n<p>          <img width=\"600\" height=\"400\" class=\"article-image lazy\" data-src=\"https:\/\/www.europesays.com\/fr\/wp-content\/uploads\/2025\/11\/crayon-eternel-6929dc76d34ef942078139.jpg\" alt=\"Les crayons \u00e9ternels Terrarium\" fetchpriority=\"high\" as=\"image\"\/><\/p>\n<p>\n            Les crayons \u00e9ternels Terrarium<br \/>\n                           \u2022<br \/>\n                                      \u00a9 FTV\n                      <\/p>\n<p><\/a><\/p>\n<p>Dans la m\u00eame all\u00e9e, des cr\u00e9ateurs de Caen <a href=\"https:\/\/www.instagram.com\/printagift_france\/\" target=\"_blank\" rel=\"noopener noreferrer nofollow\" data-tooltip-url=\"https:\/\/www.instagram.com\/printagift_france\/\">Printagift <\/a>ont fait le d\u00e9placement jusqu\u2019\u00e0 la capitale normande pour investir un stand o\u00f9 ils pr\u00e9sentent leurs cr\u00e9ations en 3D r\u00e9alis\u00e9es \u00e0 partir d\u2019amidon de ma\u00efs. Personnages color\u00e9s de toutes les tailles trouveront des amateurs chez les petits comme les grands.<\/p>\n<p><a data-article-figure=\"\" href=\"https:\/\/france3-regions.franceinfo.fr\/image\/XWcrFRF034R5C-yDCzyb6W310cc\/2016x1512\/regions\/2025\/11\/28\/jouets-3-d-6929dce5c922b757087884.jpg\" data-pswp-width=\"2016\" data-pswp-height=\"1512\" target=\"_blank\" rel=\"noopener\"><\/p>\n<p>          <img width=\"600\" height=\"400\" class=\"article-image lazy\" data-src=\"https:\/\/www.europesays.com\/fr\/wp-content\/uploads\/2025\/11\/jouets-3-d-6929dce5c922b757087884.jpg\" alt=\"Dragons et autres bestioles cr\u00e9es en 3D \u00e0 partir d'amidon de ma\u00efs.\" fetchpriority=\"high\" as=\"image\"\/><\/p>\n<p>\n            Dragons et autres bestioles cr\u00e9es en 3D \u00e0 partir d&rsquo;amidon de ma\u00efs.<br \/>\n                           \u2022<br \/>\n                                      \u00a9 FTV\n                      <\/p>\n<p><\/a><\/p>\n<p>Cr\u00e9\u00e9e en 2020, la <a href=\"https:\/\/www.instagram.com\/brasserie_ragnar\/\" target=\"_blank\" rel=\"noopener noreferrer nofollow\" data-tooltip-url=\"https:\/\/www.instagram.com\/brasserie_ragnar\/\">brasserie Ragnar<\/a> commence \u00e0 jouir d\u2019une bonne r\u00e9putation dans la r\u00e9gion et souvent les clients qui viennent acheter leurs bi\u00e8res* connaissent leurs breuvages. <\/p>\n<p>Blonde, blanche, brune\u2026 L\u00e0 aussi, chaque amateur trouvera son bonheur.<\/p>\n<p><a data-article-figure=\"\" href=\"https:\/\/france3-regions.franceinfo.fr\/image\/Bhmv7DdT5EK_L3gegtACfjIw7Ic\/2016x1512\/regions\/2025\/11\/28\/brasserie-ragnar-6929dd43d7da6681929367.jpg\" data-pswp-width=\"2016\" data-pswp-height=\"1512\" target=\"_blank\" rel=\"noopener\"><\/p>\n<p>          <img width=\"600\" height=\"400\" class=\"article-image lazy\" data-src=\"https:\/\/www.europesays.com\/fr\/wp-content\/uploads\/2025\/11\/brasserie-ragnar-6929dd43d7da6681929367.jpg\" alt=\"Les bi\u00e8res Ragnar sont brass\u00e9es \u00e0 Oissel pr\u00e8s de Rouen (Seine-Maritime).\" fetchpriority=\"high\" as=\"image\"\/><\/p>\n<p>\n            Les bi\u00e8res Ragnar sont brass\u00e9es \u00e0 Oissel pr\u00e8s de Rouen (Seine-Maritime).<br \/>\n                           \u2022<br \/>\n                                      \u00a9 FTV\n                      <\/p>\n<p><\/a><\/p>\n<p>*\u00c0 consommer avec mod\u00e9ration, l\u2019abus d\u2019alcool est dangereux pour la sant\u00e9.<\/p>\n<\/p>\n<p>  <script async src=\"\/\/www.instagram.com\/embed.js\"><\/script><\/p>\n","protected":false},"excerpt":{"rendered":"Nous sommes all\u00e9s \u00e0 la rencontre des cr\u00e9ateurs normands qui exposent au march\u00e9 de No\u00ebl 2025 \u00e0 Rouen&hellip;\n","protected":false},"author":2,"featured_media":566029,"comment_status":"","ping_status":"","sticky":false,"template":"","format":"standard","meta":{"footnotes":""},"categories":[9587],"tags":[1111,11,1777,674,1011,27,12,5161,25,9590],"class_list":{"0":"post-566028","1":"post","2":"type-post","3":"status-publish","4":"format-standard","5":"has-post-thumbnail","7":"category-rouen","8":"tag-actu","9":"tag-actualites","10":"tag-eu","11":"tag-europe","12":"tag-fr","13":"tag-france","14":"tag-news","15":"tag-normandie","16":"tag-republique-francaise","17":"tag-rouen"},"share_on_mastodon":{"url":"https:\/\/pubeurope.com\/@fr\/115631397549603451","error":""},"_links":{"self":[{"href":"https:\/\/www.europesays.com\/fr\/wp-json\/wp\/v2\/posts\/566028","targetHints":{"allow":["GET"]}}],"collection":[{"href":"https:\/\/www.europesays.com\/fr\/wp-json\/wp\/v2\/posts"}],"about":[{"href":"https:\/\/www.europesays.com\/fr\/wp-json\/wp\/v2\/types\/post"}],"author":[{"embeddable":true,"href":"https:\/\/www.europesays.com\/fr\/wp-json\/wp\/v2\/users\/2"}],"replies":[{"embeddable":true,"href":"https:\/\/www.europesays.com\/fr\/wp-json\/wp\/v2\/comments?post=566028"}],"version-history":[{"count":0,"href":"https:\/\/www.europesays.com\/fr\/wp-json\/wp\/v2\/posts\/566028\/revisions"}],"wp:featuredmedia":[{"embeddable":true,"href":"https:\/\/www.europesays.com\/fr\/wp-json\/wp\/v2\/media\/566029"}],"wp:attachment":[{"href":"https:\/\/www.europesays.com\/fr\/wp-json\/wp\/v2\/media?parent=566028"}],"wp:term":[{"taxonomy":"category","embeddable":true,"href":"https:\/\/www.europesays.com\/fr\/wp-json\/wp\/v2\/categories?post=566028"},{"taxonomy":"post_tag","embeddable":true,"href":"https:\/\/www.europesays.com\/fr\/wp-json\/wp\/v2\/tags?post=566028"}],"curies":[{"name":"wp","href":"https:\/\/api.w.org\/{rel}","templated":true}]}}