{"id":566032,"date":"2025-11-29T05:45:27","date_gmt":"2025-11-29T05:45:27","guid":{"rendered":"https:\/\/www.europesays.com\/fr\/566032\/"},"modified":"2025-11-29T05:45:27","modified_gmt":"2025-11-29T05:45:27","slug":"derby-des-alpes-perdu-le-fc-annecy-dit-adieu-a-la-coupe-de-france","status":"publish","type":"post","link":"https:\/\/www.europesays.com\/fr\/566032\/","title":{"rendered":"Derby des Alpes perdu, le FC Annecy dit adieu \u00e0 la Coupe de France"},"content":{"rendered":"<p>Dans l\u2019unique duel entre \u00e9quipe de Ligue 2 de ce 8e tour de la Coupe de France, le FC Annecy rapidement r\u00e9duit \u00e0 10 s\u2019est inclin\u00e9 \u00e0 domicile (1-2) face \u00e0 Grenoble. Les parcours des Haut-Savoyards s&rsquo;arr\u00eate l\u00e0. <\/p>\n<p>Ce vendredi soir, le FC Annecy a perdu sa couronne de roi des Alpes et le droit de poursuivre l\u2019aventure en Coupe de France. Apr\u00e8s deux succ\u00e8s d\u2019affil\u00e9 (en championnat en 2025) face \u00e0 Grenoble, l\u2019\u00e9ternel rival d\u2019\u00e0 c\u00f4t\u00e9, les Haut-Savoyards qui \u00e9voluaient pourtant \u00e0 domicile mais dans un Parc des sports qui sonnait creux (4630 spectateurs seulement), ont cette fois c\u00e9d\u00e9. Rapidement r\u00e9duit \u00e0 10, le FC Annecy n\u2019a pas r\u00e9ussi \u00e0 r\u00e9sister \u00e0 des Is\u00e9rois qui repartent avec la qualification pour les 32es de finale et la satisfaction d\u2019avoir pris leur revanche.<\/p>\n<p>Un but et une expulsion<\/p>\n<p>Si l\u2019entame de match des joueurs de Laurent Guyot flirtait avec le presque parfait, Thibault Rambaud (5\u2019) transformait un p\u00e9nalty apr\u00e8s une faute grenobloise sur Fran\u00e7ois Lajugie, la suite virait \u00e0 l\u2019angoisse. Treizi\u00e8me minute, l\u2019exc\u00e8s d\u2019engagement de C\u00e9dric Makutungu plombait le reste de la partie. Carton rouge pour l\u2019Ann\u00e9cien, le FCA r\u00e9duit \u00e0 dix passait en <strong>mode commando<\/strong>. Soixante-dix-sept minutes \u00e0 serrer les dents et \u00e0 r\u00e9sister aux assauts grenoblois. La mission \u00e9tait compliqu\u00e9e mais \u00e0 la pause, les Ann\u00e9ciens viraient finalement en t\u00eate sans avoir r\u00e9ellement trembl\u00e9s \u00e0 l\u2019exception de deux interventions parfaites de Thomas Callens sur corners.<\/p>\n<p> Grenoble passe devant<\/p>\n<p>D\u00e8s le retour des vestiaires, Grenoble reprenait son travail de sape et Callens se mettait en \u00e9vidence (66\u2019). Mais sur le corner qui suivait, le gardien ann\u00e9cien ne pouvait rien faire. La t\u00eate d\u00e9crois\u00e9e de Diba (67\u2019) terminait au fond de ses filets. Une \u00e9galisation d\u2019autant plus rageante que trois minutes auparavant, Fran\u00e7ois Lajugie avait vu sa <strong>frappe d\u00e9tourn\u00e9e<\/strong> du bout des gants par Allain alors qu\u2019elle filait dans la lucarne. Revenu dans le match, les voisins is\u00e9rois acc\u00e9l\u00e9raient encore. Et sur un \u00e9ni\u00e8me centre, Diaby (79\u2019) d\u2019un plat du pied tout en finesse trompait Callens. Grenoble n\u2019avait plus qu\u2019\u00e0 contr\u00f4ler et savourer sa qualification. Pour le FCA, la Coupe c&rsquo;est fini.<\/p>\n","protected":false},"excerpt":{"rendered":"Dans l\u2019unique duel entre \u00e9quipe de Ligue 2 de ce 8e tour de la Coupe de France, le&hellip;\n","protected":false},"author":2,"featured_media":566033,"comment_status":"","ping_status":"","sticky":false,"template":"","format":"standard","meta":{"footnotes":""},"categories":[9566],"tags":[1111,11,2430,1777,674,1011,27,2731,12,25],"class_list":{"0":"post-566032","1":"post","2":"type-post","3":"status-publish","4":"format-standard","5":"has-post-thumbnail","7":"category-grenoble","8":"tag-actu","9":"tag-actualites","10":"tag-auvergne-rhone-alpes","11":"tag-eu","12":"tag-europe","13":"tag-fr","14":"tag-france","15":"tag-grenoble","16":"tag-news","17":"tag-republique-francaise"},"share_on_mastodon":{"url":"https:\/\/pubeurope.com\/@fr\/115631405407223495","error":""},"_links":{"self":[{"href":"https:\/\/www.europesays.com\/fr\/wp-json\/wp\/v2\/posts\/566032","targetHints":{"allow":["GET"]}}],"collection":[{"href":"https:\/\/www.europesays.com\/fr\/wp-json\/wp\/v2\/posts"}],"about":[{"href":"https:\/\/www.europesays.com\/fr\/wp-json\/wp\/v2\/types\/post"}],"author":[{"embeddable":true,"href":"https:\/\/www.europesays.com\/fr\/wp-json\/wp\/v2\/users\/2"}],"replies":[{"embeddable":true,"href":"https:\/\/www.europesays.com\/fr\/wp-json\/wp\/v2\/comments?post=566032"}],"version-history":[{"count":0,"href":"https:\/\/www.europesays.com\/fr\/wp-json\/wp\/v2\/posts\/566032\/revisions"}],"wp:featuredmedia":[{"embeddable":true,"href":"https:\/\/www.europesays.com\/fr\/wp-json\/wp\/v2\/media\/566033"}],"wp:attachment":[{"href":"https:\/\/www.europesays.com\/fr\/wp-json\/wp\/v2\/media?parent=566032"}],"wp:term":[{"taxonomy":"category","embeddable":true,"href":"https:\/\/www.europesays.com\/fr\/wp-json\/wp\/v2\/categories?post=566032"},{"taxonomy":"post_tag","embeddable":true,"href":"https:\/\/www.europesays.com\/fr\/wp-json\/wp\/v2\/tags?post=566032"}],"curies":[{"name":"wp","href":"https:\/\/api.w.org\/{rel}","templated":true}]}}