{"id":566034,"date":"2025-11-29T05:46:11","date_gmt":"2025-11-29T05:46:11","guid":{"rendered":"https:\/\/www.europesays.com\/fr\/566034\/"},"modified":"2025-11-29T05:46:11","modified_gmt":"2025-11-29T05:46:11","slug":"a-rennes-l214-vent-debout-contre-lenseigne-voici-pourquoi","status":"publish","type":"post","link":"https:\/\/www.europesays.com\/fr\/566034\/","title":{"rendered":"\u00e0 Rennes, L214 vent debout contre l&rsquo;enseigne, voici pourquoi"},"content":{"rendered":"<p>                    Par<br \/>\n        <strong><br \/>\n            <a href=\"https:\/\/actu.fr\/auteur\/laurene-fertin\" title=\"Consulter tous les articles de Laur\u00e8ne Fertin\" target=\"_blank\" rel=\"noopener\">Laur\u00e8ne Fertin<\/a><br \/>\n                    <\/strong><\/p>\n<p>        Publi\u00e9 le<\/p>\n<p>            29 nov. 2025 \u00e0 6h32        <\/p>\n<p>Les militants de l\u2019association <strong>L214<\/strong> souhaitent profiter du Black Friday pour<strong> sensibiliser les consommateurs<\/strong> des grandes surfaces, ce samedi 29\u00a0novembre 2025.<\/p>\n<p class=\" wall-content\">\u00c0 <strong>Rennes,<\/strong> mais \u00e9galement dans 35 villes en France, l\u2019association de protection animale demande en effet \u00ab\u2009une r\u00e9duction de 50\u2009% du nombre d\u2019animaux tu\u00e9s\u2009\u00bb dans les enseignes <strong>Carrefour.<\/strong><\/p>\n<p>\u00ab\u2009Un ticket de caisse g\u00e9ant\u2009\u00bb<\/p>\n<p class=\" wall-content\"><strong>De 14h \u00e0 16h,<\/strong> les manifestants seront mobilis\u00e9s devant le<strong> Carrefour du centre commercial Alma<\/strong>. Ces derniers d\u00e9rouleront un \u00ab\u2009ticket de caisse g\u00e9ant\u2009\u00bb, long de 12\u00a0m, en \u00e9num\u00e9rant les animaux tu\u00e9s chaque jour pour l\u2019enseigne de grande distribution.<\/p>\n<blockquote class=\"ac-article-quote wall-content\">\n<p>Le ticket ne listera pourtant qu&rsquo;une infime partie des 330\u00a0000 animaux terrestres abattus quotidiennement pour Carrefour\u00a0: 12 kilom\u00e8tres seraient n\u00e9cessaires pour tous les d\u00e9nombrer. En t\u00eate du ticket, un message clair\u00a0: \u00ab\u00a0Pour Carrefour, les animaux payent l\u2019addition.\u00a0\u00bb<\/p>\n<p>    <strong>L214<\/strong>\n            <\/p><\/blockquote>\n<p>\u00ab\u2009La cruelle r\u00e9alit\u00e9 des animaux \u00e9lev\u00e9s pour Carrefour\u2009\u00bb<\/p>\n<p class=\" wall-content\">L214 indique en effet que pour approvisionner ses rayons, Carrefour a \u00ab\u2009massivement <strong>recours \u00e0 l\u2019\u00e9levage intensif,<\/strong> y compris pour sa \u00ab\u2009Fili\u00e8re Qualit\u00e9 Carrefour\u2009\u00bb\u00bb.\u00a0<\/p>\n<blockquote class=\"ac-article-quote wall-content\">\n<p>Une enqu\u00eate men\u00e9e dans deux \u00e9levages bretons de cochons, qui appartiennent au pr\u00e9sident du g\u00e9ant de l\u2019industrie porcine Cooperl, r\u00e9v\u00e8le les conditions de vie indignes des animaux utilis\u00e9s pour l\u2019approvisionnement de l\u2019enseigne.<\/p>\n<p>    <strong>L214<\/strong>\n            <\/p><\/blockquote>\n<p>Votre r\u00e9gion, votre actu !<\/p>\n<p>Recevez chaque jour les infos qui comptent pour vous.<\/p>\n<p>\t<a href=\"https:\/\/actu.fr\/newsletter\" class=\"ac-btn ac-btn--corner ac-btn--medium ac-btn--blue800\" target=\"_blank\" rel=\"noopener\">S&rsquo;incrire<\/a><\/p>\n<p class=\" wall-content\">Lors de cette action, les militants exposeront <strong>des images<\/strong> issues de cette nouvelle enqu\u00eate, \u00ab\u2009r\u00e9v\u00e9lant la cruelle r\u00e9alit\u00e9 des animaux \u00e9lev\u00e9s pour Carrefour\u2009\u00bb\u2009: sol b\u00e9tonn\u00e9 sans acc\u00e8s \u00e0 l\u2019ext\u00e9rieur, truies encag\u00e9es, porcelets mutil\u00e9s\u2026<\/p>\n<p class=\" wall-content\"><strong>Une p\u00e9tition<\/strong> adress\u00e9e \u00e0 Carrefour, pourra, par ailleurs, \u00eatre sign\u00e9e par les personnes sensibilis\u00e9es.<\/p>\n<p class=\" wall-content\">Personnalisez votre actualit\u00e9 en ajoutant vos villes et m\u00e9dias en favori avec <a href=\"https:\/\/moncompte.actu.fr\" title=\"D\u00e9couvez Mon Actu\" rel=\"nofollow noopener\" data-trk=\"{&quot;cta&quot;:{&quot;action&quot;:&quot;https:\\\/\\\/moncompte.actu.fr&quot;,&quot;category&quot;:&quot;mon compte&quot;,&quot;from&quot;:&quot;article footer&quot;,&quot;name&quot;:&quot;Mon actu&quot;,&quot;type&quot;:&quot;cta&quot;}}\" target=\"_blank\">Mon Actu<\/a>.<\/p>\n","protected":false},"excerpt":{"rendered":"Par Laur\u00e8ne Fertin Publi\u00e9 le 29 nov. 2025 \u00e0 6h32 Les militants de l\u2019association L214 souhaitent profiter du&hellip;\n","protected":false},"author":2,"featured_media":566035,"comment_status":"","ping_status":"","sticky":false,"template":"","format":"standard","meta":{"footnotes":""},"categories":[2821],"tags":[1111,11,1867,829,1777,674,1011,27,1272,12,584,25,104],"class_list":{"0":"post-566034","1":"post","2":"type-post","3":"status-publish","4":"format-standard","5":"has-post-thumbnail","7":"category-rennes","8":"tag-actu","9":"tag-actualites","10":"tag-animaux","11":"tag-bretagne","12":"tag-eu","13":"tag-europe","14":"tag-fr","15":"tag-france","16":"tag-manifestations","17":"tag-news","18":"tag-rennes","19":"tag-republique-francaise","20":"tag-societe"},"share_on_mastodon":{"url":"https:\/\/pubeurope.com\/@fr\/115631409412578976","error":""},"_links":{"self":[{"href":"https:\/\/www.europesays.com\/fr\/wp-json\/wp\/v2\/posts\/566034","targetHints":{"allow":["GET"]}}],"collection":[{"href":"https:\/\/www.europesays.com\/fr\/wp-json\/wp\/v2\/posts"}],"about":[{"href":"https:\/\/www.europesays.com\/fr\/wp-json\/wp\/v2\/types\/post"}],"author":[{"embeddable":true,"href":"https:\/\/www.europesays.com\/fr\/wp-json\/wp\/v2\/users\/2"}],"replies":[{"embeddable":true,"href":"https:\/\/www.europesays.com\/fr\/wp-json\/wp\/v2\/comments?post=566034"}],"version-history":[{"count":0,"href":"https:\/\/www.europesays.com\/fr\/wp-json\/wp\/v2\/posts\/566034\/revisions"}],"wp:featuredmedia":[{"embeddable":true,"href":"https:\/\/www.europesays.com\/fr\/wp-json\/wp\/v2\/media\/566035"}],"wp:attachment":[{"href":"https:\/\/www.europesays.com\/fr\/wp-json\/wp\/v2\/media?parent=566034"}],"wp:term":[{"taxonomy":"category","embeddable":true,"href":"https:\/\/www.europesays.com\/fr\/wp-json\/wp\/v2\/categories?post=566034"},{"taxonomy":"post_tag","embeddable":true,"href":"https:\/\/www.europesays.com\/fr\/wp-json\/wp\/v2\/tags?post=566034"}],"curies":[{"name":"wp","href":"https:\/\/api.w.org\/{rel}","templated":true}]}}