{"id":566036,"date":"2025-11-29T05:47:11","date_gmt":"2025-11-29T05:47:11","guid":{"rendered":"https:\/\/www.europesays.com\/fr\/566036\/"},"modified":"2025-11-29T05:47:11","modified_gmt":"2025-11-29T05:47:11","slug":"ces-nouveaux-commerces-ont-ouvert-leurs-portes-a-rennes-en-novembre-voici-notre-carte","status":"publish","type":"post","link":"https:\/\/www.europesays.com\/fr\/566036\/","title":{"rendered":"Ces nouveaux commerces ont ouvert leurs portes \u00e0 Rennes en novembre\u00a0: voici notre carte"},"content":{"rendered":"<p>\u00c7a a boug\u00e9 dans les commerces de Rennes en novembre 2025. Sans compter les bars et restaurants, une dizaine d\u2019enseignes ont ouvert leurs portes dans diff\u00e9rents quartiers de la ville, proposant des produits et services vari\u00e9s. Du pr\u00eat-\u00e0-porter \u00e0 la boulangerie en passant par l\u2019\u00e9picerie italienne : voici la liste (non exhaustive) des nouveaux arrivants.<\/p>\n<p>&#8211;<strong>Harcour<\/strong>\ufeff, magasin de textile \u00e9questre et sportswear chic, 5 rue de La Motte-Fablet<\/p>\n<p>&#8211;<strong>Molto<\/strong>, \u00e9picerie italienne, 43 rue Ginguen\u00e9<\/p>\n<p>&#8211;<strong>Pain Lev\u00e9<\/strong>, <a href=\"https:\/\/www.instagram.com\/boulangerie_painleve\/?hl=am-et\" target=\"_blank\" rel=\"noopener\">boulangerie<\/a>, 46 boulevard Alexis Carrel<\/p>\n<p>&#8211;<strong>Aparen Mesure<\/strong>, tailleur sur mesure, 28 place des Lices<\/p>\n<p>&#8211;<strong>Jomo Studio<\/strong>, s\ufeffalle de sport, 9 boulevard de La Tour d\u2019Auvergne<\/p>\n<p>&#8211;<strong>Flying Tiger<\/strong>, <a href=\"https:\/\/www.letelegramme.fr\/ille-et-vilaine\/rennes-35000\/nous-sommes-tres-heureux-inedite-a-rennes-cette-celebre-enseigne-debarque-dans-le-centre-ville-6825145.php\" target=\"_blank\" rel=\"noopener\">b\ufeffoutique de cadeaux<\/a>, centre Colombia<\/p>\n<p>&#8211;<strong>Decathlon City<\/strong>, magasin d\u2019articles de sports, 3 rue Le Bastard<\/p>\n<p>&#8211;<strong>D\u00e9j\u00e0 Vu Silver Store<\/strong>, atelier-bijouterie, 3 rue Leperdit<\/p>\n<p>&#8211;<strong>Beau Jour Rennes<\/strong>, boutique de pr\u00eat-\u00e0-porter responsable, 9 rue Victor Hugo<\/p>\n<p>&#8211;<strong>Hejo<\/strong>, boutique \u00e9ph\u00e9m\u00e8re de mode, centre Colombia<\/p>\n<p><strong>Si vous avez ouvert en novembre mais que vous ne figurez pas dans notre article, o\u00f9 si vous souhaitez annoncer votre future ouverture, n\u2019h\u00e9sitez pas \u00e0 nous contacter \u00e0 rennes@letelegramme.fr<\/strong><\/p>\n<p><script async src=\"\/\/www.instagram.com\/embed.js\"><\/script><\/p>\n","protected":false},"excerpt":{"rendered":"\u00c7a a boug\u00e9 dans les commerces de Rennes en novembre 2025. Sans compter les bars et restaurants, une&hellip;\n","protected":false},"author":2,"featured_media":566037,"comment_status":"","ping_status":"","sticky":false,"template":"","format":"standard","meta":{"footnotes":""},"categories":[2821],"tags":[1111,11,829,2033,1777,674,1011,27,848,12,584,25],"class_list":{"0":"post-566036","1":"post","2":"type-post","3":"status-publish","4":"format-standard","5":"has-post-thumbnail","7":"category-rennes","8":"tag-actu","9":"tag-actualites","10":"tag-bretagne","11":"tag-commerces-a-rennes","12":"tag-eu","13":"tag-europe","14":"tag-fr","15":"tag-france","16":"tag-ille-et-vilaine","17":"tag-news","18":"tag-rennes","19":"tag-republique-francaise"},"share_on_mastodon":{"url":"https:\/\/pubeurope.com\/@fr\/115631413305948580","error":""},"_links":{"self":[{"href":"https:\/\/www.europesays.com\/fr\/wp-json\/wp\/v2\/posts\/566036","targetHints":{"allow":["GET"]}}],"collection":[{"href":"https:\/\/www.europesays.com\/fr\/wp-json\/wp\/v2\/posts"}],"about":[{"href":"https:\/\/www.europesays.com\/fr\/wp-json\/wp\/v2\/types\/post"}],"author":[{"embeddable":true,"href":"https:\/\/www.europesays.com\/fr\/wp-json\/wp\/v2\/users\/2"}],"replies":[{"embeddable":true,"href":"https:\/\/www.europesays.com\/fr\/wp-json\/wp\/v2\/comments?post=566036"}],"version-history":[{"count":0,"href":"https:\/\/www.europesays.com\/fr\/wp-json\/wp\/v2\/posts\/566036\/revisions"}],"wp:featuredmedia":[{"embeddable":true,"href":"https:\/\/www.europesays.com\/fr\/wp-json\/wp\/v2\/media\/566037"}],"wp:attachment":[{"href":"https:\/\/www.europesays.com\/fr\/wp-json\/wp\/v2\/media?parent=566036"}],"wp:term":[{"taxonomy":"category","embeddable":true,"href":"https:\/\/www.europesays.com\/fr\/wp-json\/wp\/v2\/categories?post=566036"},{"taxonomy":"post_tag","embeddable":true,"href":"https:\/\/www.europesays.com\/fr\/wp-json\/wp\/v2\/tags?post=566036"}],"curies":[{"name":"wp","href":"https:\/\/api.w.org\/{rel}","templated":true}]}}