{"id":566042,"date":"2025-11-29T05:50:23","date_gmt":"2025-11-29T05:50:23","guid":{"rendered":"https:\/\/www.europesays.com\/fr\/566042\/"},"modified":"2025-11-29T05:50:23","modified_gmt":"2025-11-29T05:50:23","slug":"collecte-nationale-des-banques-alimentaires-philippe-tabarot-attendu-a","status":"publish","type":"post","link":"https:\/\/www.europesays.com\/fr\/566042\/","title":{"rendered":"Collecte nationale des Banques Alimentaires : Philippe Tabarot attendu \u00e0 (\u2026)"},"content":{"rendered":"<p>                    <img loading=\"lazy\" decoding=\"async\" src=\"https:\/\/www.europesays.com\/fr\/wp-content\/uploads\/2025\/11\/b13f462c36273c3e9e868eca54c662.png\" class=\"img-responsive post-image\" width=\"680\" height=\"510\" alt=\"Collecte nationale des\" title=\"Collecte nationale des Banques Alimentaires : Philippe Tabarot attendu \u00e0 Nice ce samedi\"\/><\/p>\n<p class=\"chapo\">\u00c0 l\u2019occasion de la collecte nationale des Banques Alimentaires, organis\u00e9e chaque ann\u00e9e lors du dernier week-end de novembre gr\u00e2ce \u00e0 la mobilisation de plus de 110 000 b\u00e9n\u00e9voles, le ministre des Transports Philippe Tabarot se rendra ce samedi 29 novembre \u00e0 Nice, au sein de la Banque Alimentaire des Alpes-Maritimes.<\/p>\n<p>Invit\u00e9 par son pr\u00e9sident, <strong>Tony Amato,<\/strong> le ministre saluera l\u2019engagement des b\u00e9n\u00e9voles ainsi que celui des acteurs du transport et de la logistique, partenaires essentiels de cette op\u00e9ration solidaire. Il sera accueilli par <strong>Christian Estrosi,<\/strong> maire de Nice et pr\u00e9sident de la M\u00e9tropole Nice C\u00f4te d\u2019Azur, et \u00e9changera avec les entreprises m\u00e9c\u00e8nes qui mettent \u00e0 disposition camions, chauffeurs ou solutions de stockage. La com\u00e9dienne <strong>No\u00eblle Perna<\/strong>, marraine de l\u2019association, sera \u00e9galement pr\u00e9sente lors des prises de parole et des rencontres avec les \u00e9quipes mobilis\u00e9es.<br class=\"texte\"\/><br \/>\nLe d\u00e9placement se poursuivra ensuite dans la galerie commerciale du Carrefour Nice Lingosti\u00e8re, o\u00f9 Philippe Tabarot ira \u00e0 la rencontre des b\u00e9n\u00e9voles et des nombreux clients donateurs venus soutenir la collecte.<\/p>\n<p>Les 28, 29 et 30 novembre, les b\u00e9n\u00e9voles des Alpes-Maritimes collecteront dans les magasins partenaires les produits alimentaires secs et les produits d\u2019hygi\u00e8ne de premi\u00e8re n\u00e9cessit\u00e9 au profit des plus d\u00e9munis. <strong>Chaque petit geste compte<\/strong>, quelle que soit la quantit\u00e9 que chacun peut offrir.<br class=\"autobr\"\/><br \/>\nImplant\u00e9e depuis quarante ans dans les Alpes-Maritimes, la <a href=\"https:\/\/ba06.banquealimentaire.org\/\" class=\"spip_out\" rel=\"external noopener\" target=\"_blank\">Banque Alimentaire<\/a> permet \u00e0 une centaine d\u2019associations d\u2019\u00e9pauler <strong>36 000 b\u00e9n\u00e9ficiaires<\/strong>. L\u2019ann\u00e9e derni\u00e8re, ce sont<strong> 1.400 tonnes de produits alimentaires et d\u2019hygi\u00e8ne qui ont \u00e9t\u00e9 distribu\u00e9s.<\/strong><\/p>\n<p>Photo de Une\u00a0: \u00a9Banque Alimentaire<\/p>\n","protected":false},"excerpt":{"rendered":"\u00c0 l\u2019occasion de la collecte nationale des Banques Alimentaires, organis\u00e9e chaque ann\u00e9e lors du dernier week-end de novembre&hellip;\n","protected":false},"author":2,"featured_media":566043,"comment_status":"","ping_status":"","sticky":false,"template":"","format":"standard","meta":{"footnotes":""},"categories":[2819],"tags":[1111,11,2408,1777,674,1011,27,12,2401,882,25],"class_list":{"0":"post-566042","1":"post","2":"type-post","3":"status-publish","4":"format-standard","5":"has-post-thumbnail","7":"category-nice","8":"tag-actu","9":"tag-actualites","10":"tag-appels-d","11":"tag-eu","12":"tag-europe","13":"tag-fr","14":"tag-france","15":"tag-news","16":"tag-nice","17":"tag-provence-alpes-cote-dazur","18":"tag-republique-francaise"},"share_on_mastodon":{"url":"https:\/\/pubeurope.com\/@fr\/115631425746828189","error":""},"_links":{"self":[{"href":"https:\/\/www.europesays.com\/fr\/wp-json\/wp\/v2\/posts\/566042","targetHints":{"allow":["GET"]}}],"collection":[{"href":"https:\/\/www.europesays.com\/fr\/wp-json\/wp\/v2\/posts"}],"about":[{"href":"https:\/\/www.europesays.com\/fr\/wp-json\/wp\/v2\/types\/post"}],"author":[{"embeddable":true,"href":"https:\/\/www.europesays.com\/fr\/wp-json\/wp\/v2\/users\/2"}],"replies":[{"embeddable":true,"href":"https:\/\/www.europesays.com\/fr\/wp-json\/wp\/v2\/comments?post=566042"}],"version-history":[{"count":0,"href":"https:\/\/www.europesays.com\/fr\/wp-json\/wp\/v2\/posts\/566042\/revisions"}],"wp:featuredmedia":[{"embeddable":true,"href":"https:\/\/www.europesays.com\/fr\/wp-json\/wp\/v2\/media\/566043"}],"wp:attachment":[{"href":"https:\/\/www.europesays.com\/fr\/wp-json\/wp\/v2\/media?parent=566042"}],"wp:term":[{"taxonomy":"category","embeddable":true,"href":"https:\/\/www.europesays.com\/fr\/wp-json\/wp\/v2\/categories?post=566042"},{"taxonomy":"post_tag","embeddable":true,"href":"https:\/\/www.europesays.com\/fr\/wp-json\/wp\/v2\/tags?post=566042"}],"curies":[{"name":"wp","href":"https:\/\/api.w.org\/{rel}","templated":true}]}}