{"id":566044,"date":"2025-11-29T05:51:39","date_gmt":"2025-11-29T05:51:39","guid":{"rendered":"https:\/\/www.europesays.com\/fr\/566044\/"},"modified":"2025-11-29T05:51:39","modified_gmt":"2025-11-29T05:51:39","slug":"la-mise-au-point-de-fabrice-bocquet-sur-franck-haise","status":"publish","type":"post","link":"https:\/\/www.europesays.com\/fr\/566044\/","title":{"rendered":"la mise au point de Fabrice Bocquet sur Franck Haise"},"content":{"rendered":"<p>L\u2019OGC Nice est au plus mal. Balay\u00e9s par Porto, jeudi soir, les Aiglons sont, aujourd\u2019hui, la ris\u00e9e du football fran\u00e7ais sur la sc\u00e8ne europ\u00e9enne et ne brillent gu\u00e8re davantage en <a href=\"https:\/\/www.footmercato.net\/france\/ligue-1\/\" target=\"_blank\" rel=\"noopener\">Ligue 1<\/a>. 9e du classement apr\u00e8s la gifle re\u00e7ue contre l\u2019OM (1-5), le Gym ne s\u2019en sort pas. \u00abJe sais me remettre en cause et mes dirigeants le savent car je leur ai propos\u00e9 d\u2019\u00eatre l\u2019\u00e9lectrochoc apr\u00e8s le match contre l\u2019OM. Si \u00e7a doit \u00eatre la solution (son limogeage), je suis pr\u00eat \u00e0 l\u2019accepter. Je me bats avec nos armes mais si je dois \u00eatre un jour le fusible et la solution\u00bb, confiait m\u00eame <a href=\"https:\/\/www.footmercato.net\/entraineur\/franck-haise\" target=\"_blank\" rel=\"noopener\">Franck Haise<\/a> au sortir de la d\u00e9faite face au club portugais. Des propos qui n\u2019ont toutefois \u00abpas surpris\u00bb le pr\u00e9sident de Nice, Fabrice Bocquet. <\/p>\n<p>            La suite apr\u00e8s cette publicit\u00e9<\/p>\n<p>\u00abCe n\u2019\u00e9tait donc pas un secret pour le vestiaire et \u00e7a ne m\u2019a pas pos\u00e9 de probl\u00e8mes\u00bb, a tout d\u2019abord confi\u00e9 le boss azur\u00e9en au quotidien L\u2019Equipe avant d\u2019ajouter : \u00abil m\u2019a propos\u00e9 de partir sans d\u00e9missionner et je lui ai dit que je n\u2019\u00e9tais pas favorable \u00e0 cette solution. Il a \u00e9galement eu des \u00e9changes au t\u00e9l\u00e9phone dimanche avec Florian Maurice, le directeur sportif du club, lequel \u00e9tait sur la m\u00eame ligne que moi\u00bb. Et de conclure : \u00abce que je retiens dans le discours de Franck, c\u2019est son envie de continuer. Il a dit qu\u2019il ne voulait pas jeter l\u2019\u00e9ponge et ne voulait pas abandonner ses joueurs et c\u2019est l\u2019essentiel. Il faut \u00eatre r\u00e9silient, faire preuve d\u2019unit\u00e9. Je me suis battu il y a un an et demi pour que Franck et son staff nous rejoignent\u00bb.<\/p>\n<p>\n    Pub. le 28\/11\/2025 17:02<br \/>\n            &#8211; MAJ le 28\/11\/2025 20:01\n    <\/p>\n","protected":false},"excerpt":{"rendered":"L\u2019OGC Nice est au plus mal. Balay\u00e9s par Porto, jeudi soir, les Aiglons sont, aujourd\u2019hui, la ris\u00e9e du&hellip;\n","protected":false},"author":2,"featured_media":566045,"comment_status":"","ping_status":"","sticky":false,"template":"","format":"standard","meta":{"footnotes":""},"categories":[2819],"tags":[1111,11,1777,674,1011,27,12,2401,882,25],"class_list":{"0":"post-566044","1":"post","2":"type-post","3":"status-publish","4":"format-standard","5":"has-post-thumbnail","7":"category-nice","8":"tag-actu","9":"tag-actualites","10":"tag-eu","11":"tag-europe","12":"tag-fr","13":"tag-france","14":"tag-news","15":"tag-nice","16":"tag-provence-alpes-cote-dazur","17":"tag-republique-francaise"},"share_on_mastodon":{"url":"https:\/\/pubeurope.com\/@fr\/115631429166557108","error":""},"_links":{"self":[{"href":"https:\/\/www.europesays.com\/fr\/wp-json\/wp\/v2\/posts\/566044","targetHints":{"allow":["GET"]}}],"collection":[{"href":"https:\/\/www.europesays.com\/fr\/wp-json\/wp\/v2\/posts"}],"about":[{"href":"https:\/\/www.europesays.com\/fr\/wp-json\/wp\/v2\/types\/post"}],"author":[{"embeddable":true,"href":"https:\/\/www.europesays.com\/fr\/wp-json\/wp\/v2\/users\/2"}],"replies":[{"embeddable":true,"href":"https:\/\/www.europesays.com\/fr\/wp-json\/wp\/v2\/comments?post=566044"}],"version-history":[{"count":0,"href":"https:\/\/www.europesays.com\/fr\/wp-json\/wp\/v2\/posts\/566044\/revisions"}],"wp:featuredmedia":[{"embeddable":true,"href":"https:\/\/www.europesays.com\/fr\/wp-json\/wp\/v2\/media\/566045"}],"wp:attachment":[{"href":"https:\/\/www.europesays.com\/fr\/wp-json\/wp\/v2\/media?parent=566044"}],"wp:term":[{"taxonomy":"category","embeddable":true,"href":"https:\/\/www.europesays.com\/fr\/wp-json\/wp\/v2\/categories?post=566044"},{"taxonomy":"post_tag","embeddable":true,"href":"https:\/\/www.europesays.com\/fr\/wp-json\/wp\/v2\/tags?post=566044"}],"curies":[{"name":"wp","href":"https:\/\/api.w.org\/{rel}","templated":true}]}}