{"id":566046,"date":"2025-11-29T05:52:39","date_gmt":"2025-11-29T05:52:39","guid":{"rendered":"https:\/\/www.europesays.com\/fr\/566046\/"},"modified":"2025-11-29T05:52:39","modified_gmt":"2025-11-29T05:52:39","slug":"apres-les-craintes-dun-collectif-sur-le-projet-de-crematorium-pres-de-nantes-un-elu-rassure","status":"publish","type":"post","link":"https:\/\/www.europesays.com\/fr\/566046\/","title":{"rendered":"Apr\u00e8s les craintes d&rsquo;un collectif sur le projet de cr\u00e9matorium pr\u00e8s de Nantes, un \u00e9lu rassure"},"content":{"rendered":"<p>                    Par<br \/>\n        <strong><br \/>\n            <a href=\"https:\/\/actu.fr\/auteur\/vincent-malboeuf\" title=\"Consulter tous les articles de Vincent Malb\u0153uf\" target=\"_blank\" rel=\"noopener\">Vincent Malb\u0153uf<\/a><br \/>\n                    <\/strong><\/p>\n<p>        Publi\u00e9 le<\/p>\n<p>            28 nov. 2025 \u00e0 9h33        <\/p>\n<p>Rares sont les <b>projets en S\u00e8vre et Loire,<\/b> territoire de 50 000 habitants \u00e0 l\u2019est de Nantes (en Loire-Atlantique), qui ne passent pas au scanner du <a href=\"https:\/\/www.collenvisl.fr\/\" target=\"_blank\" rel=\"noopener\">collectif Environnement S\u00e8vre et Loire<\/a> depuis sa cr\u00e9ation en 2022.<\/p>\n<p class=\" wall-content\"><a href=\"https:\/\/actu.fr\/pays-de-la-loire\/le-loroux-bottereau_44084\/pour-ce-collectif-le-compte-ny-est-pas-dans-ce-futur-plan-local-durbanisme-pres-de-nantes_63420615.html\" target=\"_blank\" rel=\"noopener\">Apr\u00e8s le PLU intercommunal<\/a>, le <a href=\"https:\/\/actu.fr\/pays-de-la-loire\/le-loroux-bottereau_44084\/pourquoi-ce-projet-de-crematorium-en-loire-atlantique-prend-du-retard_63495338.html\" target=\"_blank\" rel=\"noopener\">projet de cr\u00e9matorium, au Loroux-Bottereau <\/a>(pr\u00e8s de Nantes), a \u00e9t\u00e9<b> scrut\u00e9 de pr\u00e8s. <\/b><\/p>\n<p class=\" wall-content\">Compos\u00e9 de citoyens \u00ab d\u00e9fendant les int\u00e9r\u00eats du vivant (humanit\u00e9, faune et flore), la biodiversit\u00e9 et la justice climatique et sociale \u00bb, il a rep\u00e9r\u00e9 \u00ab de nombreuses erreurs et omissions \u00bb.<\/p>\n<p>Douze pages envoy\u00e9es par le collectif Environnement S\u00e8vre et Loire<\/p>\n<p class=\" wall-content\">Douze pages <b>d\u00e9taill\u00e9es, argument\u00e9es et tr\u00e8s bien document\u00e9es<\/b> : c\u2019est la production que ce collectif vient d\u2019adresser au maire du Loroux-Bottereau dans le cadre de la <a href=\"https:\/\/www.loroux-bottereau.fr\/avis-de-participation-du-public-relatif-au-futur-crematorium\/\" target=\"_blank\" rel=\"noopener\">participation du public par voie \u00e9lectronique<\/a> au sujet de l\u2019implantation du projet du cr\u00e9matorium, qui n\u00e9cessit\u00e9 une modification du Plan local d\u2019urbanisme de la commune du Vignoble nantais.<\/p>\n<p class=\" wall-content\">Pour rappel, <b>cet \u00e9quipement doit s\u2019installer sur une prairie<\/b> de 6\u2009000 m2 situ\u00e9e entre la route des Grenouill\u00e8res, la RD 115 et le giratoire appel\u00e9 porte de Landemont.<\/p>\n<p>Vid\u00e9os : en ce moment sur Actu<\/p>\n<p class=\" wall-content\">Probl\u00e8me pour le Collectif, cette consultation qui s\u2019est termin\u00e9e jeudi 27 novembre s\u2019est faite sans avis de la <a href=\"https:\/\/www.mrae.developpement-durable.gouv.fr\/pays-de-la-loire-r24.html\" target=\"_blank\" rel=\"noopener\">Mission r\u00e9gionale de l\u2019autorit\u00e9 environnementale<\/a>.<\/p>\n<p>    <a href=\"https:\/\/maps.google.com\/maps?q=47.24165420000001,-1.3340134&amp;z=15&amp;output=embed\" title=\"Ouvrie le lien\" target=\"_blank\" rel=\"noopener\">Cliquez ici pour visualiser le contenu<\/a><\/p>\n<p>Votre r\u00e9gion, votre actu !<\/p>\n<p>Recevez chaque jour les infos qui comptent pour vous.<\/p>\n<p>\t<a href=\"https:\/\/actu.fr\/newsletter\" class=\"ac-btn ac-btn--corner ac-btn--medium ac-btn--blue800\" target=\"_blank\" rel=\"noopener\">S&rsquo;incrire<\/a><br \/>\nLe collectif s\u2019interroge sur l\u2019emplacement choisi<\/p>\n<p class=\" wall-content\">L\u2019association est aussi consciente du \u00ab besoin de cet \u00e9quipement de service public \u00bb sur le territoire, mais s\u2019interroge sur l\u2019emplacement choisi \u00e0 proximit\u00e9 du centre-ville du Loroux-Bottereau, sur un<b> terrain en pente de 9 % vers le Breil,<\/b> \u00ab ce qui pourrait g\u00e9n\u00e9rer des rejets polluants dans le Marais de Goulaine et \u00e0 terme dans l\u2019eau du robinet \u00bb.<\/p>\n<p class=\" wall-content\">Elle r\u00e9clame donc que l\u2019\u00e9tude d\u2019impact soit \u00ab enti\u00e8rement revue et corrig\u00e9e \u00bb pour qu\u2019elle soit soumise \u00e0 l\u2019avis de la MRAe (Mission r\u00e9gionale d\u2019autorit\u00e9 environnementale) pr\u00e9vu en janvier.<\/p>\n<p class=\" wall-content\">Le collectif s\u2019interroge sur le trafic routier de poids lourds sur la RD 115, \u00e0 proximit\u00e9 de la Zac du Plessis \u00ab o\u00f9 de nombreux projets d\u2019entrep\u00f4ts sont pass\u00e9s sous silence \u00bb.<\/p>\n<p class=\" wall-content\"><b>La rose des vents inqui\u00e8te ces citoyens<\/b> car ceux d\u2019Est-nord-est, \u00ab de plus en plus fr\u00e9quents, sont en direction de la ville du Loroux \u00bb.<\/p>\n<blockquote class=\"ac-article-quote wall-content\">\n<p>Dans un rayon de 2 km au sud-Ouest, sont recens\u00e9s 5 333 habitants et au moins 8 lieux o\u00f9 vivent des personnes vuln\u00e9rables qui encourent plus de risques : cr\u00e8che, \u00e9coles maternelles, \u00e9l\u00e9mentaires, coll\u00e8ges, h\u00f4pital, Ehpad, cabinets m\u00e9dicaux. Le p\u00f4le enfance \u00e9tant situ\u00e9 \u00e0 650 m\u00e8tres.<\/p>\n<p>Le collectif Environnement S\u00e8vre et Loire<\/p><\/blockquote>\n<p>    <img   decoding=\"async\" loading=\"lazy\" class=\"size-large\" src=\"https:\/\/www.europesays.com\/fr\/wp-content\/uploads\/2025\/11\/fd957c2794566b0d57c279456b0e57v-1-960x640.jpg\" alt=\"cr\u00e9matorium S\u00e8vre et Loire - Loroux-Bottereau - atelier Ronan Prineau\" width=\"960\" height=\"640\"\/><br \/>\n    Le cr\u00e9matorium du Loroux-Bottereau, pr\u00e8s de Nantes, est attendu en 2027 d\u00e9sormais. Sa construction a \u00e9t\u00e9 repouss\u00e9e d\u2019un an. \u00a9Atelier Ronan Prineau architecteDoutes sur la qualit\u00e9 de l\u2019eau et de l\u2019air\u2026<\/p>\n<p class=\" wall-content\">L\u2019arriv\u00e9e du cr\u00e9matorium n\u2019est<b> pas sans incidence <\/b>sur la qualit\u00e9 de l\u2019air, des sols, de l\u2019eau et sur la biodiversit\u00e9, avance le collectif.<\/p>\n<p class=\" wall-content\">Pour l\u2019air, \u00ab le tableau des polluants r\u00e9glement\u00e9s ne cite \u00e9tonnamment pas le mercure. Certes, un filtre ultra performant est pr\u00e9vu pour limiter les effets toxiques, mais un contr\u00f4le de ce filtre tous les 2\u00a0ans, est-il r\u00e9ellement suffisant ? Au cr\u00e9matorium de St-Jean-de-Boiseau, un contr\u00f4le est pr\u00e9vu tous les ans \u00bb.<\/p>\n<p class=\" wall-content\"><b>Pour les sols<\/b>, \u00ab rien n\u2019est dit des particules susceptibles de se retrouver dans la cha\u00eene alimentaire \u00bb. Pour l\u2019eau, les retomb\u00e9es atmosph\u00e9riques de la chemine \u00ab devront \u00eatre \u00e9tudi\u00e9es sur les milieux r\u00e9cepteurs \u00bb.<\/p>\n<p class=\" wall-content\">Enfin, sur la biodiversit\u00e9 :<\/p>\n<blockquote class=\"ac-article-quote wall-content\">\n<p>La proximit\u00e9 imm\u00e9diate de la coul\u00e9e du Breil et des \u00e9tangs des Grenouill\u00e8res n\u2019appara\u00eet pas dans l\u2019\u00e9tude. Rien n\u2019est dit des jardins familiaux, des sites d\u2019\u00e9co-p\u00e2turage, du corridor \u00e9cologique permettant \u00e0 la LPO (Ligue de protection des oiseaux) de mettre en \u0153uvre un ABC de la biodiversit\u00e9 et des g\u00eetes \u00e0 chauve-souris. Ces espaces naturels pris\u00e9s des Lorousains\u00b7es seront irr\u00e9m\u00e9diablement impact\u00e9s par les rejets atmosph\u00e9riques du cr\u00e9matorium.<\/p>\n<p>Le collectif Environnement S\u00e8vre et Loire<\/p><\/blockquote>\n<p>Contenu \u00ab\u00a0un peu alarmiste\u00a0\u00bb pour le vice-pr\u00e9sident de S\u00e8vre et Loire<\/p>\n<p class=\" wall-content\">Si Pascal Evin, vice-pr\u00e9sident de S\u00e8vre et Loire en charge du dossier, reconna\u00eet \u00ab\u00a0\u2009le niveau de comp\u00e9tence\u2009\u00a0\u00bb et le travail du collectif dans cette contribution,<b> le maire de La Regrippi\u00e8re<\/b> juge que son contenu \u00ab\u00a0\u2009est un peu alarmiste\u2009\u00a0\u00bb. Pour une raison simple.<\/p>\n<p class=\" wall-content\"><b>La MRAe va bien se prononcer <\/b>sur le dossier du cr\u00e9matorium du Loroux-Bottereau.<\/p>\n<blockquote class=\"ac-article-quote wall-content\">\n<p>Tout cela est sur la table. Ce qu\u2019il r\u00e9clame va venir. On est dans la proc\u00e9dure. La MRAe doit nous rendre ses conclusions dans le cadre du permis d\u2019exploitation, phase la plus importante qui est en cours d\u2019\u00e9laboration.<\/p>\n<p>Pascal Evin, vice-pr\u00e9sident de S\u00e8vre et Loire\u00a0<\/p><\/blockquote>\n<p class=\" wall-content\">La collectivit\u00e9 attend le retour de l\u2019autorit\u00e9 environnementale <b>\u00e0 la mi-janvier\u00a02026. <\/b>Ainsi que ceux des personnes publiques associ\u00e9es.<\/p>\n<p class=\" wall-content\">Apr\u00e8s\u2009? La collectivit\u00e9 aura plusieurs semaines pour apporter les r\u00e9ponses, avant de lancer une<b> nouvelle enqu\u00eate publique<\/b> esp\u00e9r\u00e9e pour f\u00e9vrier-mars\u00a02026.<\/p>\n<p class=\" wall-content\">Sur les craintes d\u00e9crites par le Collectif, l\u2019\u00e9lu entend \u00ab\u00a0\u2009les arguments\u2009\u00a0\u00bb, avant d\u2019ajouter qu\u2019il y a \u00ab\u00a0\u2009beaucoup d\u2019interpr\u00e9tations\u2009\u00a0\u00bb.<\/p>\n<p>    <img   decoding=\"async\" loading=\"lazy\" class=\"size-large\" src=\"https:\/\/www.europesays.com\/fr\/wp-content\/uploads\/2025\/11\/9fdba6ac55256063ca6ac5525f74cav-960x640.jpg\" alt=\"pascal Evin, maire La Regrippi\u00e8re&#10;les deux \u00ab\u00a0grands\u00a0\u00bb projets lanc\u00e9s&#10;Le maire, Pascal Evin. - 20210326_174523\" width=\"960\" height=\"640\"\/><br \/>\n    Pascal Evin, maire de La Regrippi\u00e8re et vice-pr\u00e9sident de S\u00e8vre et Loire en charge des solidarit\u00e9s. \u00a9HSM archivesDes installations \u00ab\u00a0\u2009hyper r\u00e9glement\u00e9es\u2009\u00a0\u00bb<\/p>\n<p class=\" wall-content\">\u00ab\u00a0\u2009On fera ce que les normes et les r\u00e9glementations nous disent de faire. Il n\u2019y a pas de quoi s\u2019agiter\u2009\u00a0\u00bb, poursuit Pascal Evin. Un exemple avec<b> les incidences sur la qualit\u00e9 de l\u2019air <\/b>que pointe le Collectif dans sa contribution.<\/p>\n<p class=\" wall-content\">Les cr\u00e9matoriums sont \u00e9quip\u00e9s \u00ab\u00a0\u2009de nouvelles g\u00e9n\u00e9rations de fours et de filtres qui ont fait leurs preuves\u2009\u00a0\u00bb, souligne le vice-pr\u00e9sident.<\/p>\n<p class=\" wall-content\">\u00ab\u00a0\u2009Ce type d\u2019installations est hyper r\u00e9glement\u00e9. Tout est suivi. La preuve, des cr\u00e9matoriums sont implant\u00e9s maintenant en plein centre-ville. C\u2019est le cas \u00e0 Cholet\u2009\u00a0\u00bb, ajoute l\u2019\u00e9lu qui n\u2019a pas re\u00e7u, \u00e0 ce jour, de demande de rencontre de la part du Collectif Environnement S\u00e8vre et Loire.<\/p>\n<p class=\" wall-content\">Personnalisez votre actualit\u00e9 en ajoutant vos villes et m\u00e9dias en favori avec <a href=\"https:\/\/moncompte.actu.fr\" title=\"D\u00e9couvez Mon Actu\" rel=\"nofollow noopener\" data-trk=\"{&quot;cta&quot;:{&quot;action&quot;:&quot;https:\\\/\\\/moncompte.actu.fr&quot;,&quot;category&quot;:&quot;mon compte&quot;,&quot;from&quot;:&quot;article footer&quot;,&quot;name&quot;:&quot;Mon actu&quot;,&quot;type&quot;:&quot;cta&quot;}}\" target=\"_blank\">Mon Actu<\/a>.<\/p>\n","protected":false},"excerpt":{"rendered":"Par Vincent Malb\u0153uf Publi\u00e9 le 28 nov. 2025 \u00e0 9h33 Rares sont les projets en S\u00e8vre et Loire,&hellip;\n","protected":false},"author":2,"featured_media":566047,"comment_status":"","ping_status":"","sticky":false,"template":"","format":"standard","meta":{"footnotes":""},"categories":[2818],"tags":[1111,11,1777,674,1011,27,766,12,2636,25,104,2900],"class_list":{"0":"post-566046","1":"post","2":"type-post","3":"status-publish","4":"format-standard","5":"has-post-thumbnail","7":"category-nantes","8":"tag-actu","9":"tag-actualites","10":"tag-eu","11":"tag-europe","12":"tag-fr","13":"tag-france","14":"tag-nantes","15":"tag-news","16":"tag-pays-de-la-loire","17":"tag-republique-francaise","18":"tag-societe","19":"tag-vignoble-nantais"},"share_on_mastodon":{"url":"https:\/\/pubeurope.com\/@fr\/115631433694217501","error":""},"_links":{"self":[{"href":"https:\/\/www.europesays.com\/fr\/wp-json\/wp\/v2\/posts\/566046","targetHints":{"allow":["GET"]}}],"collection":[{"href":"https:\/\/www.europesays.com\/fr\/wp-json\/wp\/v2\/posts"}],"about":[{"href":"https:\/\/www.europesays.com\/fr\/wp-json\/wp\/v2\/types\/post"}],"author":[{"embeddable":true,"href":"https:\/\/www.europesays.com\/fr\/wp-json\/wp\/v2\/users\/2"}],"replies":[{"embeddable":true,"href":"https:\/\/www.europesays.com\/fr\/wp-json\/wp\/v2\/comments?post=566046"}],"version-history":[{"count":0,"href":"https:\/\/www.europesays.com\/fr\/wp-json\/wp\/v2\/posts\/566046\/revisions"}],"wp:featuredmedia":[{"embeddable":true,"href":"https:\/\/www.europesays.com\/fr\/wp-json\/wp\/v2\/media\/566047"}],"wp:attachment":[{"href":"https:\/\/www.europesays.com\/fr\/wp-json\/wp\/v2\/media?parent=566046"}],"wp:term":[{"taxonomy":"category","embeddable":true,"href":"https:\/\/www.europesays.com\/fr\/wp-json\/wp\/v2\/categories?post=566046"},{"taxonomy":"post_tag","embeddable":true,"href":"https:\/\/www.europesays.com\/fr\/wp-json\/wp\/v2\/tags?post=566046"}],"curies":[{"name":"wp","href":"https:\/\/api.w.org\/{rel}","templated":true}]}}