{"id":566048,"date":"2025-11-29T05:53:17","date_gmt":"2025-11-29T05:53:17","guid":{"rendered":"https:\/\/www.europesays.com\/fr\/566048\/"},"modified":"2025-11-29T05:53:17","modified_gmt":"2025-11-29T05:53:17","slug":"pres-de-nantes-ce-sans-abri-setait-senti-riche-apres-avoir-vole-la-carte-essence-de-son-travail","status":"publish","type":"post","link":"https:\/\/www.europesays.com\/fr\/566048\/","title":{"rendered":"Pr\u00e8s de Nantes, ce sans-abri s\u2019\u00e9tait senti riche apr\u00e8s avoir vol\u00e9 la carte essence de son travail"},"content":{"rendered":"<p>                    Par<br \/>\n        <strong><br \/>\n            <a href=\"https:\/\/actu.fr\/auteur\/laurent-fortin\" title=\"Consulter tous les articles de Laurent Fortin\" target=\"_blank\" rel=\"noopener\">Laurent Fortin<\/a><br \/>\n                    <\/strong><\/p>\n<p>        Publi\u00e9 le<\/p>\n<p>            28 nov. 2025 \u00e0 22h58        <\/p>\n<p>Ce <b>Nantais de 45\u00a0ans<\/b> n\u2019y \u00e9tait pas all\u00e9 de main morte. Il avait pr\u00e9cis\u00e9ment<b> ponctionn\u00e9 1\u2009835,61\u00a0\u20ac sur les comptes<\/b> de <a href=\"https:\/\/la-grillonnais.apf-francehandicap.org\/\" target=\"_blank\" rel=\"noopener\">cet institut<\/a> de<a href=\"https:\/\/actu.fr\/pays-de-la-loire\/basse-goulaine_44009\" target=\"_blank\" rel=\"noopener\"><b> Basse-Goulaine <\/b><\/a>affili\u00e9 \u00e0 <b>l\u2019Association des Paralys\u00e9s de France<\/b> (APF) \u2013<b> France Handicap,<\/b> qui \u0153uvre \u00e0<b> l\u2019insertion professionnelle des 16-25\u00a0ans<\/b> \u00ab\u2009en situation de handicap moteur\u2009\u00bb des r\u00e9gions <b>Bretagne<\/b>, <b>Pays-de-la-Loire<\/b>, <b>Nouvelle-Aquitaine<\/b> et <b>Centre-Val de Loire, <\/b>pour lequel il travaillait.<\/p>\n<p class=\" wall-content\">Cet employ\u00e9 en int\u00e9rim pour une courte p\u00e9riode avait en fait \u00e9t\u00e9 \u00ab<b>\u2009affect\u00e9 \u00e0 la conduite d\u2019un v\u00e9hicule frigorifique<\/b>\u2009\u00bb entre le <b>16 et le 23\u00a0mai 2023.<\/b> L\u2019IEM-FP s\u2019\u00e9tait alors \u00ab\u2009tr\u00e8s rapidement aper\u00e7u\u2009\u00bb qu\u2019il y avait des \u00ab\u2009<b>anomalies\u2009\u00bb dans sa comptabilit\u00e9<\/b>\u2009: \u00ab\u2009quinze op\u00e9rations d\u2019achat\u2009\u00bb de carburant avaient \u00e9t\u00e9 faites en dix jours, entre le<b> 19 et le 29\u00a0mai 2023\u2026<\/b><\/p>\n<p class=\" wall-content\">De son c\u00f4t\u00e9, \u00ab\u2009d\u00e8s le 23\u00a0mai 2023\u2009\u00bb, le quadrag\u00e9naire avait \u00ab\u2009appel\u00e9 son agence d\u2019int\u00e9rim\u2009\u00bb pour dire qu\u2019il avait \u00ab<b>\u2009fait une b\u00eatise<\/b>\u2009\u00bb et qu\u2019il \u00e9tait \u00ab\u2009pr\u00eat en assumer les cons\u00e9quences\u2009\u00bb\u2009: il leur avait expliqu\u00e9 s\u2019\u00eatre aper\u00e7u apr\u00e8s la fin de son contrat qu\u2019il avait<b> \u00ab\u2009oubli\u00e9\u2009\u00bb de rendre la carte carburant<\/b> et qu\u2019il avait ensuite \u00ab\u2009vrill\u00e9\u2009\u00bb \u00e0 l\u2019id\u00e9e de se faire \u00ab\u2009de l\u2019argent facile\u2009\u00bb.<\/p>\n<p class=\" wall-content\">Cet allocataire du <b>Revenu de solidarit\u00e9 active<\/b> (RSA) avait en effet rempli \u00ab\u2009plusieurs bidons de diesel\u2009\u00bb qu\u2019il avait \u00ab\u2009revendus \u00e0 des particuliers\u2009\u00bb, se faisant ainsi<b> \u00ab\u2009650\u00a0\u20ac de b\u00e9n\u00e9fices\u2009\u00bb<\/b>. L\u2019argent avait \u00e9t\u00e9 <b>d\u00e9pens\u00e9 dans \u00ab\u2009des denr\u00e9es alimentaires\u2009\u00bb, \u00ab\u2009des cigarettes\u2009\u00bb, <\/b>\u00ab\u2009de l\u2019alcool\u2009\u00bb et \u00ab\u2009des sorties en bo\u00eete de nuit\u2009\u00bb, avait-il list\u00e9 devant les gendarmes qui l\u2019avaient entendu.<\/p>\n<p>\u00ab\u2009On court encore apr\u00e8s les sommes\u2009\u00bb<\/p>\n<p class=\" wall-content\">Il avait finalement <b>\u00ab\u2009d\u00e9chir\u00e9\u2009\u00bb la carte Total<\/b> et l\u2019avait \u00ab\u2009jet\u00e9e sur la route\u2009\u00bb apr\u00e8s avoir commis ses m\u00e9faits\u2009: <b>ce p\u00e8re de deux enfants majeurs \u00e9tait \u00ab\u2009\u00e0 la rue\u2009\u00bb et dormait \u00ab\u2009dans sa voiture\u2009\u00bb<\/b> apr\u00e8s avoir \u00e9t\u00e9 \u00ab\u2009mis \u00e0 la porte par sa femme\u2009\u00bb, avait-il expliqu\u00e9. Sur un plan judiciaire, il \u00e9tait connu pour<b> deux condamnations en date de\u00a02011 et\u00a02019.<\/b><\/p>\n<p>Vid\u00e9os : en ce moment sur Actu<\/p>\n<p class=\" wall-content\">Pour ces faits, le p<b>r\u00e9venu aurait d\u00fb faire l\u2019objet d\u2019une simple composition p\u00e9nale<\/b>, c\u2019est-\u00e0-dire une alternative au proc\u00e8s public\u2009; mais la proc\u00e9dure s\u2019est sold\u00e9e par un \u00ab\u2009\u00e9chec\u2009\u00bb, a expliqu\u00e9, lors de l\u2019audience, la pr\u00e9sidente du tribunal correctionnel de Nantes, puisqu\u2019il n\u2019a \u00ab\u2009pas pay\u00e9 l\u2019amende\u2009\u00bb convenue avec <b>le parquet et a \u00ab\u2009juste fait un virement de 306\u00a0\u20ac\u00bb \u00e0 l\u2019association.<\/b><\/p>\n<p>Votre r\u00e9gion, votre actu !<\/p>\n<p>Recevez chaque jour les infos qui comptent pour vous.<\/p>\n<p>\t<a href=\"https:\/\/actu.fr\/newsletter\" class=\"ac-btn ac-btn--corner ac-btn--medium ac-btn--blue800\" target=\"_blank\" rel=\"noopener\">S&rsquo;incrire<\/a><\/p>\n<blockquote class=\"ac-article-quote wall-content\">\n<p>Il a \u00e9t\u00e9 relanc\u00e9 \u00e0 maintes et maintes reprises, mais en a fait fi\u2026 C\u2019est pour \u00e7a qu\u2019on en est l\u00e0 aujourd\u2019hui. L\u2019utilisation de l\u2019argent fut aux antipodes de sa destination initiale.<\/p>\n<p>L\u2019avocate de l\u2019IEM-FP<\/p><\/blockquote>\n<p class=\" wall-content\">Elle avait donc <b>r\u00e9clam\u00e9 le paiement des 1\u2009529,61\u00a0\u20ac restants, <\/b>mais aussi 500\u00a0\u20ac pour le \u00ab\u2009pr\u00e9judice moral\u2009\u00bb de la structure et 800\u00a0\u20ac de frais de justice.<\/p>\n<blockquote class=\"ac-article-quote wall-content\">\n<p>Deux ans apr\u00e8s, on en est encore \u00e0 courir apr\u00e8s les sommes. La confiance a \u00e9t\u00e9 bris\u00e9e avec cet int\u00e9rimaire qui fuit constamment ses responsabilit\u00e9s.<\/p>\n<\/blockquote>\n<blockquote class=\"ac-article-quote wall-content\">\n<p>L\u2019objet de l\u2019association rajoute au caract\u00e8re tr\u00e8s d\u00e9sagr\u00e9able de l\u2019infraction. Ces d\u00e9tournements ne sont pas du tout justifi\u00e9s par un quelconque \u00e9tat de n\u00e9cessit\u00e9, mais par une pure recherche de profit.<\/p>\n<p>La procureure de la R\u00e9publique<\/p><\/blockquote>\n<p class=\" wall-content\">La composition p\u00e9nale qui avait \u00e9t\u00e9 initialement propos\u00e9e au pr\u00e9venu \u00e9tait par ailleurs une \u00ab\u2009mesure de faveur\u2009\u00bb. <b>Elle avait donc requis une amende de 1\u2009000\u00a0\u20ac pour le Tr\u00e9sor public et six mois de prison avec sursis probatoire<\/b> assortis d\u2019une obligation de travail et \u00ab\u2009surtout\u2009\u00bb d\u2019indemniser l\u2019IEM-FP.<\/p>\n<p class=\" wall-content\">Le pr\u00e9venu, <b>absent de son proc\u00e8s<\/b>, a finalement \u00e9cop\u00e9 de <b>trois semaines de travail d\u2019int\u00e9r\u00eat g\u00e9n\u00e9ral<\/b> (TIG) au profit d\u2019une association ou d\u2019une collectivit\u00e9\u2009; s\u2019il ne s\u2019y plie pas, il devra <b>payer une amende de 1\u2009500\u00a0\u20ac au Tr\u00e9sor public. <\/b>Il a par ailleurs \u00e9t\u00e9 d\u00e9clar\u00e9 in\u00e9ligible pour un an et <b>devra verser 1\u2009529,61\u00a0\u20ac \u00e0 l\u2019IEM-FP pour son \u00ab\u2009pr\u00e9judice mat\u00e9riel\u2009\u00bb et 800\u00a0\u20ac pour ses frais de justic<\/b>e. Il n\u2019y aura en revanche pas d\u2019indemnisation au titre du \u00ab\u2009pr\u00e9judice moral\u2009\u00bb de l\u2019IEM-FP de la Grillonnais, aucune \u00ab\u2009atteinte \u00e0 l\u2019image\u2009\u00bb de l\u2019association n\u2019ayant \u00e9t\u00e9 d\u00e9montr\u00e9e. <b>Le jugement a \u00e9t\u00e9 frapp\u00e9 d\u2019ex\u00e9cution provisoire<\/b>, ce qui signifie qu\u2019il s\u2019applique d\u00e8s \u00e0 pr\u00e9sent, m\u00eame si son ancien int\u00e9rimaire venait \u00e0 en faire appel.<\/p>\n<p class=\" wall-content\">Personnalisez votre actualit\u00e9 en ajoutant vos villes et m\u00e9dias en favori avec <a href=\"https:\/\/moncompte.actu.fr\" title=\"D\u00e9couvez Mon Actu\" rel=\"nofollow noopener\" data-trk=\"{&quot;cta&quot;:{&quot;action&quot;:&quot;https:\\\/\\\/moncompte.actu.fr&quot;,&quot;category&quot;:&quot;mon compte&quot;,&quot;from&quot;:&quot;article footer&quot;,&quot;name&quot;:&quot;Mon actu&quot;,&quot;type&quot;:&quot;cta&quot;}}\" target=\"_blank\">Mon Actu<\/a>.<\/p>\n","protected":false},"excerpt":{"rendered":"Par Laurent Fortin Publi\u00e9 le 28 nov. 2025 \u00e0 22h58 Ce Nantais de 45\u00a0ans n\u2019y \u00e9tait pas all\u00e9&hellip;\n","protected":false},"author":2,"featured_media":566049,"comment_status":"","ping_status":"","sticky":false,"template":"","format":"standard","meta":{"footnotes":""},"categories":[2818],"tags":[1111,11,646,1777,674,118,1011,27,303,766,12,2636,25,2900],"class_list":{"0":"post-566048","1":"post","2":"type-post","3":"status-publish","4":"format-standard","5":"has-post-thumbnail","7":"category-nantes","8":"tag-actu","9":"tag-actualites","10":"tag-automobile","11":"tag-eu","12":"tag-europe","13":"tag-faits-divers","14":"tag-fr","15":"tag-france","16":"tag-justice","17":"tag-nantes","18":"tag-news","19":"tag-pays-de-la-loire","20":"tag-republique-francaise","21":"tag-vignoble-nantais"},"share_on_mastodon":{"url":"https:\/\/pubeurope.com\/@fr\/115631436879984673","error":""},"_links":{"self":[{"href":"https:\/\/www.europesays.com\/fr\/wp-json\/wp\/v2\/posts\/566048","targetHints":{"allow":["GET"]}}],"collection":[{"href":"https:\/\/www.europesays.com\/fr\/wp-json\/wp\/v2\/posts"}],"about":[{"href":"https:\/\/www.europesays.com\/fr\/wp-json\/wp\/v2\/types\/post"}],"author":[{"embeddable":true,"href":"https:\/\/www.europesays.com\/fr\/wp-json\/wp\/v2\/users\/2"}],"replies":[{"embeddable":true,"href":"https:\/\/www.europesays.com\/fr\/wp-json\/wp\/v2\/comments?post=566048"}],"version-history":[{"count":0,"href":"https:\/\/www.europesays.com\/fr\/wp-json\/wp\/v2\/posts\/566048\/revisions"}],"wp:featuredmedia":[{"embeddable":true,"href":"https:\/\/www.europesays.com\/fr\/wp-json\/wp\/v2\/media\/566049"}],"wp:attachment":[{"href":"https:\/\/www.europesays.com\/fr\/wp-json\/wp\/v2\/media?parent=566048"}],"wp:term":[{"taxonomy":"category","embeddable":true,"href":"https:\/\/www.europesays.com\/fr\/wp-json\/wp\/v2\/categories?post=566048"},{"taxonomy":"post_tag","embeddable":true,"href":"https:\/\/www.europesays.com\/fr\/wp-json\/wp\/v2\/tags?post=566048"}],"curies":[{"name":"wp","href":"https:\/\/api.w.org\/{rel}","templated":true}]}}