{"id":566057,"date":"2025-11-29T05:58:26","date_gmt":"2025-11-29T05:58:26","guid":{"rendered":"https:\/\/www.europesays.com\/fr\/566057\/"},"modified":"2025-11-29T05:58:26","modified_gmt":"2025-11-29T05:58:26","slug":"sofiane-pamart-se-confie-sur-son-retour-dans-le-nord","status":"publish","type":"post","link":"https:\/\/www.europesays.com\/fr\/566057\/","title":{"rendered":"Sofiane Pamart se confie sur son retour dans le Nord"},"content":{"rendered":"<p>Sofiane Pamart \u00e9tait de passage dans le nord de la France, avec trois concerts successifs au Colis\u00e9e de Roubaix ces 25, 26 et 27 novembre. Trois dates avec une saveur toute particuli\u00e8re pour l\u2019artiste originaire d\u2019Hellemmes, en banlieue lilloise, qui revenait \u00ab \u00e0 la maison \u00bb apr\u00e8s s\u2019en \u00eatre tant \u00e9loign\u00e9.<\/p>\n<p>Install\u00e9 \u00e0 Los Angeles, Sofiane Pamart est de retour en France pour son 2025 Piano Tour, une tourn\u00e9e de 27 dates dans dix villes diff\u00e9rentes (Marseille, Lyon, Bordeaux, Toulouse, Roubaix, Strasbourg, Luxembourg, Le Havre, Nantes, Rennes). Les trois concerts roubaisiens faisaient figure de retour en terrain connu pour le pianiste. N\u00e9 \u00e0 Hellemmes en 1990, il fait ses gammes au conservatoire de Lille, o\u00f9 il obtient la m\u00e9daille d\u2019or au terme de 16 ann\u00e9es de pratique. Le 22 f\u00e9vrier 2025, Martine Aubry lui d\u00e9cerne une autre m\u00e9daille d\u2019or, celle de la ville de Lille.<\/p>\n<p>\u201cC\u2019est toujours compliqu\u00e9 de jouer \u00e0 domicile\u201d<\/p>\n<p>Revenir l\u00e0 o\u00f9 tout a commenc\u00e9 est un plaisir autant qu\u2019une source de pression suppl\u00e9mentaire, pour celui qui a <a class=\"underline--magical\" href=\"https:\/\/www.peperenews.fr\/les-nuits-secretes-un-week-end-nuageux-eclaire-par-des-performances-marquantes\/\" target=\"_blank\" rel=\"noopener\">tant d\u2019attaches \u00e0 sa r\u00e9gion natale<\/a> : \u00ab C\u2019est toujours compliqu\u00e9 de jouer \u00e0 domicile, car ma famille et mes amis viennent me voir \u00bb explique-t-il. \u00ab C\u2019est intimidant de jouer devant ses proches. C\u2019est parfois m\u00eame plus difficile de jouer devant des gens qu\u2019on conna\u00eet que devant des inconnus. \u00bb Pour son premier soir au Colis\u00e9e, l\u2019artiste a d\u00e9livr\u00e9 sa performance devant de nombreux visages familiers, partageant m\u00eame avec son petit fr\u00e8re Adam Pamart un quatre-mains \u00e0 la fin de ce concert \u00e0 l\u2019atmosph\u00e8re intimiste.<\/p>\n<p>Une soir\u00e9e o\u00f9 Sofiane Pamart a entrem\u00eal\u00e9 ses morceaux les plus incontournables \u00e0 des exclusivit\u00e9s, naviguant entre ambiances recueillies et d\u00e9monstrations plus enlev\u00e9es. Une proposition qui a su s\u00e9duire un public de tous \u00e2ges, cr\u00e9ant une v\u00e9ritable rencontre interg\u00e9n\u00e9rationnelle. Suzanne, lyc\u00e9enne, raconte : \u00ab Je l\u2019ai connu gr\u00e2ce \u00e0 ma m\u00e8re, qui a d\u00e9couvert Sofiane Pamart sur France Inter. Depuis, j\u2019\u00e9coute et j\u2019adore. \u00bb Plaisir partag\u00e9 par les 1 700 spectateurs, qui se sont lev\u00e9s comme un seul homme pour applaudir le musicien au terme de sa prestation. \u00ab C\u2019est la premi\u00e8re fois qu\u2019on va \u00e0 l\u2019un de ses concerts et on a beaucoup aim\u00e9 \u00bb raconte Steven, \u00e9tudiant. \u00ab M\u00eame s\u2019il n\u2019a pas parl\u00e9 avec son public, tous ses sentiments se sont retranscrits dans sa musique \u00bb ajoute Madeleine. <\/p>\n<p>Si le pianiste arbore un in\u00e9branlable sourire sur sc\u00e8ne, il y reste muet, comme \u00e0 son habitude. Affichant la volont\u00e9 de laisser toute la place \u00e0 la voix de son piano, il dispara\u00eet m\u00eame compl\u00e8tement dans l\u2019obscurit\u00e9 au moment d\u2019interpr\u00e9ter son morceau Aurora.\u00a0<\/p>\n<p>\u00a0<\/p>\n<p><img loading=\"lazy\" decoding=\"async\" class=\"wp-image-57845 size-full lazyload\" src=\"https:\/\/www.europesays.com\/fr\/wp-content\/uploads\/2025\/11\/IMG_1374-e1764264709526.jpg\" alt=\"Sofiane Pamart Roubaix Colis\u00e9e Hellemmes\" width=\"3185\" height=\"1794\" data-  \/>Les notes de piano ont parcouru l\u2019enceinte du Colis\u00e9e durant 1h15. \u00a9 Juliette Mateu \/ P\u00e9p\u00e8re News<br \/>\n\u201cJ\u2019aime les petites salles, qui me permettent d\u2019\u00eatre proche de mon public\u201d<\/p>\n<p>Sofiane Pamart affiche une volont\u00e9 croissante de cr\u00e9er du lien avec son public. Le pianiste d\u00e9veloppe au cours de la soir\u00e9e des interactions avec l\u2019auditoire, sur la base de diff\u00e9rentes rythmiques d\u2019applaudissements en symbiose avec les notes de piano. \u00ab On a trouv\u00e9 super le fait qu\u2019il nous fasse participer \u00bb se r\u00e9jouit Suzanne. Le musicien d\u00e9clenche m\u00eame des rires, par des jeux de notes et d\u2019\u00e9clairage. Cet ensemble d\u2019initiatives permet au public de devenir acteur du concert, de r\u00e9duire la distance entre la sc\u00e8ne et les gradins. <\/p>\n<p>Mais c\u2019est surtout pendant l\u2019apr\u00e8s-concert que ce lien se concr\u00e9tise vraiment, \u00e0 travers une s\u00e9ance de d\u00e9dicaces et de photos \u00e0 laquelle l\u2019artiste s\u2019adonne. Des moments privil\u00e9gi\u00e9s rendus possibles par le choix de salles \u00e0 taille humaine : bien loin de son show \u00e0 Bercy et ses 20 000 places en 2022, ou de <a class=\"underline--magical\" href=\"https:\/\/www.facebook.com\/share\/v\/17moZL2mEF\/\" target=\"_blank\" rel=\"noopener\">son interpr\u00e9tation<\/a> du classique\u00a0Imagine de John Lennon avec Juliette Armanet lors de la c\u00e9r\u00e9monie d\u2019ouverture des Jeux olympiques de Paris 2024.\u00a0Zo\u00e9 Salamand, directrice de production, en t\u00e9moigne : \u00ab Le rythme de la tourn\u00e9e est intense mais les jauges sont souvent plus restreintes, cela lui permet d\u2019\u00e9changer\u00a0avec son public apr\u00e8s les concerts. \u00bb\u00a0Le principal concern\u00e9 se r\u00e9jouit de cette opportunit\u00e9 : \u00ab J\u2019aime les petites salles, qui me permettent d\u2019\u00eatre proche de mon public. J\u2019ai produit \u00e0 Los Angeles un album dont je suis tr\u00e8s fier, je veux prendre le temps d\u2019en parler en petit comit\u00e9 \u00e0 travers cette tourn\u00e9e en France \u00bb. <\/p>\n<p>\u201cMon prochain album sera, de loin, mon plus ambitieux\u201d<\/p>\n<p>En qu\u00eate de distance, de calme et de soleil, Sofiane Pamart vit depuis mars 2024 sur la c\u00f4te ouest des Etats-Unis, dans les hauteurs de Los Angeles. Il semble y avoir trouv\u00e9 la formule de son prochain album, dont la sortie est pr\u00e9vue pour avril 2026. Le d\u00e9sormais californien ne cache pas sa fiert\u00e9 et les espoirs qu\u2019il porte en son travail : \u00ab Ce soir, j\u2019ai fait deux clins d\u2019\u0153il \u00e0 de nouveaux th\u00e8mes abord\u00e9s dans mon futur projet. Mon prochain album sera, de loin, mon plus ambitieux \u00bb.\u00a0<\/p>\n<p>Et lorsque la distance physique s\u00e9pare les fans du pianiste, ce dernier trouve de nouvelles mani\u00e8res de communiquer. Dans sa newsletter Piano Scene, il diss\u00e9mine deux fois par semaine des informations sur ce fameux projet, tout en partageant son processus cr\u00e9atif, ses sources d\u2019inspiration ou encore son mode de vie. Sofiane Pamart nous proposait un tour du monde musical \u00e0 travers Planet. Letter constituait un message de gratitude envers son auditoire par l\u2019interm\u00e9diaire de l\u2019ordre des pistes (Dear, Public, Your, Love, Saved, Me, From, Solitude, Forever\u2026) Il explorait la dimension introspective de la nuit au fil de Noche ; le myst\u00e8re reste encore entier sur ce qui fera la singularit\u00e9 du quatri\u00e8me accomplissement solo du compositeur \u00e0 l\u2019univers \u00e9clectique.<\/p>\n<p>\t\tS&rsquo;abonner \u00e0 notre newsletter\t<\/p>\n<p>\n\t\tTenez-vous inform\u00e9s des derni\u00e8res actualit\u00e9s du P\u00e9p\u00e8re News et recevez chaque mois votre newsletter.\t<\/p>\n","protected":false},"excerpt":{"rendered":"Sofiane Pamart \u00e9tait de passage dans le nord de la France, avec trois concerts successifs au Colis\u00e9e de&hellip;\n","protected":false},"author":2,"featured_media":566058,"comment_status":"","ping_status":"","sticky":false,"template":"","format":"standard","meta":{"footnotes":""},"categories":[2815],"tags":[1111,11,1777,674,1011,27,811,1307,12,25],"class_list":{"0":"post-566057","1":"post","2":"type-post","3":"status-publish","4":"format-standard","5":"has-post-thumbnail","7":"category-lille","8":"tag-actu","9":"tag-actualites","10":"tag-eu","11":"tag-europe","12":"tag-fr","13":"tag-france","14":"tag-hauts-de-france","15":"tag-lille","16":"tag-news","17":"tag-republique-francaise"},"share_on_mastodon":{"url":"https:\/\/pubeurope.com\/@fr\/115631458582822670","error":""},"_links":{"self":[{"href":"https:\/\/www.europesays.com\/fr\/wp-json\/wp\/v2\/posts\/566057","targetHints":{"allow":["GET"]}}],"collection":[{"href":"https:\/\/www.europesays.com\/fr\/wp-json\/wp\/v2\/posts"}],"about":[{"href":"https:\/\/www.europesays.com\/fr\/wp-json\/wp\/v2\/types\/post"}],"author":[{"embeddable":true,"href":"https:\/\/www.europesays.com\/fr\/wp-json\/wp\/v2\/users\/2"}],"replies":[{"embeddable":true,"href":"https:\/\/www.europesays.com\/fr\/wp-json\/wp\/v2\/comments?post=566057"}],"version-history":[{"count":0,"href":"https:\/\/www.europesays.com\/fr\/wp-json\/wp\/v2\/posts\/566057\/revisions"}],"wp:featuredmedia":[{"embeddable":true,"href":"https:\/\/www.europesays.com\/fr\/wp-json\/wp\/v2\/media\/566058"}],"wp:attachment":[{"href":"https:\/\/www.europesays.com\/fr\/wp-json\/wp\/v2\/media?parent=566057"}],"wp:term":[{"taxonomy":"category","embeddable":true,"href":"https:\/\/www.europesays.com\/fr\/wp-json\/wp\/v2\/categories?post=566057"},{"taxonomy":"post_tag","embeddable":true,"href":"https:\/\/www.europesays.com\/fr\/wp-json\/wp\/v2\/tags?post=566057"}],"curies":[{"name":"wp","href":"https:\/\/api.w.org\/{rel}","templated":true}]}}