{"id":566061,"date":"2025-11-29T06:00:15","date_gmt":"2025-11-29T06:00:15","guid":{"rendered":"https:\/\/www.europesays.com\/fr\/566061\/"},"modified":"2025-11-29T06:00:15","modified_gmt":"2025-11-29T06:00:15","slug":"marseille-cest-quoi-cette-manifestation-qui-va-perturber-la-circulation-sur-cet-axe-tres-frequente","status":"publish","type":"post","link":"https:\/\/www.europesays.com\/fr\/566061\/","title":{"rendered":"Marseille. C&rsquo;est quoi cette manifestation qui va perturber la circulation sur cet axe tr\u00e8s fr\u00e9quent\u00e9\u00a0?"},"content":{"rendered":"<p>                    Par<br \/>\n        <strong><br \/>\n            <a href=\"https:\/\/actu.fr\/auteur\/thibault-nadal-actu-fr\" title=\"Consulter tous les articles de Thibault Nadal\" target=\"_blank\" rel=\"noopener\">Thibault Nadal<\/a><br \/>\n                    <\/strong><\/p>\n<p>        Publi\u00e9 le<\/p>\n<p>            29 nov. 2025 \u00e0 6h23        <\/p>\n<p>Ils ont d\u00e9cid\u00e9 de repartir au combat. Ce samedi 29\u00a0novembre 2025, de nombreuses personnes sont attendues \u00e0 <a href=\"https:\/\/actu.fr\/marseille\/\" target=\"_blank\" rel=\"noopener\">Marseille<\/a> pour dire non \u00e0 un projet qui divise habitants et politiques depuis de nombreuses ann\u00e9es\u2009: <strong>le Boulevard Urbain Sud<\/strong>.<\/p>\n<p class=\" wall-content\">Pour montrer leur d\u00e9saccord, ses opposants sont attendus <a href=\"https:\/\/actu.fr\/tag\/castellane\" target=\"_blank\" rel=\"noopener\">place Castellane<\/a> (6e) \u00e0 14h. Les manifestants marcheront sur <strong>l\u2019avenue du Prado<\/strong>, direction la statue du David (8e).<\/p>\n<p>    <a href=\"https:\/\/www.google.com\/maps\/embed?pb=!1m14!1m12!1m3!1d1397.3022638211287!2d5.383994271431944!3d43.286644358526544!2m3!1f0!2f0!3f0!3m2!1i1024!2i768!4f13.1!5e0!3m2!1sfr!2sfr!4v1764083984984!5m2!1sfr!2sfr\" title=\"Ouvrie le lien\" target=\"_blank\" rel=\"noopener\">Cliquez ici pour visualiser le contenu<\/a><\/p>\n<p>S\u00e9bastien Delogu pr\u00e9sent<\/p>\n<p class=\" wall-content\">Ce projet, port\u00e9 par la M\u00e9tropole et sa pr\u00e9sidente Martine Vassal, pr\u00e9voit de relier la L2 depuis le rond-point Florian \u00e0 la Pointe-Rouge en passant par Saint-Loup. Selon ses porteurs, il permettrait de <strong>\u00ab\u2009faciliter le contournement de la ville\u2009\u00bb<\/strong> et \u00ab\u2009d\u2019am\u00e9liorer globalement le r\u00e9seau routier de l\u2019agglom\u00e9ration marseillaise\u2009\u00bb.<\/p>\n<p class=\" wall-content\">Des arguments balay\u00e9s par les opposants. Ces derniers d\u00e9noncent \u00ab\u2009un projet d\u2019un autre temps, qui promet d\u2019amplifier la circulation automobile alors que Marseille cherche \u00e0 r\u00e9duire son trafic\u2009\u00bb avec notamment \u00ab\u2009<strong>la destruction de pr\u00e8s de 10\u00a0ha d\u2019espaces naturels<\/strong>\u2009\u00bb.<\/p>\n<p class=\" wall-content\"><a href=\"https:\/\/www.instagram.com\/p\/DQcNxabjKNz\/embed\" title=\"Ouvrir le lien sur Instagram\" target=\"_blank\" rel=\"noopener\">Visualiser le contenu sur Instagram<\/a><\/p>\n<p class=\" wall-content\">Pour cette nouvelle journ\u00e9e de mobilisation, <a href=\"https:\/\/actu.fr\/provence-alpes-cote-d-azur\/marseille_13055\/marseille-c-est-quoi-ce-boulevard-urbain-sud-voulu-par-la-metropole-et-boude-par-benoit-payan_62810771.html\" target=\"_blank\" rel=\"noopener\">la premi\u00e8re depuis plus de cinq mois<\/a>, plusieurs associations ont d\u00e9j\u00e0 annonc\u00e9 leur pr\u00e9sence\u2009: le Collectif anti-nuisances du Boulevard urbain Sud (Canbus), Alternatiba, Greenpeace ou Clean My Calanques.<\/p>\n<p class=\" wall-content\">Un soutien de poids sera \u00e9galement pr\u00e9sent\u2009: <strong>S\u00e9bastien Delogu<\/strong>. Le d\u00e9put\u00e9 <a href=\"https:\/\/actu.fr\/tag\/la-france-insoumise-lfi\" target=\"_blank\" rel=\"noopener\">LFI<\/a> des <a href=\"https:\/\/actu.fr\/tag\/quartiers-nord\" target=\"_blank\" rel=\"noopener\">quartiers nord<\/a> et <a href=\"https:\/\/actu.fr\/provence-alpes-cote-d-azur\/marseille_13055\/municipales-2026-a-marseille-sebastien-delogu-depute-lfi-officialise-sa-candidature_63445746.html\" target=\"_blank\" rel=\"noopener\">candidat \u00e0 la mairie de Marseille<\/a> a confirm\u00e9 sa venue.<\/p>\n<p class=\" wall-content\">Personnalisez votre actualit\u00e9 en ajoutant vos villes et m\u00e9dias en favori avec <a href=\"https:\/\/moncompte.actu.fr\" title=\"D\u00e9couvez Mon Actu\" rel=\"nofollow noopener\" data-trk=\"{&quot;cta&quot;:{&quot;action&quot;:&quot;https:\\\/\\\/moncompte.actu.fr&quot;,&quot;category&quot;:&quot;mon compte&quot;,&quot;from&quot;:&quot;article footer&quot;,&quot;name&quot;:&quot;Mon actu&quot;,&quot;type&quot;:&quot;cta&quot;}}\" target=\"_blank\">Mon Actu<\/a>.<\/p>\n<p>                    <script async src=\"\/\/www.instagram.com\/embed.js\"><\/script><\/p>\n","protected":false},"excerpt":{"rendered":"Par Thibault Nadal Publi\u00e9 le 29 nov. 2025 \u00e0 6h23 Ils ont d\u00e9cid\u00e9 de repartir au combat. Ce&hellip;\n","protected":false},"author":2,"featured_media":566062,"comment_status":"","ping_status":"","sticky":false,"template":"","format":"standard","meta":{"footnotes":""},"categories":[2814],"tags":[1111,11,4110,1777,674,1011,27,1272,884,12,13098,882,25,104],"class_list":{"0":"post-566061","1":"post","2":"type-post","3":"status-publish","4":"format-standard","5":"has-post-thumbnail","7":"category-marseille","8":"tag-actu","9":"tag-actualites","10":"tag-castellane","11":"tag-eu","12":"tag-europe","13":"tag-fr","14":"tag-france","15":"tag-manifestations","16":"tag-marseille","17":"tag-news","18":"tag-prado","19":"tag-provence-alpes-cote-dazur","20":"tag-republique-francaise","21":"tag-societe"},"share_on_mastodon":{"url":"https:\/\/pubeurope.com\/@fr\/115631464378789200","error":""},"_links":{"self":[{"href":"https:\/\/www.europesays.com\/fr\/wp-json\/wp\/v2\/posts\/566061","targetHints":{"allow":["GET"]}}],"collection":[{"href":"https:\/\/www.europesays.com\/fr\/wp-json\/wp\/v2\/posts"}],"about":[{"href":"https:\/\/www.europesays.com\/fr\/wp-json\/wp\/v2\/types\/post"}],"author":[{"embeddable":true,"href":"https:\/\/www.europesays.com\/fr\/wp-json\/wp\/v2\/users\/2"}],"replies":[{"embeddable":true,"href":"https:\/\/www.europesays.com\/fr\/wp-json\/wp\/v2\/comments?post=566061"}],"version-history":[{"count":0,"href":"https:\/\/www.europesays.com\/fr\/wp-json\/wp\/v2\/posts\/566061\/revisions"}],"wp:featuredmedia":[{"embeddable":true,"href":"https:\/\/www.europesays.com\/fr\/wp-json\/wp\/v2\/media\/566062"}],"wp:attachment":[{"href":"https:\/\/www.europesays.com\/fr\/wp-json\/wp\/v2\/media?parent=566061"}],"wp:term":[{"taxonomy":"category","embeddable":true,"href":"https:\/\/www.europesays.com\/fr\/wp-json\/wp\/v2\/categories?post=566061"},{"taxonomy":"post_tag","embeddable":true,"href":"https:\/\/www.europesays.com\/fr\/wp-json\/wp\/v2\/tags?post=566061"}],"curies":[{"name":"wp","href":"https:\/\/api.w.org\/{rel}","templated":true}]}}