{"id":566064,"date":"2025-11-29T06:03:15","date_gmt":"2025-11-29T06:03:15","guid":{"rendered":"https:\/\/www.europesays.com\/fr\/566064\/"},"modified":"2025-11-29T06:03:15","modified_gmt":"2025-11-29T06:03:15","slug":"tcl-a-lyon-le-metro-et-les-bus-en-circulation-toute-la-nuit-une-proposition-va-faire-debat","status":"publish","type":"post","link":"https:\/\/www.europesays.com\/fr\/566064\/","title":{"rendered":"TCL \u00e0 Lyon. Le m\u00e9tro et les bus en circulation toute la nuit ? Une proposition va faire d\u00e9bat"},"content":{"rendered":"<p>                    Par<br \/>\n        <strong><br \/>\n            <a href=\"https:\/\/actu.fr\/auteur\/nicolas-zaugra\" title=\"Consulter tous les articles de Nicolas Zaugra\" target=\"_blank\" rel=\"noopener\">Nicolas Zaugra<\/a><br \/>\n                    <\/strong><\/p>\n<p>        Publi\u00e9 le<\/p>\n<p>            29 nov. 2025 \u00e0 6h26        <\/p>\n<p><strong>INFO ACTU LYON<\/strong>. Et si les lignes du m\u00e9tro lyonnais et des lignes de bus importantes <strong>circulaient toute la nuit<\/strong> sur le <a href=\"https:\/\/actu.fr\/tag\/transports-en-commun-lyonnais-tcl\" target=\"_blank\" rel=\"noopener\">r\u00e9seau TCL<\/a> dans la m\u00e9tropole de <a href=\"https:\/\/actu.fr\/auvergne-rhone-alpes\/lyon_69123\" target=\"_blank\" rel=\"noopener\">Lyon<\/a> ? C\u2019est la proposition d\u2019un \u00e9lu qui pr\u00e9side un groupe d\u2019opposition d\u00e9sormais soutien de <a href=\"https:\/\/actu.fr\/auvergne-rhone-alpes\/lyon_69123\/lyon-aulas-et-lr-avec-veronique-sarselli-font-alliance-pour-les-elections-a-la-metropole_63488403.html\" target=\"_blank\" rel=\"noopener\">Jean-Michel Aulas<\/a>, parti \u00e0 la conqu\u00eate de la M\u00e9tropole en vue des \u00e9lections de 2026. Sa proposition est en tout cas sugg\u00e9r\u00e9e au candidat \u00e0 la mairie, favori des sondages.\u00a0<\/p>\n<p>Des m\u00e9tros la nuit, la semaine et le week-end<\/p>\n<p class=\" wall-content\"><strong>Marc Grivel<\/strong>, pr\u00e9sident du groupe d\u2019opposition Synergies \u00e0 la M\u00e9tropole de Lyon, met cette proposition sur la table alors que la campagne commence \u00e0 s\u2019int\u00e9resser aux questions de mobilit\u00e9s.<\/p>\n<p class=\" wall-content\">\u00ab\u00a0Nous souhaitons que les m\u00e9tros et les bus circulent la nuit. Cela r\u00e9pondrait \u00e0 des imp\u00e9ratifs de loisirs, pour certains jeunes cela pose des questions de s\u00e9curit\u00e9 la nuit ou m\u00eame ceux qui viennent faire leurs courses et qui prolongent leur temps dans le centre de Lyon le soir\u00a0\u00bb, dit-il.\u00a0<\/p>\n<p class=\" wall-content\">\u00ab\u00a0Le fonctionnement des m\u00e9tros toute la nuit, la semaine et le week-end, cela peut aussi r\u00e9pondre \u00e0 une probl\u00e9matique de travail. Dans certains secteurs professionnels, c\u2019est attendu\u00a0\u00bb, poursuit l\u2019\u00e9lu, citant les professions m\u00e9dicales.\u00a0<\/p>\n<p class=\" wall-content\">Concernant <strong>les bus, il imagine \u00ab\u00a0faire circuler les principales lignes\u00a0\u00bb la nuit<\/strong>.\u00a0<\/p>\n<p>Les m\u00e9tros circulent toute la nuit du Nouvel-An<\/p>\n<p class=\" wall-content\">La circulation des m\u00e9tros toute la nuit 24h\/24h et 7j\/7 est tr\u00e8s rare en Europe. Une telle offre existe \u00e0 Copenhague (Danemark). \u00c0 Vienne (Autriche), les m\u00e9tros fonctionnent en continu les vendredis et samedi et \u00e0 Londres certaines lignes du m\u00e9tro (le \u00ab Night Tube \u00bb) fonctionnent la nuit vendredi et samedi. Dans le monde, c\u2019est encore plus rare. \u00c0 New-York (plus de 8 millions d\u2019habitants), le m\u00e9tro fonctionne toute la nuit en continu.<\/p>\n<p class=\" wall-content\">\u00c0 Lyon, les <a href=\"https:\/\/actu.fr\/auvergne-rhone-alpes\/lyon_69123\/nouvel-an-a-lyon-les-tcl-deploient-un-dispositif-exceptionnel-voici-les-horaires_62049416.html\" target=\"_blank\" rel=\"noopener\">quatre lignes de m\u00e9tro circulent toute la nuit durant le Nouvel-An<\/a>. \u00ab\u00a0La g\u00e9n\u00e9raliser est une question d\u2019organisation, de recrutement de personnels\u00a0\u00bb, selon l\u2019\u00e9lu. \u00ab\u00a0Ce n\u2019est pas une mesure qui co\u00fbterait si cher\u00a0\u00bb, selon lui.<\/p>\n<p>Votre r\u00e9gion, votre actu !<\/p>\n<p>Recevez chaque jour les infos qui comptent pour vous.<\/p>\n<p>\t<a href=\"https:\/\/actu.fr\/newsletter\" class=\"ac-btn ac-btn--corner ac-btn--medium ac-btn--blue800\" target=\"_blank\" rel=\"noopener\">S&rsquo;incrire<\/a><br \/>\nPrivil\u00e9gier de nouvelles lignes de m\u00e9tro \u00e0 la gratuit\u00e9<\/p>\n<p class=\" wall-content\">L\u2019\u00e9lu m\u00e9tropolitain estime que la <strong>mesure de gratuit\u00e9 des TCL<\/strong> est \u00ab\u00a0une mesure vaste qui va co\u00fbter beaucoup d\u2019argent\u00a0\u00bb alors que <a href=\"https:\/\/actu.fr\/auvergne-rhone-alpes\/lyon_69123\/lyon-municipales-2026-jean-michel-aulas-propose-d-etendre-la-gratuite-des-tcl-aux-lyonnais_62732394.html\" target=\"_blank\" rel=\"noopener\">Jean-Michel Aulas d\u00e9fend une gratuit\u00e9 partielle pour certains Lyonnais<\/a> et <a href=\"https:\/\/actu.fr\/auvergne-rhone-alpes\/lyon_69123\/municipales-2026-a-lyon-anai-s-belouassa-cherifi-lfi-defend-une-gratuite-totale-des-tcl_63440717.html\" target=\"_blank\" rel=\"noopener\">LFI pour tous les usagers<\/a>. S\u2019il n\u2019est pas contre, il pense que l\u2019on \u00ab\u00a0peut l\u2019orienter vers les Lyonnais, les jeunes, ou \u00eatre \u00e0 une barre en dessous des 2 500 euros\u00a0\u00bb propos\u00e9e par le candidat Aulas. Mais pas la g\u00e9n\u00e9raliser.<\/p>\n<p class=\" wall-content\">L\u2019\u00e9lu du Val de Sa\u00f4ne estime que la priorit\u00e9 est de financer de nouvelles lignes de m\u00e9tro ou des extensions. \u00ab\u00a0Il faut engager une ligne de m\u00e9tro nouvelle par mandat\u00a0\u00bb, dit-il citant un <a href=\"https:\/\/actu.fr\/auvergne-rhone-alpes\/lyon_69123\/un-metro-ou-un-tramway-express-ces-communes-pres-de-lyon-sont-les-grandes-oubliees-des-tcl_63493300.html\" target=\"_blank\" rel=\"noopener\">besoin de m\u00e9tro sur le plateau nord (Caluire-Rillieux)<\/a> ou encore dans l\u2019ouest avec le <a href=\"https:\/\/actu.fr\/auvergne-rhone-alpes\/lyon_69123\/lyon-des-milliards-d-euros-pour-le-metro-tcl-mais-sans-nouvelle-ligne-on-n-a-pas-les-moyens_63265941.html\" target=\"_blank\" rel=\"noopener\">projet de ligne E<\/a>.<\/p>\n<p class=\" wall-content\">Jean-Michel Aulas propose, lui, la cr\u00e9ation d\u2019un m\u00e9tro vers l\u2019Est, peut-\u00eatre le prolongement de la ligne A. Le candidat annonce un <a href=\"https:\/\/actu.fr\/auvergne-rhone-alpes\/lyon_69123\/lyon-jean-michel-aulas-l-interview-evenement-ses-promesses-exclusives-s-il-est-maire_63489342.html\" target=\"_blank\" rel=\"noopener\">lancement d\u2019\u00e9tudes \u00ab\u00a0d\u00e8s 2026\u00a0\u00bb<\/a>\u00a0\u00e0 actu Lyon.\u00a0<\/p>\n<p class=\" wall-content\">Personnalisez votre actualit\u00e9 en ajoutant vos villes et m\u00e9dias en favori avec <a href=\"https:\/\/moncompte.actu.fr\" title=\"D\u00e9couvez Mon Actu\" rel=\"nofollow noopener\" data-trk=\"{&quot;cta&quot;:{&quot;action&quot;:&quot;https:\\\/\\\/moncompte.actu.fr&quot;,&quot;category&quot;:&quot;mon compte&quot;,&quot;from&quot;:&quot;article footer&quot;,&quot;name&quot;:&quot;Mon actu&quot;,&quot;type&quot;:&quot;cta&quot;}}\" target=\"_blank\">Mon Actu<\/a>.<\/p>\n","protected":false},"excerpt":{"rendered":"Par Nicolas Zaugra Publi\u00e9 le 29 nov. 2025 \u00e0 6h26 INFO ACTU LYON. Et si les lignes du&hellip;\n","protected":false},"author":2,"featured_media":566065,"comment_status":"","ping_status":"","sticky":false,"template":"","format":"standard","meta":{"footnotes":""},"categories":[1889],"tags":[1111,11,2430,4188,1777,674,1011,27,2428,3434,12,316,625,25,5787],"class_list":{"0":"post-566064","1":"post","2":"type-post","3":"status-publish","4":"format-standard","5":"has-post-thumbnail","7":"category-lyon","8":"tag-actu","9":"tag-actualites","10":"tag-auvergne-rhone-alpes","11":"tag-elections-municipales","12":"tag-eu","13":"tag-europe","14":"tag-fr","15":"tag-france","16":"tag-lyon","17":"tag-municipales-2026","18":"tag-news","19":"tag-politique","20":"tag-ratp","21":"tag-republique-francaise","22":"tag-transports-en-commun-lyonnais-tcl"},"share_on_mastodon":{"url":"https:\/\/pubeurope.com\/@fr\/115631476275255075","error":""},"_links":{"self":[{"href":"https:\/\/www.europesays.com\/fr\/wp-json\/wp\/v2\/posts\/566064","targetHints":{"allow":["GET"]}}],"collection":[{"href":"https:\/\/www.europesays.com\/fr\/wp-json\/wp\/v2\/posts"}],"about":[{"href":"https:\/\/www.europesays.com\/fr\/wp-json\/wp\/v2\/types\/post"}],"author":[{"embeddable":true,"href":"https:\/\/www.europesays.com\/fr\/wp-json\/wp\/v2\/users\/2"}],"replies":[{"embeddable":true,"href":"https:\/\/www.europesays.com\/fr\/wp-json\/wp\/v2\/comments?post=566064"}],"version-history":[{"count":0,"href":"https:\/\/www.europesays.com\/fr\/wp-json\/wp\/v2\/posts\/566064\/revisions"}],"wp:featuredmedia":[{"embeddable":true,"href":"https:\/\/www.europesays.com\/fr\/wp-json\/wp\/v2\/media\/566065"}],"wp:attachment":[{"href":"https:\/\/www.europesays.com\/fr\/wp-json\/wp\/v2\/media?parent=566064"}],"wp:term":[{"taxonomy":"category","embeddable":true,"href":"https:\/\/www.europesays.com\/fr\/wp-json\/wp\/v2\/categories?post=566064"},{"taxonomy":"post_tag","embeddable":true,"href":"https:\/\/www.europesays.com\/fr\/wp-json\/wp\/v2\/tags?post=566064"}],"curies":[{"name":"wp","href":"https:\/\/api.w.org\/{rel}","templated":true}]}}