{"id":566066,"date":"2025-11-29T06:04:15","date_gmt":"2025-11-29T06:04:15","guid":{"rendered":"https:\/\/www.europesays.com\/fr\/566066\/"},"modified":"2025-11-29T06:04:15","modified_gmt":"2025-11-29T06:04:15","slug":"pres-de-lyon-des-noms-bien-connus-annonces-en-concert-au-printemps-de-perouges","status":"publish","type":"post","link":"https:\/\/www.europesays.com\/fr\/566066\/","title":{"rendered":"Pr\u00e8s de Lyon. Des noms bien connus annonc\u00e9s en concert au Printemps de P\u00e9rouges"},"content":{"rendered":"<p>                    Par<br \/>\n        <strong><br \/>\n            <a href=\"https:\/\/actu.fr\/auteur\/julien-damboise\" title=\"Consulter tous les articles de Julien Damboise\" target=\"_blank\" rel=\"noopener\">Julien Damboise<\/a><br \/>\n                    <\/strong><\/p>\n<p>        Publi\u00e9 le<\/p>\n<p>            29 nov. 2025 \u00e0 6h50        <\/p>\n<p>Le <strong>Printemps de P\u00e9rouges<\/strong> a compl\u00e9t\u00e9 sa programmation pour sa 29\u1d49 \u00e9dition du 23 au 28 juin 2026 dans le parc du ch\u00e2teau de Saint-Maurice-de-R\u00e9mens, pr\u00e8s de <a href=\"https:\/\/actu.fr\/lyon\/\" target=\"_blank\" rel=\"noopener\">Lyon<\/a>. Apr\u00e8s avoir d\u00e9j\u00e0 book\u00e9 <a href=\"https:\/\/actu.fr\/auvergne-rhone-alpes\/saint-maurice-de-remens_01379\/pres-de-lyon-ces-icones-de-la-musique-annoncees-en-concert-au-printemps-de-perouges_63454157.html#:~:text=Deux%20stars%2C%20Lenny%20Kravitz%20et,%2C%20viennent%20d&#039;%C3%AAtre%20annonc%C3%A9s.&amp;text=Le%20Printemps%20de%20P%C3%A9rouges%20frappe,qui%20viennent%20d&#039;%C3%AAtre%20annonc%C3%A9s.\" target=\"_blank\" rel=\"noopener\">Lenny Kravitz<\/a>, Jean-Louis Aubert ou encore Theodora, le festival ajoute \u00e0 sa liste deux<strong> artistes fran\u00e7aises tr\u00e8s appr\u00e9ci\u00e9es<\/strong> pour conclure l\u2019\u00e9v\u00e8nement.<\/p>\n<p>R\u00e9v\u00e9l\u00e9e par The Voice<\/p>\n<p class=\" wall-content\">C\u2019est d\u2019abord la chanteuse <strong>Louane<\/strong>, r\u00e9v\u00e9l\u00e9e au grand public gr\u00e2ce \u00e0 l\u2019\u00e9mission de TF1, The Voice, en 2013 qui a \u00e9t\u00e9 annonc\u00e9e pour le <strong>dimanche 28 juin 2026<\/strong>. Elle pr\u00e9sentera son dernier album Solo, sorti en 2024.<\/p>\n<p class=\" wall-content\">Louane doit se produire d\u00e8s 21 h 30 o\u00f9 elle jouera certainement ses hits, comme Jour 1, Avenir, Secret, Si t\u2019\u00e9tais l\u00e0 ou Maman.<\/p>\n<p>Le tube de l\u2019\u00e9t\u00e9<\/p>\n<p class=\" wall-content\">Le m\u00eame soir, la sc\u00e8ne sera partag\u00e9e avec une autre \u00e9toile montante de la chanson fran\u00e7aise : <strong>Luiza<\/strong>. C\u2019est elle qui est \u00e0 l\u2019origine de la bande son de l\u2019\u00e9t\u00e9 2025 Soleil Bleu.<\/p>\n<p class=\" wall-content\">\n<p class=\" wall-content\">La chanson a <strong>explos\u00e9 cet \u00e9t\u00e9 sur les r\u00e9seaux sociaux<\/strong> et notamment TikTok.<\/p>\n<p class=\" wall-content\">Les places pour cette soir\u00e9e seront en vente d\u00e8s ce lundi 1\u1d49\u02b3 d\u00e9cembre \u00e0 12 h sur <a href=\"https:\/\/www.festival-perouges.org\/billetterie\/\" target=\"_blank\" rel=\"noopener\">le site internet<\/a> du Festival de P\u00e9rouges.<\/p>\n<p class=\" wall-content\">Personnalisez votre actualit\u00e9 en ajoutant vos villes et m\u00e9dias en favori avec <a href=\"https:\/\/moncompte.actu.fr\" title=\"D\u00e9couvez Mon Actu\" rel=\"nofollow noopener\" data-trk=\"{&quot;cta&quot;:{&quot;action&quot;:&quot;https:\\\/\\\/moncompte.actu.fr&quot;,&quot;category&quot;:&quot;mon compte&quot;,&quot;from&quot;:&quot;article footer&quot;,&quot;name&quot;:&quot;Mon actu&quot;,&quot;type&quot;:&quot;cta&quot;}}\" target=\"_blank\">Mon Actu<\/a>.<\/p>\n","protected":false},"excerpt":{"rendered":"Par Julien Damboise Publi\u00e9 le 29 nov. 2025 \u00e0 6h50 Le Printemps de P\u00e9rouges a compl\u00e9t\u00e9 sa programmation&hellip;\n","protected":false},"author":2,"featured_media":566067,"comment_status":"","ping_status":"","sticky":false,"template":"","format":"standard","meta":{"footnotes":""},"categories":[1889],"tags":[1111,11,2430,1777,674,1011,27,4501,2428,873,12,25,104],"class_list":{"0":"post-566066","1":"post","2":"type-post","3":"status-publish","4":"format-standard","5":"has-post-thumbnail","7":"category-lyon","8":"tag-actu","9":"tag-actualites","10":"tag-auvergne-rhone-alpes","11":"tag-eu","12":"tag-europe","13":"tag-fr","14":"tag-france","15":"tag-louane","16":"tag-lyon","17":"tag-musique","18":"tag-news","19":"tag-republique-francaise","20":"tag-societe"},"share_on_mastodon":{"url":"https:\/\/pubeurope.com\/@fr\/115631480079007242","error":""},"_links":{"self":[{"href":"https:\/\/www.europesays.com\/fr\/wp-json\/wp\/v2\/posts\/566066","targetHints":{"allow":["GET"]}}],"collection":[{"href":"https:\/\/www.europesays.com\/fr\/wp-json\/wp\/v2\/posts"}],"about":[{"href":"https:\/\/www.europesays.com\/fr\/wp-json\/wp\/v2\/types\/post"}],"author":[{"embeddable":true,"href":"https:\/\/www.europesays.com\/fr\/wp-json\/wp\/v2\/users\/2"}],"replies":[{"embeddable":true,"href":"https:\/\/www.europesays.com\/fr\/wp-json\/wp\/v2\/comments?post=566066"}],"version-history":[{"count":0,"href":"https:\/\/www.europesays.com\/fr\/wp-json\/wp\/v2\/posts\/566066\/revisions"}],"wp:featuredmedia":[{"embeddable":true,"href":"https:\/\/www.europesays.com\/fr\/wp-json\/wp\/v2\/media\/566067"}],"wp:attachment":[{"href":"https:\/\/www.europesays.com\/fr\/wp-json\/wp\/v2\/media?parent=566066"}],"wp:term":[{"taxonomy":"category","embeddable":true,"href":"https:\/\/www.europesays.com\/fr\/wp-json\/wp\/v2\/categories?post=566066"},{"taxonomy":"post_tag","embeddable":true,"href":"https:\/\/www.europesays.com\/fr\/wp-json\/wp\/v2\/tags?post=566066"}],"curies":[{"name":"wp","href":"https:\/\/api.w.org\/{rel}","templated":true}]}}