{"id":566068,"date":"2025-11-29T06:06:17","date_gmt":"2025-11-29T06:06:17","guid":{"rendered":"https:\/\/www.europesays.com\/fr\/566068\/"},"modified":"2025-11-29T06:06:17","modified_gmt":"2025-11-29T06:06:17","slug":"un-sdf-de-73-ans-violent-se-bat-en-justice-pour-ne-plus-dormir-dans-les-rues-de-la-capitale","status":"publish","type":"post","link":"https:\/\/www.europesays.com\/fr\/566068\/","title":{"rendered":"un SDF de 73 ans \u00ab\u00a0violent\u00a0\u00bb se bat en justice pour ne plus dormir dans les rues de la capitale"},"content":{"rendered":"<p>                    Par<br \/>\n        <strong><br \/>\n            <a href=\"https:\/\/actu.fr\/auteur\/redaction-paris\" title=\"Consulter tous les articles de R\u00e9daction Paris\" target=\"_blank\" rel=\"noopener\">R\u00e9daction Paris<\/a><br \/>\n                    <\/strong><\/p>\n<p>        Publi\u00e9 le<\/p>\n<p>            29 nov. 2025 \u00e0 6h24        <\/p>\n<p>Un <strong>sans-abri de 73 ans<\/strong>, malade et \u00e0 la rue depuis la fin juillet 2025, tente depuis plusieurs mois d\u2019obtenir une place dans un h\u00e9bergement d\u2019urgence \u00e0 Paris. Expuls\u00e9 coup sur coup de deux h\u00f4tels sociaux situ\u00e9s dans les 18e et 19e arrondissements, o\u00f9 il avait \u00e9t\u00e9 log\u00e9 entre mai et juillet 2025, le SDF assure que son \u00e9tat de <a href=\"https:\/\/actu.fr\/tag\/sante\" target=\"_blank\" rel=\"noopener\">sant\u00e9<\/a> s\u2019est fortement d\u00e9grad\u00e9. Selon lui, ces expulsions seraient li\u00e9es \u00e0 une \u00ab d\u00e9nonciation calomnieuse \u00bb et auraient m\u00eame entra\u00een\u00e9 une \u00ab interpellation et garde \u00e0 vue abusive \u00bb. \u00c0 l\u2019audience du 22 septembre, devant le <a href=\"https:\/\/actu.fr\/tag\/tribunal-administratif-de-paris\" target=\"_blank\" rel=\"noopener\">tribunal administratif de Paris<\/a>, il a expliqu\u00e9 ne pas \u00eatre violent, mais \u00ab victime de pers\u00e9cution \u00bb. La <a href=\"https:\/\/actu.fr\/tag\/prefecture-d-ile-de-france\" target=\"_blank\" rel=\"noopener\">pr\u00e9fecture d\u2019\u00cele-de-France<\/a>, elle, \u00e9voque un tout autre tableau\u2026<\/p>\n<p>Un comportement \u00ab\u00a0inappropri\u00e9 et violent\u00a0\u00bb<\/p>\n<p class=\" wall-content\">Selon les services de l\u2019Etat, l\u2019homme aurait \u00e9t\u00e9 exclu de \u00ab divers h\u00e9bergements \u00bb en raison d\u2019un comportement jug\u00e9 \u00ab inappropri\u00e9 et violent \u00bb, notamment envers le personnel h\u00f4telier. Des accusations qu\u2019il n\u2019a pas contest\u00e9es explicitement.<\/p>\n<p class=\" wall-content\">La loi pr\u00e9voit\u00a0 que \u00ab\u00a0toute personne sans abri en situation de d\u00e9tresse m\u00e9dicale, psychique ou sociale a acc\u00e8s, \u00e0 tout moment, \u00e0 un dispositif d\u2019h\u00e9bergement d\u2019urgence\u00a0\u00bb. \u00ab\u00a0Toute personne accueillie dans une structure d\u2019h\u00e9bergement d\u2019urgence doit pouvoir y b\u00e9n\u00e9ficier d\u2019un accompagnement personnalis\u00e9 et y demeurer, d\u00e8s lors qu\u2019elle le souhaite, jusqu\u2019\u00e0 ce qu\u2019une orientation lui soit propos\u00e9e\u00a0\u00bb, disent les textes. Mais ceux-ci se heurtent \u00e0 la saturation chronique du dispositif parisien, avancent les services de l\u2019Etat.<\/p>\n<p class=\" wall-content\">Ces derniers assurent qu\u2019une solution alternative lui a malgr\u00e9 tout \u00e9t\u00e9 propos\u00e9e : un h\u00e9bergement plus stable en province. Proposition qu\u2019il a fermement refus\u00e9e, invoquant un suivi m\u00e9dical \u00e0 l\u2019h\u00f4pital Lariboisi\u00e8re \u2014 sans toutefois fournir d\u2019\u00e9l\u00e9ments pr\u00e9cis sur la nature ou la n\u00e9cessit\u00e9 de ce suivi exclusivement \u00e0 Paris.<\/p>\n<p>Un refus de relogement malvenu<\/p>\n<p class=\" wall-content\">C\u2019est dans ce contexte que le septuag\u00e9naire a saisi de nouveau, le 18 septembre, la juge des r\u00e9f\u00e9r\u00e9s du tribunal administratif pour obtenir un h\u00e9bergement \u00ab adapt\u00e9 \u00bb \u00e0 ses besoins m\u00e9dicaux, \u00e0 Paris ou en petite couronne sud ou ouest.<\/p>\n<p class=\" wall-content\">Mais dans une ordonnance rendue publique le 23 septembre, la magistrate a rejet\u00e9 sa demande. Elle estime que le pr\u00e9fet d\u2019\u00cele-de-France n\u2019a pas m\u00e9connu le droit au logement opposable, notamment en raison du \u00ab comportement \u00bb de l\u2019int\u00e9ress\u00e9 et de son \u00ab refus sans motif valable \u00bb des solutions propos\u00e9es, alors que les capacit\u00e9s d\u2019h\u00e9bergement dans la capitale sont pleinement satur\u00e9es.<\/p>\n<p class=\" wall-content\"><strong>MJ et GF (PressPepper)<\/strong><\/p>\n<p class=\" wall-content\">Personnalisez votre actualit\u00e9 en ajoutant vos villes et m\u00e9dias en favori avec <a href=\"https:\/\/moncompte.actu.fr\" title=\"D\u00e9couvez Mon Actu\" rel=\"nofollow noopener\" data-trk=\"{&quot;cta&quot;:{&quot;action&quot;:&quot;https:\\\/\\\/moncompte.actu.fr&quot;,&quot;category&quot;:&quot;mon compte&quot;,&quot;from&quot;:&quot;article footer&quot;,&quot;name&quot;:&quot;Mon actu&quot;,&quot;type&quot;:&quot;cta&quot;}}\" target=\"_blank\">Mon Actu<\/a>.<\/p>\n","protected":false},"excerpt":{"rendered":"Par R\u00e9daction Paris Publi\u00e9 le 29 nov. 2025 \u00e0 6h24 Un sans-abri de 73 ans, malade et \u00e0&hellip;\n","protected":false},"author":2,"featured_media":566069,"comment_status":"","ping_status":"","sticky":false,"template":"","format":"standard","meta":{"footnotes":""},"categories":[1592],"tags":[1111,11,1777,674,1011,27,662,1908,12,626,68142,25,104,22321],"class_list":{"0":"post-566068","1":"post","2":"type-post","3":"status-publish","4":"format-standard","5":"has-post-thumbnail","7":"category-ile-de-france","8":"tag-actu","9":"tag-actualites","10":"tag-eu","11":"tag-europe","12":"tag-fr","13":"tag-france","14":"tag-ile-de-france","15":"tag-logement","16":"tag-news","17":"tag-paris","18":"tag-prefecture-dile-de-france","19":"tag-republique-francaise","20":"tag-societe","21":"tag-tribunal-administratif-de-paris"},"share_on_mastodon":{"url":"https:\/\/pubeurope.com\/@fr\/115631488010612915","error":""},"_links":{"self":[{"href":"https:\/\/www.europesays.com\/fr\/wp-json\/wp\/v2\/posts\/566068","targetHints":{"allow":["GET"]}}],"collection":[{"href":"https:\/\/www.europesays.com\/fr\/wp-json\/wp\/v2\/posts"}],"about":[{"href":"https:\/\/www.europesays.com\/fr\/wp-json\/wp\/v2\/types\/post"}],"author":[{"embeddable":true,"href":"https:\/\/www.europesays.com\/fr\/wp-json\/wp\/v2\/users\/2"}],"replies":[{"embeddable":true,"href":"https:\/\/www.europesays.com\/fr\/wp-json\/wp\/v2\/comments?post=566068"}],"version-history":[{"count":0,"href":"https:\/\/www.europesays.com\/fr\/wp-json\/wp\/v2\/posts\/566068\/revisions"}],"wp:featuredmedia":[{"embeddable":true,"href":"https:\/\/www.europesays.com\/fr\/wp-json\/wp\/v2\/media\/566069"}],"wp:attachment":[{"href":"https:\/\/www.europesays.com\/fr\/wp-json\/wp\/v2\/media?parent=566068"}],"wp:term":[{"taxonomy":"category","embeddable":true,"href":"https:\/\/www.europesays.com\/fr\/wp-json\/wp\/v2\/categories?post=566068"},{"taxonomy":"post_tag","embeddable":true,"href":"https:\/\/www.europesays.com\/fr\/wp-json\/wp\/v2\/tags?post=566068"}],"curies":[{"name":"wp","href":"https:\/\/api.w.org\/{rel}","templated":true}]}}