{"id":566070,"date":"2025-11-29T06:07:20","date_gmt":"2025-11-29T06:07:20","guid":{"rendered":"https:\/\/www.europesays.com\/fr\/566070\/"},"modified":"2025-11-29T06:07:20","modified_gmt":"2025-11-29T06:07:20","slug":"lavantage-dun-premier-roman-cest-quon-ne-lattend-pas","status":"publish","type":"post","link":"https:\/\/www.europesays.com\/fr\/566070\/","title":{"rendered":"\u00ab\u00a0L\u2019avantage d\u2019un premier roman, c\u2019est qu\u2019on ne l\u2019attend pas\u00a0\u00bb"},"content":{"rendered":"<p>                     <img loading=\"lazy\" decoding=\"async\" src=\"https:\/\/www.europesays.com\/fr\/wp-content\/uploads\/2025\/11\/0d0b7e0_upload-1-3mlh9e214co0-primo.jpg\" alt=\"Rams\u00e8s Kefi, Gabrielle de Tournemire et Daniel Bourrion\u00a0: trois primo-romanciers de la rentr\u00e9e litt\u00e9raire 2025.\"   width=\"664\" height=\"443\"\/>    Rams\u00e8s Kefi, Gabrielle de Tournemire et Daniel Bourrion\u00a0: trois primo-romanciers de la rentr\u00e9e litt\u00e9raire 2025.  PHILIPPE MATSAS\/PHILIPPE REY. JEAN-PHILIPPE BALTEL\/FLAMMARION. PHILIPPE MATSAS\/LEEXTRA VIA OPALE.PHOTO                 <\/p>\n<p class=\"article__paragraph  \">Dans une loge de France T\u00e9l\u00e9visions, lundi 8\u00a0septembre, le primo-romancier Rams\u00e8s Kefi, auteur de <a href=\"https:\/\/www.lemonde.fr\/livres\/article\/2025\/10\/07\/quatre-jours-sans-ma-mere-de-ramses-kefi-la-cite-fabuleuse_6644990_3260.html\" target=\"_blank\" rel=\"noopener\">Quatre jours sans ma\u00a0m\u00e8re<\/a>, accompagn\u00e9 de son \u00e9diteur, Philippe Rey, de son agente, Catherine Nabokov, et de son attach\u00e9e de presse, Claire de Soras, attend ce moment m\u00e9diatique tr\u00e8s convoit\u00e9\u00a0: le\u00a0passage dans \u00ab\u00a0La Grande Librairie\u00a0\u00bb, \u00e9mission diffus\u00e9e chaque mercredi soir sur France 5.<\/p>\n<p class=\"article__paragraph  \">L\u2019\u00e9crivain, \u00e2g\u00e9 de 40\u00a0ans, n\u2019est pas du tout f\u00e9brile. Tout en grignotant des Snickers, pench\u00e9 sur son portable pour regarder le score d\u2019un match de foot, il confie au \u00ab\u00a0Monde des livres\u00a0\u00bb que, de toute fa\u00e7on, \u00ab\u00a0tout \u00e7a, ce n\u2019est que du bonus\u00a0\u00bb. Son roman, qui raconte la disparition d\u2019une m\u00e8re ayant quitt\u00e9 son mari et son fils, compte parmi les 73 premiers romans publi\u00e9s \u00e0 l\u2019automne, sur les 484 titres de la rentr\u00e9e litt\u00e9raire 2025.<\/p>\n<p class=\"article__paragraph  \">Pendant trois mois, entre la parution de leurs livres, en ao\u00fbt, et les prix litt\u00e9raires de l\u2019automne, \u00ab\u00a0Le Monde des livres\u00a0\u00bb a suivi trois primo-romanciers\u00a0: Rams\u00e8s Kefi, Daniel Bourrion (<a href=\"https:\/\/www.lemonde.fr\/livres\/article\/2025\/09\/01\/le-pays-dont-tu-as-marche-la-terre-de-daniel-bourrion-a-l-ami-qui-avait-disparu-de-son-vivant_6638061_3260.html\" target=\"_blank\" rel=\"noopener\">Le Pays dont tu as march\u00e9 la terre<\/a>, \u00e9d. H\u00e9lo\u00efse d\u2019Ormesson) et Gabrielle de Tournemire (<a href=\"https:\/\/www.lemonde.fr\/livres\/article\/2025\/09\/23\/des-enfants-uniques-de-gabrielle-de-tournemire-pas-handicapes-de-l-amour_6642512_3260.html\" target=\"_blank\" rel=\"noopener\">Des enfants uniques<\/a>, Flammarion). Leurs ouvrages s\u2019inscrivent dans un ph\u00e9nom\u00e8ne \u00e9ditorial d\u00e9sormais bien identifi\u00e9 en France\u00a0: l\u2019\u00e9mergence, chaque automne, de nouvelles voix. Toutefois, la r\u00e9alit\u00e9 du march\u00e9 rappelle la difficult\u00e9 de s\u2019imposer. Selon le magazine professionnel Livres Hebdo, le niveau m\u00e9dian des ventes des premiers romans s\u2019\u00e9tablit \u00e0 seulement 545 exemplaires au bout de deux mois, ce qui signifie que la moiti\u00e9 de ces livres ne d\u00e9passe pas ce seuil symbolique\u00a0; seuls 24 titres sur 73 franchissent la barre des 1\u00a0000 exemplaires.<\/p>\n<p class=\"reading-mode-only \"><strong>Il vous reste 84.42% de cet article \u00e0 lire. La suite est r\u00e9serv\u00e9e aux abonn\u00e9s.<\/strong><\/p>\n","protected":false},"excerpt":{"rendered":"Rams\u00e8s Kefi, Gabrielle de Tournemire et Daniel Bourrion\u00a0: trois primo-romanciers de la rentr\u00e9e litt\u00e9raire 2025. PHILIPPE MATSAS\/PHILIPPE REY.&hellip;\n","protected":false},"author":2,"featured_media":566071,"comment_status":"","ping_status":"","sticky":false,"template":"","format":"standard","meta":{"footnotes":""},"categories":[1888],"tags":[1111,1928,11,1927,1777,674,1011,27,12,1926,626,1925,25],"class_list":{"0":"post-566070","1":"post","2":"type-post","3":"status-publish","4":"format-standard","5":"has-post-thumbnail","7":"category-paris","8":"tag-actu","9":"tag-actu-paris","10":"tag-actualites","11":"tag-actualites-paris","12":"tag-eu","13":"tag-europe","14":"tag-fr","15":"tag-france","16":"tag-news","17":"tag-news-paris","18":"tag-paris","19":"tag-paris-news","20":"tag-republique-francaise"},"share_on_mastodon":{"url":"https:\/\/pubeurope.com\/@fr\/115631492800455031","error":""},"_links":{"self":[{"href":"https:\/\/www.europesays.com\/fr\/wp-json\/wp\/v2\/posts\/566070","targetHints":{"allow":["GET"]}}],"collection":[{"href":"https:\/\/www.europesays.com\/fr\/wp-json\/wp\/v2\/posts"}],"about":[{"href":"https:\/\/www.europesays.com\/fr\/wp-json\/wp\/v2\/types\/post"}],"author":[{"embeddable":true,"href":"https:\/\/www.europesays.com\/fr\/wp-json\/wp\/v2\/users\/2"}],"replies":[{"embeddable":true,"href":"https:\/\/www.europesays.com\/fr\/wp-json\/wp\/v2\/comments?post=566070"}],"version-history":[{"count":0,"href":"https:\/\/www.europesays.com\/fr\/wp-json\/wp\/v2\/posts\/566070\/revisions"}],"wp:featuredmedia":[{"embeddable":true,"href":"https:\/\/www.europesays.com\/fr\/wp-json\/wp\/v2\/media\/566071"}],"wp:attachment":[{"href":"https:\/\/www.europesays.com\/fr\/wp-json\/wp\/v2\/media?parent=566070"}],"wp:term":[{"taxonomy":"category","embeddable":true,"href":"https:\/\/www.europesays.com\/fr\/wp-json\/wp\/v2\/categories?post=566070"},{"taxonomy":"post_tag","embeddable":true,"href":"https:\/\/www.europesays.com\/fr\/wp-json\/wp\/v2\/tags?post=566070"}],"curies":[{"name":"wp","href":"https:\/\/api.w.org\/{rel}","templated":true}]}}