{"id":566074,"date":"2025-11-29T06:09:30","date_gmt":"2025-11-29T06:09:30","guid":{"rendered":"https:\/\/www.europesays.com\/fr\/566074\/"},"modified":"2025-11-29T06:09:30","modified_gmt":"2025-11-29T06:09:30","slug":"reprise-du-groupe-de-pret-a-porter-ikks-decision-le-12-decembre-par-le-tribunal-des","status":"publish","type":"post","link":"https:\/\/www.europesays.com\/fr\/566074\/","title":{"rendered":"Reprise du groupe de pr\u00eat-\u00e0-porter IKKS\u00a0: d\u00e9cision le 12\u00a0d\u00e9cembre par le tribunal des"},"content":{"rendered":"<tr wp_automatic_readability=\"5.9010989010989\">\n<td valign=\"middle\" align=\"center\" class=\"col-logo\" wp_automatic_readability=\"5\">\n    <img decoding=\"async\" src=\"https:\/\/maville.com\/design\/images\/logo-of-monetise.svg?version=20130627\" alt=\"logo Ouest-France\" height=\"66\"\/><\/p>\n<p>Contenu r\u00e9serv\u00e9 aux abonn\u00e9s<\/p>\n<\/td>\n<td class=\"col-titre\">\n\t\t\tVendredi 28 novembre 2025 18:59<br \/>\n\t\t\t<a class=\"icon-bulle sizeL count\" href=\"#ancreAvis\"><br \/>\n\t&#8230;<br \/>\n<\/a><\/td>\n<\/tr>\n<p>\t\t<a class=\"mavillebox2 elmt-photo\" href=\"https:\/\/maville.com\/photosmvi\/2025\/11\/28\/P35608207D7085185G.jpg\" title=\" Le groupe de pr\u00eat-\u00e0-porter IKKS a son si\u00e8ge \u00e0 Saint-Macaire-en-Mauges (S\u00e8vremoine), pr\u00e8s de Cholet (Maine-et-Loire).  \u00a9  Archives Ouest-France  \" rel=\"galerie_actu noopener\" target=\"_blank\"><br \/>\n\t<img decoding=\"async\" src=\"https:\/\/www.europesays.com\/fr\/wp-content\/uploads\/2025\/11\/P35608207D7085185G_crop_640-330_.jpg\" alt=\"photo  le groupe de pr\u00eat-\u00e0-porter ikks a son si\u00e8ge \u00e0 saint-macaire-en-mauges (s\u00e8vremoine), pr\u00e8s de cholet (maine-et-loire).  \u00a9  archives ouest-france \"\/><br \/>\n\t1<br \/>\n<\/a><\/p>\n<p class=\"elmt-legende\"> Le groupe de pr\u00eat-\u00e0-porter IKKS a son si\u00e8ge \u00e0 Saint-Macaire-en-Mauges (S\u00e8vremoine), pr\u00e8s de Cholet (Maine-et-Loire).  \u00a9  Archives Ouest-France  <\/p>\n<p>\t\tCe vendredi 28\u00a0novembre 2025, le tribunal des activit\u00e9s \u00e9conomiques de Paris a examin\u00e9 les offres de reprise du groupe de pr\u00eat-\u00e0-porter IKKS dont le si\u00e8ge se situe pr\u00e8s de Cholet (Maine-et-Loire). La d\u00e9cision sera rendue le 12\u00a0d\u00e9cembre.<\/p>\n<p><b>Cet article est r\u00e9serv\u00e9 aux abonn\u00e9s<\/b><\/p>\n<p>Pour un acc\u00e8s imm\u00e9diat, abonnez-vous<\/p>\n<p><b>1\u00e8re semaine offerte<\/b><\/p>\n<p>\t\t Vincent DANET. \u00a0\u00a0<br \/>\n\t\tOuest-France<\/p>\n<p>Retrouvez d&rsquo;autres actus sur les communes de :<\/p>\n<p>\t\t&#13;<\/p>\n","protected":false},"excerpt":{"rendered":"Contenu r\u00e9serv\u00e9 aux abonn\u00e9s Vendredi 28 novembre 2025 18:59 &#8230; 1 Le groupe de pr\u00eat-\u00e0-porter IKKS a son&hellip;\n","protected":false},"author":2,"featured_media":566075,"comment_status":"","ping_status":"","sticky":false,"template":"","format":"standard","meta":{"footnotes":""},"categories":[1888],"tags":[6888,9835,11,49832,17227,36729,1777,674,1011,27,2705,56818,2047,12,626,1103,9834,25,3693],"class_list":{"0":"post-566074","1":"post","2":"type-post","3":"status-publish","4":"format-standard","5":"has-post-thumbnail","7":"category-paris","8":"tag-6888","9":"tag-activites","10":"tag-actualites","11":"tag-decembre","12":"tag-decision","13":"tag-economiques","14":"tag-eu","15":"tag-europe","16":"tag-fr","17":"tag-france","18":"tag-groupe","19":"tag-ikks","20":"tag-mans","21":"tag-news","22":"tag-paris","23":"tag-pret-a-porter","24":"tag-reprise","25":"tag-republique-francaise","26":"tag-tribunal"},"share_on_mastodon":{"url":"https:\/\/pubeurope.com\/@fr\/115631500702753133","error":""},"_links":{"self":[{"href":"https:\/\/www.europesays.com\/fr\/wp-json\/wp\/v2\/posts\/566074","targetHints":{"allow":["GET"]}}],"collection":[{"href":"https:\/\/www.europesays.com\/fr\/wp-json\/wp\/v2\/posts"}],"about":[{"href":"https:\/\/www.europesays.com\/fr\/wp-json\/wp\/v2\/types\/post"}],"author":[{"embeddable":true,"href":"https:\/\/www.europesays.com\/fr\/wp-json\/wp\/v2\/users\/2"}],"replies":[{"embeddable":true,"href":"https:\/\/www.europesays.com\/fr\/wp-json\/wp\/v2\/comments?post=566074"}],"version-history":[{"count":0,"href":"https:\/\/www.europesays.com\/fr\/wp-json\/wp\/v2\/posts\/566074\/revisions"}],"wp:featuredmedia":[{"embeddable":true,"href":"https:\/\/www.europesays.com\/fr\/wp-json\/wp\/v2\/media\/566075"}],"wp:attachment":[{"href":"https:\/\/www.europesays.com\/fr\/wp-json\/wp\/v2\/media?parent=566074"}],"wp:term":[{"taxonomy":"category","embeddable":true,"href":"https:\/\/www.europesays.com\/fr\/wp-json\/wp\/v2\/categories?post=566074"},{"taxonomy":"post_tag","embeddable":true,"href":"https:\/\/www.europesays.com\/fr\/wp-json\/wp\/v2\/tags?post=566074"}],"curies":[{"name":"wp","href":"https:\/\/api.w.org\/{rel}","templated":true}]}}