{"id":566078,"date":"2025-11-29T06:11:23","date_gmt":"2025-11-29T06:11:23","guid":{"rendered":"https:\/\/www.europesays.com\/fr\/566078\/"},"modified":"2025-11-29T06:11:23","modified_gmt":"2025-11-29T06:11:23","slug":"en-direct-ukraine-une-attaque-russe-de-drones-sur-la-capitale-fait-un-mort-et-11-blesses-selon-kiev","status":"publish","type":"post","link":"https:\/\/www.europesays.com\/fr\/566078\/","title":{"rendered":"EN DIRECT &#8211; Ukraine : une attaque russe de drones sur la capitale fait un mort et 11 bless\u00e9s, selon Kiev"},"content":{"rendered":"<ul class=\"jsx-862013697 ArticleChapo__List\">\n<li class=\"jsx-862013697 ArticleChapo__List_Item flex\">Une attaque russe de drones sur Kiev et sa banlieue tout au long de la nuit de vendredi \u00e0 samedi a fait au moins un mort et 11 bless\u00e9s, dont des femmes et un enfant, selon les autorit\u00e9s.<\/li>\n<li class=\"jsx-862013697 ArticleChapo__List_Item flex\">Suivez les derni\u00e8res informations.<\/li>\n<\/ul>\n<p><a href=\"https:\/\/www.tf1info.fr\/actualite\/guerre-ukraine-russie-une-rencontre-donald-trump-vladimir-poutine-historique-le-vendredi-15-aout-2025-en-alaska-sans-volodymyr-zelensky-14326\/\" rel=\"noopener\" class=\"jsx-484472199 Link jsx-1428418400 jsx-554215408\" target=\"_blank\"><\/p>\n<p style=\"font-weight:400\" class=\"jsx-1837267516\">Suivez la couverture compl\u00e8te<\/p>\n<p style=\"font-weight:800\" class=\"jsx-1837267516\">Ukraine-Russie : la perspective de n\u00e9gociations relanc\u00e9e ?<\/p>\n<p><\/a>Minute par minuteATTAQUE DE DRONES SUR KIEV06:57<\/p>\n<p>Une attaque \u00ab\u00a0terroriste\u00a0\u00bb russe de drones sur Kiev et sa banlieue dans la nuit de vendredi \u00e0 samedi a fait au moins un mort et 11 bless\u00e9s, dont des femmes et un enfant, ainsi que de gros d\u00e9g\u00e2ts mat\u00e9riels, ont annonc\u00e9 les autorit\u00e9s. De fortes explosions ont d&rsquo;abord \u00e9t\u00e9 entendues vers minuit par des journalistes de l&rsquo;AFP au centre de Kiev et le maire de la ville, Vitali Klitschko, les a aussit\u00f4t attribu\u00e9es aux forces arm\u00e9es de Moscou.<\/p>\n<p>\u00ab\u00a0La mort d&rsquo;une personne a \u00e9t\u00e9 confirm\u00e9e\u00a0\u00bb dans un quartier de la gigantesque capitale, a indiqu\u00e9 sur son compte Telegram le chef de l&rsquo;administration militaire de Kiev, Tymur Tkachenko, pr\u00e9cisant qu&rsquo;il s&rsquo;agissait d&rsquo;un \u00ab\u00a0homme\u00a0\u00bb. Il a dress\u00e9 un nouveau bilan tr\u00e8s provisoire et en constante \u00e9volution de \u00ab\u00a0huit r\u00e9sidents de Kiev bless\u00e9s et d&rsquo;un tu\u00e9\u00a0\u00bb. L&rsquo;\u00e9dile Klitschko avait indiqu\u00e9 auparavant qu&rsquo;un adolescent de 13 ans se trouvait parmi les bless\u00e9s.<\/p>\n<p>L&rsquo;administration militaire de Kiev a fustig\u00e9 dans un communiqu\u00e9 \u00ab\u00a0une attaque terroriste cynique de la F\u00e9d\u00e9ration de Russie\u00a0\u00bb, au moyen de drones, ayant frapp\u00e9 neuf endroits diff\u00e9rents de cinq quartiers.<\/p>\n<p>BONJOUR06:56<\/p>\n<p>Bienvenue dans ce direct consacr\u00e9 \u00e0 la guerre en Ukraine et \u00e0 ses cons\u00e9quences. Retrouvez ici les moments marquants et les images fortes sur ce conflit.<\/p>\n<p data-module=\"article-paragraph\" class=\"jsx-3046738180 Paragraph\">Le pr\u00e9sident Volodymyr Zelensky a limog\u00e9, vendredi 28 novembre, <a href=\"https:\/\/www.tf1info.fr\/international\/ukraine-des-perquisitions-anticorruption-menees-au-domicile-du-bras-droit-de-volodymyr-zelensky-2409520.html\" target=\"_blank\" rel=\"noopener\">son chef de cabinet, Andri\u00ef Iermak<\/a>, consid\u00e9r\u00e9 comme son bras droit et l&rsquo;un des hommes les plus influents d&rsquo;Ukraine, apr\u00e8s la perquisition de son logement par les enqu\u00eateurs de l&rsquo;agence anticorruption.<\/p>\n<p data-module=\"article-paragraph\" class=\"jsx-3046738180 Paragraph Paragraph__End\">Le pr\u00e9sident russe Vladimir Poutine a salu\u00e9 vendredi la position \u00ab\u00a0\u00e9quilibr\u00e9e\u00a0\u00bb de la Hongrie sur l&rsquo;Ukraine, lors d&rsquo;une rencontre au Kremlin avec le Premier ministre hongrois, Viktor Orban. \u00ab\u00a0Je connais votre position \u00e9quilibr\u00e9e sur la question ukrainienne\u00a0\u00bb, a d\u00e9clar\u00e9 le pr\u00e9sident russe \u00e0 M. Orban, qui s&rsquo;oppose au sein de l&rsquo;Union europ\u00e9enne aux sanctions contre la Russie et critique le soutien \u00e0 Kiev.<\/p>\n<p data-module=\"article-paragraph\" class=\"jsx-3046738180 Paragraph\">Jeudi, Andri\u00ef Iermak (alors toujours chef de cabinet du pr\u00e9sident ukrainien), avait annonc\u00e9 sur Telegram que le \u00ab\u00a0travail conjoint des d\u00e9l\u00e9gations ukrainienne et am\u00e9ricaine\u00a0\u00bb sur le plan se poursuivrait \u00ab\u00a0\u00e0 la fin de cette semaine\u00a0\u00bb. Ce vendredi soir, un responsable proche du dossier a indiqu\u00e9 \u00e0 l&rsquo;AFP que des n\u00e9gociateurs ukrainiens \u00e9taient attendus aux \u00c9tats-Unis ce week-end pour des discussions sur le plan am\u00e9ricain.\u00a0<\/p>\n<p data-module=\"article-paragraph\" class=\"jsx-3046738180 Paragraph\">\u00ab\u00a0La d\u00e9l\u00e9gation pr\u00e9voit de rencontrer la partie am\u00e9ricaine \u00e0 la fin de cette semaine\u00a0\u00bb, a d\u00e9clar\u00e9 la source, demandant l&rsquo;anonymat en raison de la sensibilit\u00e9 de la question. Les discussions pourraient avoir lieu en Floride, selon elle. Andri\u00ef Iermak, l&rsquo;ancien chef de cabinet du pr\u00e9sident ukrainien Volodymyr Zelensky, devait participer \u00e0 cette rencontre avant son limogeage vendredi, selon la m\u00eame source.<\/p>\n<p data-module=\"article-paragraph\" class=\"jsx-3046738180 Paragraph Paragraph__End\">L&rsquo;\u00e9missaire am\u00e9ricain Steve Witkoff est lui attendu la semaine prochaine \u00e0 Moscou pour \u00e9voquer ce plan am\u00e9ricain avec les responsables russes.<\/p>\n<p>La r\u00e9daction de TF1info<\/p>\n","protected":false},"excerpt":{"rendered":"Une attaque russe de drones sur Kiev et sa banlieue tout au long de la nuit de vendredi&hellip;\n","protected":false},"author":2,"featured_media":5029,"comment_status":"","ping_status":"","sticky":false,"template":"","format":"standard","meta":{"footnotes":""},"categories":[1591],"tags":[1111,11,1921,1887,1922,12,1885,1886,132,220,1917,67457,133,1920,135,134],"class_list":{"0":"post-566078","1":"post","2":"type-post","3":"status-publish","4":"format-standard","5":"has-post-thumbnail","7":"category-russie","8":"tag-actu","9":"tag-actualites","10":"tag-article-video","11":"tag-federation-de-russie","12":"tag-info","13":"tag-news","14":"tag-russia","15":"tag-russian-federation","16":"tag-russie","17":"tag-ukraine","18":"tag-ukraine-4-annee-de-guerre","19":"tag-ukraine-russie-la-perspective-de-negociations-relancee","20":"tag-video","21":"tag-video-international","22":"tag-vladimir-poutine","23":"tag-volodymyr-zelensky"},"share_on_mastodon":{"url":"https:\/\/pubeurope.com\/@fr\/115631507760752271","error":""},"_links":{"self":[{"href":"https:\/\/www.europesays.com\/fr\/wp-json\/wp\/v2\/posts\/566078","targetHints":{"allow":["GET"]}}],"collection":[{"href":"https:\/\/www.europesays.com\/fr\/wp-json\/wp\/v2\/posts"}],"about":[{"href":"https:\/\/www.europesays.com\/fr\/wp-json\/wp\/v2\/types\/post"}],"author":[{"embeddable":true,"href":"https:\/\/www.europesays.com\/fr\/wp-json\/wp\/v2\/users\/2"}],"replies":[{"embeddable":true,"href":"https:\/\/www.europesays.com\/fr\/wp-json\/wp\/v2\/comments?post=566078"}],"version-history":[{"count":0,"href":"https:\/\/www.europesays.com\/fr\/wp-json\/wp\/v2\/posts\/566078\/revisions"}],"wp:featuredmedia":[{"embeddable":true,"href":"https:\/\/www.europesays.com\/fr\/wp-json\/wp\/v2\/media\/5029"}],"wp:attachment":[{"href":"https:\/\/www.europesays.com\/fr\/wp-json\/wp\/v2\/media?parent=566078"}],"wp:term":[{"taxonomy":"category","embeddable":true,"href":"https:\/\/www.europesays.com\/fr\/wp-json\/wp\/v2\/categories?post=566078"},{"taxonomy":"post_tag","embeddable":true,"href":"https:\/\/www.europesays.com\/fr\/wp-json\/wp\/v2\/tags?post=566078"}],"curies":[{"name":"wp","href":"https:\/\/api.w.org\/{rel}","templated":true}]}}