{"id":566079,"date":"2025-11-29T06:12:18","date_gmt":"2025-11-29T06:12:18","guid":{"rendered":"https:\/\/www.europesays.com\/fr\/566079\/"},"modified":"2025-11-29T06:12:18","modified_gmt":"2025-11-29T06:12:18","slug":"au-moins-un-mort-et-une-dizaine-de-blesses-apres-une-nouvelle-attaque-de-drones-sur-kiev","status":"publish","type":"post","link":"https:\/\/www.europesays.com\/fr\/566079\/","title":{"rendered":"au moins un mort et une dizaine de bless\u00e9s apr\u00e8s une nouvelle attaque de drones sur Kiev"},"content":{"rendered":"<p class=\"article-p mdl\">Alors que la guerre en Ukraine\u00a0<a class=\"link\" href=\"https:\/\/www.rtl.fr\/actu\/international\/la-guerre-en-ukraine-preoccupe-toujours-73-des-francais-7900571850\" title=\"La guerre en Ukraine pr\u00e9occupe toujours 73% des Fran\u00e7ais\" target=\"_blank\" rel=\"noopener\">pr\u00e9occupe toujours une majorit\u00e9 de Fran\u00e7ais<\/a>, la capitale ukrainienne a encore \u00e9t\u00e9 touch\u00e9e. Une attaque \u00ab\u00a0terroriste\u00a0\u00bb russe de drones sur\u00a0<a class=\"link\" href=\"https:\/\/www.rtl.fr\/actu\/international\/une-nouvelle-nuit-d-attaques-aeriennes-massives-en-ukraine-et-en-russie-7900570814\" title=\"Au moins six morts \u00e0 Kiev, trois morts c\u00f4t\u00e9 russe : une nouvelle nuit d&#039;attaques a\u00e9riennes massives\" target=\"_blank\" rel=\"noopener\">Kiev<\/a>\u00a0et sa banlieue dans la nuit de vendredi 28 \u00e0 samedi 29 novembre a fait au moins un mort et 11 bless\u00e9s, dont des femmes et un enfant, ainsi que de gros d\u00e9g\u00e2ts mat\u00e9riels, ont annonc\u00e9 les autorit\u00e9s.\u00a0<\/p>\n<p class=\"article-p mdl\">De fortes explosions ont d&rsquo;abord \u00e9t\u00e9 entendues <strong>vers minuit <\/strong>par des journalistes de l&rsquo;AFP au centre de Kiev et le maire de la ville, Vitali Klitschko, les a aussit\u00f4t attribu\u00e9es aux forces arm\u00e9es de\u00a0<a class=\"link\" href=\"https:\/\/www.rtl.fr\/actu\/politique\/document-rtl-m6-nous-aurions-tort-d-etre-faibles-face-a-cette-menace-pour-emmanuel-macron-la-russie-mene-une-confrontation-strategique-avec-les-europeens-7900570802\" title=\"DOCUMENT RTL\/M6 - Face \u00e0 la Russie, &quot;nous aurions tort d&#039;\u00eatre faibles&quot; : Emmanuel Macron d\u00e9crit &quot;une confrontation strat\u00e9gique&quot; entre Moscou et l&#039;Europe\" target=\"_blank\" rel=\"noopener\">Moscou<\/a>.\u00a0<\/p>\n<p class=\"article-p mdl\">\u00ab\u00a0La mort d&rsquo;une personne a \u00e9t\u00e9 confirm\u00e9e\u00a0\u00bb dans un quartier de la gigantesque capitale, a indiqu\u00e9 sur son compte Telegram le chef de l&rsquo;administration militaire de Kiev, Tymur Tkachenko, pr\u00e9cisant qu&rsquo;il s&rsquo;agissait d&rsquo;<strong>un \u00ab\u00a0homme\u00a0\u00bb<\/strong>. Il a dress\u00e9 un nouveau<strong> bilan tr\u00e8s provisoire<\/strong> et en constante \u00e9volution de \u00ab\u00a0huit r\u00e9sidents de Kiev bless\u00e9s et d&rsquo;un tu\u00e9\u00a0\u00bb. L&rsquo;\u00e9dile Klitschko avait indiqu\u00e9 auparavant qu&rsquo;un adolescent de 13 ans se trouvait parmi les bless\u00e9s.\u00a0<\/p>\n<p class=\"article-p mdl\">L&rsquo;administration militaire de\u00a0<a class=\"link\" href=\"https:\/\/www.rtl.fr\/actu\/international\/guerre-en-ukraine-kiev-a-mene-160-frappes-reussies-sur-des-sites-petroliers-russes-en-2025-7900560865\" title=\"Guerre en Ukraine : Kiev a men\u00e9 160 frappes r\u00e9ussies sur des sites p\u00e9troliers russes en 2025\" target=\"_blank\" rel=\"noopener\">Kiev\u00a0<\/a>a fustig\u00e9 dans un communiqu\u00e9<strong> \u00ab\u00a0une attaque terroriste cynique de la F\u00e9d\u00e9ration de Russie\u00a0\u00bb<\/strong>, au moyen de drones, ayant frapp\u00e9 <strong>neuf endroits diff\u00e9rents de cinq quartiers<\/strong>. Leur coll\u00e8gue Mykola Kalachnyk, gouverneur de la r\u00e9gion de Kiev, et la mairie de la municipalit\u00e9 de Brovary, en banlieue de la capitale, ont fait \u00e9tat de trois bless\u00e9s de plus, dont deux femmes dans une \u00ab\u00a0attaque de l&rsquo;ennemi aux drones et aux missiles\u00a0\u00bb.\u00a0<\/p>\n<p>            Le chef de cabinet de Zelensky limog\u00e9<\/p>\n<p class=\"article-p mdl\">Quelques heures avant cette nouvelle offensive russe contre Kiev, le pr\u00e9sident ukrainien Volodymyr Zelensky avait\u00a0<a class=\"link\" href=\"https:\/\/www.rtl.fr\/actu\/international\/corruption-en-ukraine-volodymyr-zelensky-annonce-la-demission-de-son-chef-de-cabinet-7900572240\" title=\"Corruption en Ukraine :  Volodymyr Zelensky annonce la d\u00e9mission de son chef de cabinet\" target=\"_blank\" rel=\"noopener\">limog\u00e9 son chef de cabinet<\/a>, Andri\u00ef Iermak,<strong> bras droit extr\u00eamement influent<\/strong>, \u00e0 la suite d&rsquo;une enqu\u00eate <strong>anticorruption\u00a0<\/strong><\/p>\n<p class=\"article-p mdl\">Du c\u00f4t\u00e9 de la diplomatie, des <strong>n\u00e9gociateurs ukrainiens sont attendus aux Etats-Unis<\/strong> ce week-end prolong\u00e9 de la f\u00eate de Thanksgiving, peut-\u00eatre en Floride o\u00f9 le pr\u00e9sident Donald Trump r\u00e9side, pour des discussions sur\u00a0<a class=\"link\" href=\"https:\/\/www.rtl.fr\/actu\/international\/guerre-en-ukraine-washington-evoque-d-immenses-progres-mais-des-details-sensibles-restent-a-regler-7900571085\" title=\"Guerre en Ukraine : Washington \u00e9voque &quot;d&#039;immenses progr\u00e8s&quot; mais &quot;des d\u00e9tails sensibles&quot; \u00e0 r\u00e9gler\" target=\"_blank\" rel=\"noopener\">le plan am\u00e9ricain<\/a>\u00a0visant \u00e0<strong> mettre fin \u00e0 la guerre<\/strong>, a confi\u00e9 vendredi \u00e0 l&rsquo;AFP \u00e0 Kiev un responsable proche du dossier.\u00a0<\/p>\n<p class=\"article-p mdl\">En revanche, le secr\u00e9taire d&rsquo;Etat Marco Rubio ne se rendra pas \u00e0 la r\u00e9union des ministres des Affaires \u00e9trang\u00e8res des pays de l&rsquo;Otan la semaine prochaine \u00e0 Bruxelles, a appris l&rsquo;AFP d&rsquo;une source proche du dossier. <strong>Donald Trump a suscit\u00e9 des inqui\u00e9tudes <\/strong>\u00e0 Kiev et dans les chancelleries europ\u00e9ennes en pr\u00e9sentant il y a dix jours <strong>un plan en 28 points cens\u00e9<\/strong> mettre fin \u00e0 la guerre qui dure depuis <strong>pr\u00e8s de quatre ans<\/strong> en Ukraine.\u00a0<\/p>\n<p>    La r\u00e9daction vous recommande<\/p>\n<p class=\"s-newsletter__title\">\n                L\u2019actualit\u00e9 par la r\u00e9daction de RTL dans votre bo\u00eete mail.\n            <\/p>\n<p class=\"s-newsletter__subtitle\">\n                Gr\u00e2ce \u00e0 votre compte RTL abonnez-vous \u00e0 la newsletter RTL info pour suivre toute l&rsquo;actualit\u00e9 au quotidien\n            <\/p>\n<p>\n                                    Lire la suite\n                                <\/p>\n","protected":false},"excerpt":{"rendered":"Alors que la guerre en Ukraine\u00a0pr\u00e9occupe toujours une majorit\u00e9 de Fran\u00e7ais, la capitale ukrainienne a encore \u00e9t\u00e9 touch\u00e9e.&hellip;\n","protected":false},"author":2,"featured_media":566080,"comment_status":"","ping_status":"","sticky":false,"template":"","format":"standard","meta":{"footnotes":""},"categories":[1590],"tags":[11,1777,674,107,131,11229,12,132,220],"class_list":{"0":"post-566079","1":"post","2":"type-post","3":"status-publish","4":"format-standard","5":"has-post-thumbnail","7":"category-ukraine","8":"tag-actualites","9":"tag-eu","10":"tag-europe","11":"tag-fil-info","12":"tag-guerre-en-ukraine","13":"tag-kiev","14":"tag-news","15":"tag-russie","16":"tag-ukraine"},"share_on_mastodon":{"url":"https:\/\/pubeurope.com\/@fr\/115631511754546111","error":""},"_links":{"self":[{"href":"https:\/\/www.europesays.com\/fr\/wp-json\/wp\/v2\/posts\/566079","targetHints":{"allow":["GET"]}}],"collection":[{"href":"https:\/\/www.europesays.com\/fr\/wp-json\/wp\/v2\/posts"}],"about":[{"href":"https:\/\/www.europesays.com\/fr\/wp-json\/wp\/v2\/types\/post"}],"author":[{"embeddable":true,"href":"https:\/\/www.europesays.com\/fr\/wp-json\/wp\/v2\/users\/2"}],"replies":[{"embeddable":true,"href":"https:\/\/www.europesays.com\/fr\/wp-json\/wp\/v2\/comments?post=566079"}],"version-history":[{"count":0,"href":"https:\/\/www.europesays.com\/fr\/wp-json\/wp\/v2\/posts\/566079\/revisions"}],"wp:featuredmedia":[{"embeddable":true,"href":"https:\/\/www.europesays.com\/fr\/wp-json\/wp\/v2\/media\/566080"}],"wp:attachment":[{"href":"https:\/\/www.europesays.com\/fr\/wp-json\/wp\/v2\/media?parent=566079"}],"wp:term":[{"taxonomy":"category","embeddable":true,"href":"https:\/\/www.europesays.com\/fr\/wp-json\/wp\/v2\/categories?post=566079"},{"taxonomy":"post_tag","embeddable":true,"href":"https:\/\/www.europesays.com\/fr\/wp-json\/wp\/v2\/tags?post=566079"}],"curies":[{"name":"wp","href":"https:\/\/api.w.org\/{rel}","templated":true}]}}