{"id":566085,"date":"2025-11-29T06:15:22","date_gmt":"2025-11-29T06:15:22","guid":{"rendered":"https:\/\/www.europesays.com\/fr\/566085\/"},"modified":"2025-11-29T06:15:22","modified_gmt":"2025-11-29T06:15:22","slug":"lallemagne-prepare-un-plan-de-defense-massif-pour-contrer-la-menace-russe-potentielle","status":"publish","type":"post","link":"https:\/\/www.europesays.com\/fr\/566085\/","title":{"rendered":"L&rsquo;Allemagne pr\u00e9pare un plan de d\u00e9fense massif pour contrer la menace russe potentielle"},"content":{"rendered":"<p>L&rsquo;Allemagne met en \u0153uvre un vaste plan de d\u00e9fense en pr\u00e9vision d&rsquo;un \u00e9ventuel conflit avec la Russie, impliquant le d\u00e9ploiement de jusqu&rsquo;\u00e0 800 000 soldats de l&rsquo;OTAN sur son territoire, selon un document de la Bundeswehr de 1 200 pages ayant fuit\u00e9.<\/p>\n<p>Le Plan Op\u00e9rationnel Allemagne (OPLAN DEU), \u00e9labor\u00e9 il y a environ deux ans et demi, est d\u00e9sormais ex\u00e9cut\u00e9 \u00e0 plein r\u00e9gime, alors m\u00eame que des responsables allemands avertissent que la Russie pourrait \u00eatre pr\u00eate \u00e0 attaquer un pays membre de l&rsquo;OTAN d\u00e8s 2028, rapporte le Wall Street Journal.<\/p>\n<p>Ce plan vise \u00e0 garantir que les d\u00e9cisions politiques en cas de crise ou de conflit puissent \u00eatre prises rapidement, conform\u00e9ment \u00e0 la Constitution, et de mani\u00e8re coordonn\u00e9e afin de permettre une action rapide.<\/p>\n<p>D&rsquo;apr\u00e8s le document de la Bundeswehr, l&rsquo;OPLAN DEU est con\u00e7u pour adapter la capacit\u00e9 de r\u00e9action rapide, l&rsquo;\u00e9tat de pr\u00e9paration au combat et la r\u00e9silience de l&rsquo;Allemagne aux enjeux de s\u00e9curit\u00e9 actuels.<\/p>\n<p>Le plan adopterait une approche globale, int\u00e9grant \u00e9troitement les fonctions civiles et militaires. Bien que son concept rappelle les strat\u00e9gies de la Guerre froide, il a \u00e9t\u00e9 actualis\u00e9 pour tenir compte des d\u00e9fis contemporains tels que le vieillissement des infrastructures, les lourdeurs bureaucratiques et la p\u00e9nurie de personnel.<\/p>\n<p>La mise en \u0153uvre de ce plan pourrait s&rsquo;av\u00e9rer complexe en raison d&rsquo;infrastructures obsol\u00e8tes (ponts d\u00e9labr\u00e9s, tunnels \u00e9troits, ports en ruine), d&rsquo;obstacles bureaucratiques, de capacit\u00e9s militaires limit\u00e9es et d&rsquo;une coordination insuffisante avec les agences civiles, selon les informations disponibles.<\/p>\n<p>Exercice \u00ab Red Storm Bravo \u00bb<\/p>\n<p>Fin septembre, le commandement r\u00e9gional de Hambourg a men\u00e9 l&rsquo;exercice \u00ab Red Storm Bravo \u00bb afin de simuler des d\u00e9ploiements de troupes. Un porte-parole a indiqu\u00e9 \u00e0 <strong>Euronews<\/strong> que l&rsquo;exercice pr\u00e9voyait la simulation de l&rsquo;arriv\u00e9e de forces de l&rsquo;OTAN, progressant en colonne vers l&rsquo;est.<\/p>\n<p>Le convoi d&rsquo;entra\u00eenement, cens\u00e9 circuler sans interruption, a \u00e9t\u00e9 retard\u00e9 par d&rsquo;importants intervalles entre les v\u00e9hicules, la pr\u00e9sence d&rsquo;un drone simul\u00e9 et une manifestation mise en sc\u00e8ne, parcourant moins de dix kilom\u00e8tres en deux heures.<\/p>\n<p>Le plan d&rsquo;op\u00e9ration divulgu\u00e9 souligne que des exercices comme celui-ci mettent en \u00e9vidence comment m\u00eame des op\u00e9rations de base \u2013 franchir des intersections, g\u00e9rer des manifestations ou se d\u00e9fendre contre des drones \u2013 pourraient \u00eatre paralys\u00e9es en cas de crise r\u00e9elle.<\/p>\n<p>Les entreprises priv\u00e9es jouent un r\u00f4le essentiel pour relever ces d\u00e9fis dans le cadre de l&rsquo;OPLAN DEU. Par exemple, Rheinmetall fournit des camps temporaires, approvisionne les troupes et installe des infrastructures cl\u00e9s, telles que des douches, des stations-service et des cuisines de campagne.<\/p>\n<p>Impliquer le secteur priv\u00e9<\/p>\n<p>L\u2019op\u00e9ration DEU consid\u00e8re le sabotage comme l\u2019une des principales menaces, ciblant les infrastructures critiques telles que les voies ferr\u00e9es et les routes. Ces attaques sont parfois perp\u00e9tr\u00e9es par des agents dits \u00ab de bas niveau \u00bb, comme l\u2019a pr\u00e9c\u00e9demment rapport\u00e9 <strong>Euronews<\/strong>.<\/p>\n<p>Le plan pr\u00e9voit l&rsquo;utilisation de drones pour d\u00e9tecter et contrer les actes de sabotage. Ces a\u00e9ronefs sans pilote sont destin\u00e9s \u00e0 prot\u00e9ger les infrastructures critiques \u2013 ports, routes et voies ferr\u00e9es \u2013 et \u00e0 rep\u00e9rer rapidement les menaces potentielles.<\/p>\n<p>Bien qu&rsquo;ils soient consid\u00e9r\u00e9s comme essentiels pour la logistique et la s\u00e9curit\u00e9 en temps de guerre, des d\u00e9fis techniques, juridiques et organisationnels subsistent.<\/p>\n<p>Paul Strobel, porte-parole de la soci\u00e9t\u00e9 allemande de drones <a href=\"https:\/\/fr.euronews.com\/my-europe\/2024\/11\/20\/la-technologie-une-menace-et-un-outil-pour-la-guerre-des-drones-entre-lukraine-et-la-russi\" target=\"_blank\" rel=\"noopener\"><strong>Quantum Systems<\/strong><\/a>, a d\u00e9clar\u00e9 que les drones vendus \u00e0 la Bundeswehr n&rsquo;ont pas le droit de survoler les zones habit\u00e9es et doivent obligatoirement \u00eatre \u00e9quip\u00e9s de feux de position.<\/p>\n<p>Suite aux incidents impliquant des drones russes en Pologne, l&rsquo;UE a propos\u00e9 la mise en place d&rsquo;un \u00ab mur de drones \u00bb pour prot\u00e9ger le flanc est de l&rsquo;OTAN. Strobel <a href=\"https:\/\/fr.euronews.com\/2025\/10\/02\/mur-antidrones-lue-pourrait-elle-vraiment-intercepter-tous-les-drones-russes\" target=\"_blank\" rel=\"noopener\"><strong>a expliqu\u00e9 \u00e0 Euronews c<\/strong><\/a>omment un tel syst\u00e8me pourrait fonctionner concr\u00e8tement.<\/p>\n<p>Le dernier \u00e9t\u00e9 de paix ?<\/p>\n<p>Des responsables allemands laissent entendre que la Russie pourrait \u00eatre pr\u00eate \u00e0 attaquer un pays membre de l&rsquo;OTAN d\u00e8s 2029, les actes de sabotage, d&rsquo;espionnage et autres incidents \u00e9tant per\u00e7us comme des signes avant-coureurs potentiels.<\/p>\n<p>Le ministre allemand de la D\u00e9fense, Boris Pistorius, a r\u00e9cemment d\u00e9clar\u00e9 au journal Frankfurter Allgemeine Zeitung que la Russie \u00ab renforce rapidement ses arsenaux malgr\u00e9 la guerre en Ukraine \u00bb.<\/p>\n<p>Il a \u00e9galement \u00e9voqu\u00e9 la possibilit\u00e9 d&rsquo;une attaque contre l&rsquo;Alliance plus t\u00f4t. \u00ab Les experts militaires et les services de renseignement peuvent estimer approximativement quand la Russie aura suffisamment reconstitu\u00e9 ses forces arm\u00e9es pour frapper un membre de l&rsquo;OTAN \u00e0 l&rsquo;est \u00bb, a pr\u00e9cis\u00e9 Pistorius.<\/p>\n<p>\u00ab Nous avons toujours dit que cela pourrait se produire d\u00e8s 2029. Aujourd&rsquo;hui, certains sugg\u00e8rent que cela pourrait arriver d\u00e8s 2028, et quelques historiens militaires avancent m\u00eame que l&rsquo;\u00e9t\u00e9 dernier \u00e9tait peut-\u00eatre le dernier \u00e9t\u00e9 de paix. \u00bb<\/p>\n","protected":false},"excerpt":{"rendered":"L&rsquo;Allemagne met en \u0153uvre un vaste plan de d\u00e9fense en pr\u00e9vision d&rsquo;un \u00e9ventuel conflit avec la Russie, impliquant&hellip;\n","protected":false},"author":2,"featured_media":566086,"comment_status":"","ping_status":"","sticky":false,"template":"","format":"standard","meta":{"footnotes":""},"categories":[1587],"tags":[11,672,31467,1804,1805,1803,1777,674,1801,12,136,1802],"class_list":{"0":"post-566085","1":"post","2":"type-post","3":"status-publish","4":"format-standard","5":"has-post-thumbnail","7":"category-allemagne","8":"tag-actualites","9":"tag-allemagne","10":"tag-armee-allemande","11":"tag-bundesrepublik-deutschland","12":"tag-de","13":"tag-deutschland","14":"tag-eu","15":"tag-europe","16":"tag-germany","17":"tag-news","18":"tag-otan","19":"tag-republique-federale-dallemagne"},"share_on_mastodon":{"url":"https:\/\/pubeurope.com\/@fr\/115631523402451802","error":""},"_links":{"self":[{"href":"https:\/\/www.europesays.com\/fr\/wp-json\/wp\/v2\/posts\/566085","targetHints":{"allow":["GET"]}}],"collection":[{"href":"https:\/\/www.europesays.com\/fr\/wp-json\/wp\/v2\/posts"}],"about":[{"href":"https:\/\/www.europesays.com\/fr\/wp-json\/wp\/v2\/types\/post"}],"author":[{"embeddable":true,"href":"https:\/\/www.europesays.com\/fr\/wp-json\/wp\/v2\/users\/2"}],"replies":[{"embeddable":true,"href":"https:\/\/www.europesays.com\/fr\/wp-json\/wp\/v2\/comments?post=566085"}],"version-history":[{"count":0,"href":"https:\/\/www.europesays.com\/fr\/wp-json\/wp\/v2\/posts\/566085\/revisions"}],"wp:featuredmedia":[{"embeddable":true,"href":"https:\/\/www.europesays.com\/fr\/wp-json\/wp\/v2\/media\/566086"}],"wp:attachment":[{"href":"https:\/\/www.europesays.com\/fr\/wp-json\/wp\/v2\/media?parent=566085"}],"wp:term":[{"taxonomy":"category","embeddable":true,"href":"https:\/\/www.europesays.com\/fr\/wp-json\/wp\/v2\/categories?post=566085"},{"taxonomy":"post_tag","embeddable":true,"href":"https:\/\/www.europesays.com\/fr\/wp-json\/wp\/v2\/tags?post=566085"}],"curies":[{"name":"wp","href":"https:\/\/api.w.org\/{rel}","templated":true}]}}