{"id":566097,"date":"2025-11-29T06:22:13","date_gmt":"2025-11-29T06:22:13","guid":{"rendered":"https:\/\/www.europesays.com\/fr\/566097\/"},"modified":"2025-11-29T06:22:13","modified_gmt":"2025-11-29T06:22:13","slug":"le-tours-vb-veut-dompter-saint-nazaire-pour-prolonger-sa-dynamique","status":"publish","type":"post","link":"https:\/\/www.europesays.com\/fr\/566097\/","title":{"rendered":"le Tours VB veut dompter Saint-Nazaire pour prolonger sa dynamique"},"content":{"rendered":"<p><strong>Tours\u00a0&#8211; Saint-Nazaire<\/strong><\/p>\n<p>Pour le moment, c\u2019est une affaire qui roule\u00a0! Voil\u00e0 un peu plus de deux semaines qu\u2019Igor Juricic a d\u00e9barqu\u00e9 en Touraine pour prendre la succession de Mladen Kasic \u00e0 la t\u00eate du Tours VB, et jusqu\u2019\u00e0 pr\u00e9sent, le bilan est sans fausse note\u00a0: victoire contre Paris (3-1), puis \u00e0 Cannes (1-3), avant de triompher de Tourcoing en <a target=\"_self\" href=\"https:\/\/www.lanouvellerepublique.fr\/tours\/coupe-de-france-le-tvb-sanctionne-encore-tourcoing-et-elimine-le-tenant-du-titre-1764110171\" rel=\"noopener\">huiti\u00e8mes de finale de la Coupe de France (3-0)<\/a> mardi\u2026 Les Tourangeaux ont visiblement trouv\u00e9 les cl\u00e9s sportives et mentales pour maintenir leur belle dynamique du d\u00e9but de saison&#8230;. <\/p>\n<p>    Cet article a \u00e9t\u00e9 tronqu\u00e9. Abonnez-vous pour lire l&rsquo;article complet sur notre site.<\/p>\n<p style=\"margin: 0 !important; padding: 0 !important; font-size: 12px !important;\">Cet article a \u00e9t\u00e9 tronqu\u00e9. Abonnez-vous pour lire l&rsquo;article complet.<\/p>\n<p>    <a href=\"https:\/\/www.lanouvellerepublique.fr\/abonnements\" style=\"display: inline-block; margin-top: 5px !important; padding: 6px 12px !important; background: #cb1c27; color: white; text-decoration: none; border-radius: 4px; font-size: 12px !important;\" target=\"_blank\" rel=\"noopener\"><br \/>\n      S&rsquo;abonner<br \/>\n    <\/a><\/p>\n","protected":false},"excerpt":{"rendered":"Tours\u00a0&#8211; Saint-Nazaire Pour le moment, c\u2019est une affaire qui roule\u00a0! Voil\u00e0 un peu plus de deux semaines qu\u2019Igor&hellip;\n","protected":false},"author":2,"featured_media":566098,"comment_status":"","ping_status":"","sticky":false,"template":"","format":"standard","meta":{"footnotes":""},"categories":[1417],"tags":[1392,1011,27,1387,1655,60,1390,1471,2767,1470,1469],"class_list":{"0":"post-566097","1":"post","2":"type-post","3":"status-publish","4":"format-standard","5":"has-post-thumbnail","7":"category-volley","8":"tag-a-la-une-local","9":"tag-fr","10":"tag-france","11":"tag-indre-et-loire","12":"tag-ligue-a","13":"tag-sports","14":"tag-tours","15":"tag-tours-volley-ball","16":"tag-tvb-37","17":"tag-volley","18":"tag-volleyball"},"share_on_mastodon":{"url":"https:\/\/pubeurope.com\/@fr\/115631552558358772","error":""},"_links":{"self":[{"href":"https:\/\/www.europesays.com\/fr\/wp-json\/wp\/v2\/posts\/566097","targetHints":{"allow":["GET"]}}],"collection":[{"href":"https:\/\/www.europesays.com\/fr\/wp-json\/wp\/v2\/posts"}],"about":[{"href":"https:\/\/www.europesays.com\/fr\/wp-json\/wp\/v2\/types\/post"}],"author":[{"embeddable":true,"href":"https:\/\/www.europesays.com\/fr\/wp-json\/wp\/v2\/users\/2"}],"replies":[{"embeddable":true,"href":"https:\/\/www.europesays.com\/fr\/wp-json\/wp\/v2\/comments?post=566097"}],"version-history":[{"count":0,"href":"https:\/\/www.europesays.com\/fr\/wp-json\/wp\/v2\/posts\/566097\/revisions"}],"wp:featuredmedia":[{"embeddable":true,"href":"https:\/\/www.europesays.com\/fr\/wp-json\/wp\/v2\/media\/566098"}],"wp:attachment":[{"href":"https:\/\/www.europesays.com\/fr\/wp-json\/wp\/v2\/media?parent=566097"}],"wp:term":[{"taxonomy":"category","embeddable":true,"href":"https:\/\/www.europesays.com\/fr\/wp-json\/wp\/v2\/categories?post=566097"},{"taxonomy":"post_tag","embeddable":true,"href":"https:\/\/www.europesays.com\/fr\/wp-json\/wp\/v2\/tags?post=566097"}],"curies":[{"name":"wp","href":"https:\/\/api.w.org\/{rel}","templated":true}]}}