{"id":566101,"date":"2025-11-29T06:28:21","date_gmt":"2025-11-29T06:28:21","guid":{"rendered":"https:\/\/www.europesays.com\/fr\/566101\/"},"modified":"2025-11-29T06:28:21","modified_gmt":"2025-11-29T06:28:21","slug":"des-montagnes-artificielles-au-programme-des-championnats-du-monde-2028","status":"publish","type":"post","link":"https:\/\/www.europesays.com\/fr\/566101\/","title":{"rendered":"Des montagnes artificielles au programme des championnats du monde 2028 ?"},"content":{"rendered":"<p style=\"text-align: justify;\"><strong>Les \u00c9mirats arabes unis mettraient au point des montagnes artificielles pour durcir le parcours des championnats du monde 2028.\u00a0<\/strong><\/p>\n<p style=\"text-align: justify;\">Combien d\u2019ann\u00e9es faudra-t-il attendre pour revoir un sprinter avec le maillot arc-en-ciel. Fin 2023, lors de l\u2019attribution des <a href=\"https:\/\/www.velo101.com\/courses\/championnat-du-monde-cyclisme\/les-championnats-du-monde-de-cyclisme-2028-a-abou-dhabi\/\" target=\"_blank\" rel=\"noopener\">championnats du monde de cyclisme 2028<\/a> \u00e0 Abu Dhabi aux \u00c9mirats arabes unis, on pensait que c\u2019\u00e9tait enfin la bonne. Il faut dire que le dernier sprint massif lors d\u2019un mondial remonte au sacre de Peter Sagan en 2016 \u00e0 Doha\u2026 Une \u00e9ternit\u00e9.<\/p>\n<p style=\"text-align: justify;\">Mais les grosses cuisses du peloton devront certainement attendre encore ! Selon nos confr\u00e8res espagnols du journal <a href=\"https:\/\/www.marca.com\/ciclismo\/2025\/11\/25\/viral-nuevas-claves-sobre-montana-artificial-emiratos-agitara-mundial.html\" target=\"_blank\" rel=\"noopener\">Marca<\/a>, des montagnes artificielles seraient en cours de construction afin de durcir le parcours aux alentours d\u2019Abu Dhabi, o\u00f9 se tiendront les \u00e9preuves. L\u2019ascension d\u2019Al Wathba, qui fait 1,4 km \u00e0 6% de moyenne, devrait \u00eatre rallong\u00e9e \u00e0 2 km avec les 500 derniers m\u00e8tres \u00e0 11%. Une autre difficult\u00e9, plus longue et plus exigeante, devrait \u00e9galement voir le jour d\u2019ici 2028.<\/p>\n<p>Un terrain de jeu id\u00e9al pour Tadej Poga\u010dar<br \/>\n<img fetchpriority=\"high\" decoding=\"async\" aria-describedby=\"caption-attachment-185716\" class=\"wp-image-185716 size-full\" src=\"data:image\/svg+xml,%3Csvg%20xmlns=\" http:=\"\" alt=\"\" width=\"1920\" height=\"1280\" data-lazy- data-lazy- data-lazy-src=\"https:\/\/www.europesays.com\/fr\/wp-content\/uploads\/2025\/11\/opt_sprintcyclingagency_0890554_1_originali.jpg\"\/><\/p>\n<p id=\"caption-attachment-185716\" class=\"wp-caption-text\">Cr\u00e9dit : UAE Tour \/ Luca Bettini\/SprintCyclingAgency<\/p>\n<p style=\"text-align: justify;\">Tout d\u00e9pendra du nombre de fois o\u00f9 ces ascensions seront escalad\u00e9es, mais ce ne devrait donc pas \u00eatre un championnat du monde taill\u00e9 pour les sprinters, comme on pouvait s\u2019y attendre. Les \u00c9mirats arabes unis, qui d\u00e9tiennent l\u2019\u00e9quipe UAE, r\u00eaveraient sans doute voir triompher un certain Tadej Poga\u010dar sur les terres de sa formation\u2026 Tim Merlier, potentiel pr\u00e9tendant au maillot arc-en-ciel en cas de sprint massif, a montr\u00e9 son m\u00e9contentement : \u00ab\u00a0Chaque g\u00e9n\u00e9ration de sprinteurs devrait avoir au moins une v\u00e9ritable chance de remporter un titre mondial. Je crains que cette chance ne se pr\u00e9sente jamais pour moi\u00a0\u00bb, regrette le Belge.<\/p>\n","protected":false},"excerpt":{"rendered":"Les \u00c9mirats arabes unis mettraient au point des montagnes artificielles pour durcir le parcours des championnats du monde&hellip;\n","protected":false},"author":2,"featured_media":566102,"comment_status":"","ping_status":"","sticky":false,"template":"","format":"standard","meta":{"footnotes":""},"categories":[1411],"tags":[1154,207,1011,27,60],"class_list":{"0":"post-566101","1":"post","2":"type-post","3":"status-publish","4":"format-standard","5":"has-post-thumbnail","7":"category-cyclisme","8":"tag-cycling","9":"tag-cyclisme","10":"tag-fr","11":"tag-france","12":"tag-sports"},"share_on_mastodon":{"url":"https:\/\/pubeurope.com\/@fr\/115631574615415120","error":""},"_links":{"self":[{"href":"https:\/\/www.europesays.com\/fr\/wp-json\/wp\/v2\/posts\/566101","targetHints":{"allow":["GET"]}}],"collection":[{"href":"https:\/\/www.europesays.com\/fr\/wp-json\/wp\/v2\/posts"}],"about":[{"href":"https:\/\/www.europesays.com\/fr\/wp-json\/wp\/v2\/types\/post"}],"author":[{"embeddable":true,"href":"https:\/\/www.europesays.com\/fr\/wp-json\/wp\/v2\/users\/2"}],"replies":[{"embeddable":true,"href":"https:\/\/www.europesays.com\/fr\/wp-json\/wp\/v2\/comments?post=566101"}],"version-history":[{"count":0,"href":"https:\/\/www.europesays.com\/fr\/wp-json\/wp\/v2\/posts\/566101\/revisions"}],"wp:featuredmedia":[{"embeddable":true,"href":"https:\/\/www.europesays.com\/fr\/wp-json\/wp\/v2\/media\/566102"}],"wp:attachment":[{"href":"https:\/\/www.europesays.com\/fr\/wp-json\/wp\/v2\/media?parent=566101"}],"wp:term":[{"taxonomy":"category","embeddable":true,"href":"https:\/\/www.europesays.com\/fr\/wp-json\/wp\/v2\/categories?post=566101"},{"taxonomy":"post_tag","embeddable":true,"href":"https:\/\/www.europesays.com\/fr\/wp-json\/wp\/v2\/tags?post=566101"}],"curies":[{"name":"wp","href":"https:\/\/api.w.org\/{rel}","templated":true}]}}