{"id":566103,"date":"2025-11-29T06:29:16","date_gmt":"2025-11-29T06:29:16","guid":{"rendered":"https:\/\/www.europesays.com\/fr\/566103\/"},"modified":"2025-11-29T06:29:16","modified_gmt":"2025-11-29T06:29:16","slug":"hernandez-une-remise-en-question-attendue-apres-son-rouge","status":"publish","type":"post","link":"https:\/\/www.europesays.com\/fr\/566103\/","title":{"rendered":"Hernandez, une remise en question attendue apr\u00e8s son rouge"},"content":{"rendered":"<p><img width=\"700\" height=\"350\" src=\"https:\/\/www.europesays.com\/fr\/wp-content\/uploads\/2025\/11\/Hernandez-.jpg\" class=\"attachment-jannah-image-post size-jannah-image-post wp-post-image\" alt=\"Hernandez\" is_main_img=\"1\" decoding=\"async\" fetchpriority=\"high\"  \/><br \/>\n Image : AFP\/Franck<br \/>\nFife<\/p>\n<p>Contre Tottenham mercredi soir, Lucas Hernandez a eu un tr\u00e8s<br \/>\nmauvais geste envers Xavi Simons. Le num\u00e9ro 21 du PSG a \u00e9t\u00e9<br \/>\nexpuls\u00e9. Ce n\u2019est pas la premi\u00e8re fois qu\u2019il craque comme<br \/>\n\u00e7a.<\/p>\n<p>Mercredi soir, le <strong>PSG<\/strong> affrontait<br \/>\n<strong>Tottenham<\/strong> lors de la cinqui\u00e8me journ\u00e9e de la phase<br \/>\nde ligue de la <strong>Ligue des champions<\/strong>. Rempla\u00e7ant au<br \/>\ncoup d\u2019envoi, <strong>Lucas Hernandez<\/strong> est entr\u00e9 \u00e0 la<br \/>\nmi-temps \u00e0 la place de <strong>Nuno Mendes<\/strong>.<br \/>\nL\u2019international fran\u00e7ais a fait une bonne entr\u00e9e, lui qui est<br \/>\nimpliqu\u00e9 sur le troisi\u00e8me but parisien avec un bon pressing pour<br \/>\nr\u00e9cup\u00e9rer le ballon haut. Mais en toute fin de match, alors qu\u2019il<br \/>\navait r\u00e9cup\u00e9r\u00e9 un ballon et qu\u2019il n\u2019y avait pas de danger, il a<br \/>\nass\u00e9n\u00e9 un coup de coude dans le visage de <strong>Xavi<br \/>\nSimons<\/strong>. Apr\u00e8s utilisation de la <strong>VAR<\/strong>,<br \/>\nl\u2019arbitre de la rencontre a d\u00e9cid\u00e9 de sanctionner le num\u00e9ro 21 du<br \/>\n<strong>PSG<\/strong> d\u2019un carton rouge.<\/p>\n<p><a href=\"https:\/\/x.com\/CanalSupporters\" target=\"_blank\" rel=\"noopener\" title=\"\">canalsupporters.com<\/a><\/p>\n<p>Lucas Hernandez<br \/>\na fait son mea culpa<\/p>\n<p><a href=\"https:\/\/www.leparisien.fr\/sports\/football\/ligue-1\/monaco-psg-lucas-hernandez-une-grosse-betise-et-une-remise-en-question-attendue-28-11-2025-WEHNVNVSGBDNHINLB6DKVRGZMI.php\" target=\"_blank\" rel=\"noopener\" title=\"\">Le Parisien<\/a><br \/>\nexplique que ce geste d\u2019humeur n\u2019a pas amus\u00e9 grand-monde<br \/>\nau\u00a0<strong>PSG<\/strong>, o\u00f9 l\u2019on parle, ni plus, ni moins<br \/>\nd\u2019une \u00ab grosse b\u00eatise \u00bb commise par un des joueurs les<br \/>\nplus exp\u00e9riment\u00e9s de l\u2019effectif. Comme le rapporte le quotidien<br \/>\nfrancilien, ce craquage de <strong>Lucas Hernandez<\/strong> n\u2019est<br \/>\npas son premier sous le maillot du <strong>PSG<\/strong>.<br \/>\n\u00ab\u00a0Le 5 juillet, lors du quart de finale de la<br \/>\n<strong>Coupe du monde des clubs<\/strong> remport\u00e9 face au<br \/>\n<strong>Bayern Munich<\/strong> (2-0), <strong>Hernandez<\/strong><br \/>\navait d\u00e9j\u00e0 \u00e9t\u00e9 <a href=\"https:\/\/canal-supporters.com\/fin-de-coupe-du-monde-des-clubs-pour-pacho-et-hernandez\/\" title=\"\" target=\"_blank\" rel=\"noopener\">expuls\u00e9<\/a> pour les m\u00eames raisons. Treize minutes apr\u00e8s<br \/>\nson entr\u00e9e en jeu, et alors que son \u00e9quipe menait \u00e0 la marque, le<br \/>\ngaucher avait \u00e9cop\u00e9 d\u2019un carton rouge dans le temps additionnel<br \/>\npour un coup de coude sur <strong>Rapha\u00ebl Guerreiro<\/strong>.<br \/>\n<strong>Luis Enrique<\/strong> n\u2019avait pas accabl\u00e9 son joueur, m\u00eame<br \/>\nsi ce geste l\u2019avait mis dans l\u2019embarras.\u00a0\u00bb Le<br \/>\nParisien indique que le coach du <strong>PSG<\/strong> et<br \/>\n<strong>Lucas Hernandez<\/strong> \u00a0ont \u00e9voqu\u00e9 le sujet lors de<br \/>\nleurs retrouvailles au <strong>Campus<\/strong>. L\u2019\u00e9change s\u2019est<br \/>\nvoulu tr\u00e8s respectueux et a notamment permis \u00e0 <strong>Lucas<br \/>\nHernandez<\/strong> de faire son mea culpa. Contrari\u00e9 et conscient<br \/>\nde la gravit\u00e9 de son erreur, le d\u00e9fenseur a reconnu qu\u2019il s\u2019\u00e9tait<br \/>\nemport\u00e9 et avoir agi de mani\u00e8re trop instinctive durant cette<br \/>\naction o\u00f9 il estime avoir manqu\u00e9 de discernement. En interne,<br \/>\n<a href=\"https:\/\/canal-supporters.com\/enrique-limportant-cest-de-marquer-plein-de-buts-peu-importe-qui-marque\/\" title=\"\" target=\"_blank\" rel=\"noopener\"><strong>Luis Enrique<\/strong><\/a> n\u2019a pas masqu\u00e9 son<br \/>\nm\u00e9contentement face \u00e0 la r\u00e9p\u00e9tition de ces gestes d\u00e9plac\u00e9s et<br \/>\nattend d\u00e9sormais davantage de discipline d\u00e9fensive de la part de<br \/>\nl\u2019international fran\u00e7ais, conclut Le Parisien.<\/p><\/p>\n","protected":false},"excerpt":{"rendered":"Image : AFP\/Franck Fife Contre Tottenham mercredi soir, Lucas Hernandez a eu un tr\u00e8s mauvais geste envers Xavi&hellip;\n","protected":false},"author":2,"featured_media":566104,"comment_status":"","ping_status":"","sticky":false,"template":"","format":"standard","meta":{"footnotes":""},"categories":[1410],"tags":[786,81,37379,448,26309,68144,787,63,1011,27,37380,789,447,17477,921,626,91,92,93,60,795,796,96],"class_list":{"0":"post-566103","1":"post","2":"type-post","3":"status-publish","4":"format-standard","5":"has-post-thumbnail","7":"category-football","8":"tag-c1","9":"tag-canal-supporters","10":"tag-carton-rouge","11":"tag-champions-league","12":"tag-coup-de-coude","13":"tag-craquage","14":"tag-cs","15":"tag-football","16":"tag-fr","17":"tag-france","18":"tag-hernandez","19":"tag-ldc","20":"tag-ligue-des-champions","21":"tag-lucas-hernandez","22":"tag-luis-enrique","23":"tag-paris","24":"tag-paris-saint-germain","25":"tag-paris-sg","26":"tag-psg","27":"tag-sports","28":"tag-ucl","29":"tag-uefa-champions-league","30":"tag-une"},"share_on_mastodon":{"url":"https:\/\/pubeurope.com\/@fr\/115631579967668465","error":""},"_links":{"self":[{"href":"https:\/\/www.europesays.com\/fr\/wp-json\/wp\/v2\/posts\/566103","targetHints":{"allow":["GET"]}}],"collection":[{"href":"https:\/\/www.europesays.com\/fr\/wp-json\/wp\/v2\/posts"}],"about":[{"href":"https:\/\/www.europesays.com\/fr\/wp-json\/wp\/v2\/types\/post"}],"author":[{"embeddable":true,"href":"https:\/\/www.europesays.com\/fr\/wp-json\/wp\/v2\/users\/2"}],"replies":[{"embeddable":true,"href":"https:\/\/www.europesays.com\/fr\/wp-json\/wp\/v2\/comments?post=566103"}],"version-history":[{"count":0,"href":"https:\/\/www.europesays.com\/fr\/wp-json\/wp\/v2\/posts\/566103\/revisions"}],"wp:featuredmedia":[{"embeddable":true,"href":"https:\/\/www.europesays.com\/fr\/wp-json\/wp\/v2\/media\/566104"}],"wp:attachment":[{"href":"https:\/\/www.europesays.com\/fr\/wp-json\/wp\/v2\/media?parent=566103"}],"wp:term":[{"taxonomy":"category","embeddable":true,"href":"https:\/\/www.europesays.com\/fr\/wp-json\/wp\/v2\/categories?post=566103"},{"taxonomy":"post_tag","embeddable":true,"href":"https:\/\/www.europesays.com\/fr\/wp-json\/wp\/v2\/tags?post=566103"}],"curies":[{"name":"wp","href":"https:\/\/api.w.org\/{rel}","templated":true}]}}