{"id":566107,"date":"2025-11-29T06:32:21","date_gmt":"2025-11-29T06:32:21","guid":{"rendered":"https:\/\/www.europesays.com\/fr\/566107\/"},"modified":"2025-11-29T06:32:21","modified_gmt":"2025-11-29T06:32:21","slug":"le-photographe-animalier-chatelleraudais-herve-broguy-expose-les-6-et-7-decembre-a-oyre","status":"publish","type":"post","link":"https:\/\/www.europesays.com\/fr\/566107\/","title":{"rendered":"Le photographe animalier ch\u00e2telleraudais Herv\u00e9 Broguy expose les 6 et 7 d\u00e9cembre \u00e0 Oyr\u00e9"},"content":{"rendered":"<p>\u00ab\u00a0La nature est belle, il faut la montrer. \u00bb Herv\u00e9 Broguy se souvient encore de la phrase d\u2019Allain Bougrain-Dubourg, embl\u00e9matique d\u00e9fenseur de l\u2019environnement, lors d\u2019une exposition en Belgique. Montrer la nature dans ce qu\u2019elle a de plus beau, \u00e0 travers la photo animali\u00e8re, c\u2019est le parti pris <a target=\"_self\" href=\"https:\/\/www.lanouvellerepublique.fr\/chatellerault\/herve-broguy-ou-l-art-de-la-photo-ornithologique\" rel=\"noopener\">de ce photographe ch\u00e2telleraudais<\/a> de 69\u00a0ans qui expose le week-end des 6 et 7\u00a0d\u00e9cembre 2025 \u00e0 Oyr\u00e9.<\/p>\n<p>Pour Herv\u00e9 Broguy, tout a d\u00e9but\u00e9 \u00e0 la faveur d\u2019un premier voyage aux \u00c9tats-Unis \u00e0 l\u2019\u00e2ge de 25\u00a0ans mais surtout d\u2019un safari-photo au Kenya. \u00ab\u00a0J\u2019y ai vraiment rencontr\u00e9 la photo animali\u00e8re. J\u2019avais investi dans du mat\u00e9riel. \u00c7a a r\u00e9ellement \u00e9t\u00e9 le d\u00e9clic\u00a0\u00bb, raconte ce soci\u00e9taire des clubs photo Ch\u00e2tellerault Plein cadre et Objectif nat&rsquo; de Vouneuil-sur-Vienne&#8230;. <\/p>\n<p>    Cet article a \u00e9t\u00e9 tronqu\u00e9. Abonnez-vous pour lire l&rsquo;article complet sur notre site.<\/p>\n<p style=\"margin: 0 !important; padding: 0 !important; font-size: 12px !important;\">Cet article a \u00e9t\u00e9 tronqu\u00e9. Abonnez-vous pour lire l&rsquo;article complet.<\/p>\n<p>    <a href=\"https:\/\/www.lanouvellerepublique.fr\/abonnements\" style=\"display: inline-block; margin-top: 5px !important; padding: 6px 12px !important; background: #cb1c27; color: white; text-decoration: none; border-radius: 4px; font-size: 12px !important;\" target=\"_blank\" rel=\"noopener\"><br \/>\n      S&rsquo;abonner<br \/>\n    <\/a><\/p>\n","protected":false},"excerpt":{"rendered":"\u00ab\u00a0La nature est belle, il faut la montrer. \u00bb Herv\u00e9 Broguy se souvient encore de la phrase d\u2019Allain&hellip;\n","protected":false},"author":2,"featured_media":566108,"comment_status":"","ping_status":"","sticky":false,"template":"","format":"standard","meta":{"footnotes":""},"categories":[1358],"tags":[1392,1348,1384,1385,19489,1386,58,59,1349,1011,27,1393,68145],"class_list":{"0":"post-566107","1":"post","2":"type-post","3":"status-publish","4":"format-standard","5":"has-post-thumbnail","7":"category-arts-et-design","8":"tag-a-la-une-local","9":"tag-arts","10":"tag-arts-and-design","11":"tag-arts-et-design","12":"tag-chatellerault","13":"tag-design","14":"tag-divertissement","15":"tag-entertainment","16":"tag-expositions","17":"tag-fr","18":"tag-france","19":"tag-loisirs","20":"tag-oyre"},"share_on_mastodon":{"url":"https:\/\/pubeurope.com\/@fr\/115631590125000345","error":""},"_links":{"self":[{"href":"https:\/\/www.europesays.com\/fr\/wp-json\/wp\/v2\/posts\/566107","targetHints":{"allow":["GET"]}}],"collection":[{"href":"https:\/\/www.europesays.com\/fr\/wp-json\/wp\/v2\/posts"}],"about":[{"href":"https:\/\/www.europesays.com\/fr\/wp-json\/wp\/v2\/types\/post"}],"author":[{"embeddable":true,"href":"https:\/\/www.europesays.com\/fr\/wp-json\/wp\/v2\/users\/2"}],"replies":[{"embeddable":true,"href":"https:\/\/www.europesays.com\/fr\/wp-json\/wp\/v2\/comments?post=566107"}],"version-history":[{"count":0,"href":"https:\/\/www.europesays.com\/fr\/wp-json\/wp\/v2\/posts\/566107\/revisions"}],"wp:featuredmedia":[{"embeddable":true,"href":"https:\/\/www.europesays.com\/fr\/wp-json\/wp\/v2\/media\/566108"}],"wp:attachment":[{"href":"https:\/\/www.europesays.com\/fr\/wp-json\/wp\/v2\/media?parent=566107"}],"wp:term":[{"taxonomy":"category","embeddable":true,"href":"https:\/\/www.europesays.com\/fr\/wp-json\/wp\/v2\/categories?post=566107"},{"taxonomy":"post_tag","embeddable":true,"href":"https:\/\/www.europesays.com\/fr\/wp-json\/wp\/v2\/tags?post=566107"}],"curies":[{"name":"wp","href":"https:\/\/api.w.org\/{rel}","templated":true}]}}