{"id":566111,"date":"2025-11-29T06:35:17","date_gmt":"2025-11-29T06:35:17","guid":{"rendered":"https:\/\/www.europesays.com\/fr\/566111\/"},"modified":"2025-11-29T06:35:17","modified_gmt":"2025-11-29T06:35:17","slug":"booba-reagit-a-lincarceration-de-maes","status":"publish","type":"post","link":"https:\/\/www.europesays.com\/fr\/566111\/","title":{"rendered":"Booba r\u00e9agit \u00e0 l&rsquo;incarc\u00e9ration de Maes"},"content":{"rendered":"<p>      R\u00e9sum\u00e9 de l&rsquo;article<\/p>\n<p>Maes a \u00e9t\u00e9 condamn\u00e9 \u00e0 sept ans de prison au Maroc pour une affaire li\u00e9e \u00e0 une op\u00e9ration punitive, tandis que Booba r\u00e9agit avec un message \u00e9nigmatique sur cette situation.<\/p>\n<p>        Sommaire<\/p>\n<p>Dans la nuit du mardi 25 au mercredi 26 novembre 2025, la chambre criminelle de premi\u00e8re instance de Tanger a condamn\u00e9 <strong><a href=\"https:\/\/www.gentsu.fr\/rap-fr\/maes-demande-sa-liberation-et-lance-le-hashtag-free-maes\/\" target=\"_blank\" rel=\"noopener\">Maes<\/a><\/strong> \u00e0 sept ans de prison ferme, rapportent plusieurs m\u00e9dias. L\u2019artiste avait \u00e9t\u00e9 interpell\u00e9 en janvier 2025 \u00e0 l&rsquo;a\u00e9roport Mohammed V de Casablanca, alors qu&rsquo;il d\u00e9barquait d&rsquo;un jet priv\u00e9. Cette arrestation mettait fin \u00e0 une cavale internationale, le rappeur originaire de Sevran r\u00e9sidant jusqu&rsquo;alors \u00e0 Duba\u00ef avec sa famille.\u00a0<\/p>\n<p>La justice marocaine accuse le rappeur d\u2019avoir orchestr\u00e9 une op\u00e9ration punitive li\u00e9e \u00e0 un litige financier. D\u2019apr\u00e8s l\u2019enqu\u00eate, <strong><a href=\"https:\/\/www.gentsu.fr\/rap-fr\/maes-et-koba-lad-incarceres-leto-leur-adresse-un-message\/\" target=\"_blank\" rel=\"noopener\">Maes<\/a><\/strong> aurait organis\u00e9 depuis Duba\u00ef l\u2019enl\u00e8vement et la s\u00e9questration d\u2019un homme avec lequel il \u00e9tait en d\u00e9saccord concernant les revenus issus de ses concerts. L\u2019artiste aurait fait appel au chef pr\u00e9sum\u00e9 d\u2019un r\u00e9seau criminel bas\u00e9 \u00e0 F\u00e8s afin de capturer et torturer sa cible \u00e0 Marrakech. Une r\u00e9union pr\u00e9paratoire aurait eu lieu \u00e0 Tanger avant la mise en \u0153uvre du plan. L\u2019intervention des forces de l\u2019ordre a toutefois permis de contrecarrer l\u2019op\u00e9ration au moment o\u00f9 les suspects s\u2019appr\u00eataient \u00e0 passer \u00e0 l\u2019action.<\/p>\n<p>Devant le tribunal, <a href=\"https:\/\/www.gentsu.fr\/rap-fr\/maes-demande-sa-liberation-et-lance-le-hashtag-free-maes\/\" target=\"_blank\" rel=\"noopener\"><strong>Maes<\/strong><\/a> a contest\u00e9 l&rsquo;int\u00e9gralit\u00e9 des accusations port\u00e9es contre lui. Ses avocats ont fait valoir l&rsquo;absence de preuves \u00e9tablissant un lien direct entre leur client et les autres pr\u00e9venus. Ces arguments n&rsquo;ont pas convaincu la juridiction marocaine, qui a confirm\u00e9 la condamnation \u00e0 sept ans d&#8217;emprisonnement.<\/p>\n<p><strong>Booba r\u00e9agit \u00e0 la condamnation de Maes<\/strong><\/p>\n<p>Toujours \u00e0 l\u2019affut de l\u2019actualit\u00e9, <strong><a href=\"https:\/\/www.gentsu.fr\/rap-fr\/booba-reagit-aux-propos-de-la-fouine-concernant-keblack-naza-et-theodora\/\" target=\"_blank\" rel=\"noopener\">Booba<\/a><\/strong> n\u2019a pas tard\u00e9 \u00e0 r\u00e9agir. S\u2019il \u00e9tait en clash contre le rappeur pendant plusieurs ann\u00e9es, ces derniers temps le DUC a envoy\u00e9 de la force \u00e0<a href=\"https:\/\/www.gentsu.fr\/rap-fr\/maes-a-ete-condamne-a-sept-ans-de-prison-au-maroc\/\" target=\"_blank\" rel=\"noopener\"> <strong>Maes<\/strong>. <\/a><\/p>\n<p>Et il y a quelques heures, l\u2019auteur d\u2019ULTRA a adress\u00e9 un message sur l\u2019incarc\u00e9ration de l\u2019artiste. Lorsqu\u2019un internaute \u00e9voque un potentiel \u00ab\u00a0Bercy en 2032\u00a0\u00bb avec humour, <strong>B2O<\/strong> a alors r\u00e9torqu\u00e9 : \u00ab\u00a0C\u2019est vraiment d\u00e9plorable. Et dire que ce n\u2019est que la partie visible de l\u2019iceberg\u2026\u00a0\u00bb. Quelque chose nous dit qu&rsquo;il ne va pas s&rsquo;en arr\u00eater l\u00e0 sur les r\u00e9v\u00e9lations&#8230;<\/p>\n<blockquote class=\"twitter-tweet\">\n<p>C\u2019est vraiment d\u00e9plorable. Et dire que ce n\u2019est que la partie visible de l\u2019iceberg\u2026<\/p>\n<p>\u2014 Booba (@booba) <a href=\"https:\/\/twitter.com\/booba\/status\/1993792769022939400?ref_src=twsrc%5Etfw\" target=\"_blank\" rel=\"noopener\">November 26, 2025<\/a><\/p><\/blockquote>\n<p>      Mentionn\u00e9s dans cet article<\/p>\n<p>      \u00c0 lire aussi<\/p>\n<p>  <script async src=\"https:\/\/platform.twitter.com\/widgets.js\" charset=\"utf-8\"><\/script><\/p>\n","protected":false},"excerpt":{"rendered":"R\u00e9sum\u00e9 de l&rsquo;article Maes a \u00e9t\u00e9 condamn\u00e9 \u00e0 sept ans de prison au Maroc pour une affaire li\u00e9e&hellip;\n","protected":false},"author":2,"featured_media":566112,"comment_status":"","ping_status":"","sticky":false,"template":"","format":"standard","meta":{"footnotes":""},"categories":[1355],"tags":[3646,58,59,1011,27,68146,1361,873],"class_list":{"0":"post-566111","1":"post","2":"type-post","3":"status-publish","4":"format-standard","5":"has-post-thumbnail","7":"category-musique","8":"tag-booba","9":"tag-divertissement","10":"tag-entertainment","11":"tag-fr","12":"tag-france","13":"tag-maes","14":"tag-music","15":"tag-musique"},"share_on_mastodon":{"url":"https:\/\/pubeurope.com\/@fr\/115631602068481922","error":""},"_links":{"self":[{"href":"https:\/\/www.europesays.com\/fr\/wp-json\/wp\/v2\/posts\/566111","targetHints":{"allow":["GET"]}}],"collection":[{"href":"https:\/\/www.europesays.com\/fr\/wp-json\/wp\/v2\/posts"}],"about":[{"href":"https:\/\/www.europesays.com\/fr\/wp-json\/wp\/v2\/types\/post"}],"author":[{"embeddable":true,"href":"https:\/\/www.europesays.com\/fr\/wp-json\/wp\/v2\/users\/2"}],"replies":[{"embeddable":true,"href":"https:\/\/www.europesays.com\/fr\/wp-json\/wp\/v2\/comments?post=566111"}],"version-history":[{"count":0,"href":"https:\/\/www.europesays.com\/fr\/wp-json\/wp\/v2\/posts\/566111\/revisions"}],"wp:featuredmedia":[{"embeddable":true,"href":"https:\/\/www.europesays.com\/fr\/wp-json\/wp\/v2\/media\/566112"}],"wp:attachment":[{"href":"https:\/\/www.europesays.com\/fr\/wp-json\/wp\/v2\/media?parent=566111"}],"wp:term":[{"taxonomy":"category","embeddable":true,"href":"https:\/\/www.europesays.com\/fr\/wp-json\/wp\/v2\/categories?post=566111"},{"taxonomy":"post_tag","embeddable":true,"href":"https:\/\/www.europesays.com\/fr\/wp-json\/wp\/v2\/tags?post=566111"}],"curies":[{"name":"wp","href":"https:\/\/api.w.org\/{rel}","templated":true}]}}