{"id":566114,"date":"2025-11-29T06:37:10","date_gmt":"2025-11-29T06:37:10","guid":{"rendered":"https:\/\/www.europesays.com\/fr\/566114\/"},"modified":"2025-11-29T06:37:10","modified_gmt":"2025-11-29T06:37:10","slug":"ronge-par-la-culpabilite-face-aux-troubles-cognitifs-de-sa-fille-un-papa-depakine-porte-plainte-contre-sanofi-le-parisien","status":"publish","type":"post","link":"https:\/\/www.europesays.com\/fr\/566114\/","title":{"rendered":"Rong\u00e9 \u00ab par la culpabilit\u00e9 \u00bb face aux troubles cognitifs de sa fille, un \u00ab papa D\u00e9pakine \u00bb porte plainte contre Sanofi &#8211; Le Parisien"},"content":{"rendered":"<ol>\n<li><a href=\"https:\/\/news.google.com\/rss\/articles\/CBMimwJBVV95cUxQTnlKTWl3LU1lOGRMVTlDdHluX004Yzk4d2F0YXdWLXJOenpfQnVLQ2c3QXlTb2xPMURTVDdCdnp3YTRPdUhySExoTU5UWV9HWVAybWRMM0t2My04TEQxcDdwNDY1RjdheTRDUy1iYkpOWjRNTjZCVmg3bl9hZFhTVG5Fb2VvdHpmOUlRNzNsNU1PMTE3QzFucGY2bXo5M0xaVG1ZM2pBN2NqbWYtMWpoOGdGTmZuVkJ4UHRfVFNQUGxkRkJrT1FhU0ZOeUhETjl3aEpjOVcySUpYdU5nVzI1S2FVZldrbTRCYmxMRThZZm1oakpiUkVlczdaMnBWMVNQN2R6ZXBVRFdVWFhuZzh0WHZHWEJpOTZvT19J?oc=5\" target=\"_blank\" rel=\"noopener\">Rong\u00e9 \u00ab par la culpabilit\u00e9 \u00bb face aux troubles cognitifs de sa fille, un \u00ab papa D\u00e9pakine \u00bb porte plainte contre Sanofi<\/a>&nbsp;&nbsp;Le Parisien<\/li>\n<li><a href=\"https:\/\/news.google.com\/rss\/articles\/CBMiuwJBVV95cUxQNzFYSHNuQWlBTTlDd0xWYmFqdEpjTkJwcUFBUkdBRWQ3dEZ0Q2RWME52Y1dGQ3hnUVpPc2NSem5LanpMb2tiTUtDREZybHFXbHdhaTZ2RHhaM0F4ZC00MDBhbXNXQlBHVUtPR1pKWFUyNC03SU1KTGVCNjdVS21TWENBQ1hKcG41Q3gxcmdXdkREQnRRcVh4Z1VTb3ZaN3VVUVRHckJwM1B2REVVMHY1czBBZ0JpQXBLa2FPVmtQdWVVc1hidVJJQmI1T0o3OGRNdkpjLUFWaUFHa2NOaFlvOWpYbi0xZFpYVnh4WVRVUlBNT1JvYVNnRmZzVjFabDN3bzc5Qk9lRWZpVjBLZ01JYnJKc2dLYU52LXlDOEFHUlJ6Y240d243dnp3djJtajBQa1BzaUR6dzNFRlU?oc=5\" target=\"_blank\" rel=\"noopener\">En Gironde, un p\u00e8re de famille qui s&rsquo;est soign\u00e9 avec de la D\u00e9pakine va porter plainte contre Sanofi qu&rsquo;il tient pour responsable du handicap de sa fille<\/a>&nbsp;&nbsp;Franceinfo<\/li>\n<li><a href=\"https:\/\/news.google.com\/rss\/articles\/CBMi7AFBVV95cUxPLWNvVWJkTFdnN2ZBamNjU01MbjZQcTE2M3NhRGVkUVhseE1uZkpvaDBndkQ3RXI0andMQ1ZyWVB6c0RYZjlTMVQ5Q2xoUVAyR29uaHZubG1BOVBsRHh4UTRYZkUyRnlrME1kQnZ4cEF3RE9ma0JscmhvV3pPcHBNb2R6SmxZa2t5RmpVQnNxRlhOYTBQRjBQTDNrb1dBdGo0Q0ZBSWdaak1hY2VwYS02dlRUeU1xa0hJeTJfS0FjOFRzNXNTd3hBTDRzT085dDBORG1Gb3lsd1R3S2E4X3NVdXhJMHplaEgzdThRNA?oc=5\" target=\"_blank\" rel=\"noopener\">\u00ab\u00a0Papa D\u00e9pakine\u00a0\u00bb : apr\u00e8s la publication d&rsquo;une vaste \u00e9tude, un Bordelais annonce porter plainte contre Sanofi<\/a>&nbsp;&nbsp;TF1 Info<\/li>\n<li><a href=\"https:\/\/news.google.com\/rss\/articles\/CBMi4AFBVV95cUxNNUFtMmd5blJ0b1I0NlkxbndMbGItbl9nQ2hhRC1xQWU2dExub00xRlE3ZHJZUzFHSy1xbnhQVDBkckhGN3A3RWNBSlhqRHVMbGZMdDFGaFZ0cks4RVd5QXdJeFVnRm1wNEF3UDBnUmNieE9pTkFPeGFXUk9vYXN0OF9OY3R4RkFOMHhHdV9adjRjMkduNWMzQTg3MzE5X0FxSnRnZ1VZT2RNMnh6dnV5LXlONHNaeDhqWV9JenV6bFQ4ZEktZndHUjRIdkVKZTllbll1S29QVm1kSnI1WTltXw?oc=5\" target=\"_blank\" rel=\"noopener\">Il prenait de la D\u00e9pakine, sa fille na\u00eet avec de lourds handicaps : \u00ab\u00a0Le laboratoire nous a empoisonn\u00e9s\u00a0\u00bb<\/a>&nbsp;&nbsp;ladepeche.fr<\/li>\n<li><a href=\"https:\/\/news.google.com\/rss\/articles\/CBMi8wFBVV95cUxNelN3dXM1V0tBMFpqQno4cFB6OVE2N0g1U1hLc2pQdlg3QXg4bWpSUk1jdW1fT3d3bDBwYmRLSEVValhUVnBJY1RWeTR5X1FvTUlUWkZnRVpPREg3cGZUN1RVME5NUnVQWWFNNnAtMk55VFRvNUdYd1FHTjlDS0dKbm1QZjBnbmVPNk4wSVlFazNyVHNnS0R2UWROaXU4RG9zYmVyeFRiZDJoeGEybExjblpiSXQydmtfOVNkbDc4cWtBZExmTUFqelN6WFd4WFJBTFVIMVVfUXJUQklRN251dmFhand4RVc2TmQtbWV5X0xzQjQ?oc=5\" target=\"_blank\" rel=\"noopener\">Bordeaux : il a pris le m\u00e9dicament et sa fille est handicap\u00e9e, un \u00ab\u00a0papa D\u00e9pakine\u00a0\u00bb va porter plainte contre Sanofi<\/a>&nbsp;&nbsp;francebleu.fr<\/li>\n<\/ol>\n","protected":false},"excerpt":{"rendered":"Rong\u00e9 \u00ab par la culpabilit\u00e9 \u00bb face aux troubles cognitifs de sa fille, un \u00ab papa D\u00e9pakine \u00bb&hellip;\n","protected":false},"author":2,"featured_media":566115,"comment_status":"","ping_status":"","sticky":false,"template":"","format":"standard","meta":{"footnotes":""},"categories":[10],"tags":[1011,27,72,71,104],"class_list":{"0":"post-566114","1":"post","2":"type-post","3":"status-publish","4":"format-standard","5":"has-post-thumbnail","7":"category-sante","8":"tag-fr","9":"tag-france","10":"tag-health","11":"tag-sante","12":"tag-societe"},"share_on_mastodon":{"url":"https:\/\/pubeurope.com\/@fr\/115631609958926711","error":""},"_links":{"self":[{"href":"https:\/\/www.europesays.com\/fr\/wp-json\/wp\/v2\/posts\/566114","targetHints":{"allow":["GET"]}}],"collection":[{"href":"https:\/\/www.europesays.com\/fr\/wp-json\/wp\/v2\/posts"}],"about":[{"href":"https:\/\/www.europesays.com\/fr\/wp-json\/wp\/v2\/types\/post"}],"author":[{"embeddable":true,"href":"https:\/\/www.europesays.com\/fr\/wp-json\/wp\/v2\/users\/2"}],"replies":[{"embeddable":true,"href":"https:\/\/www.europesays.com\/fr\/wp-json\/wp\/v2\/comments?post=566114"}],"version-history":[{"count":0,"href":"https:\/\/www.europesays.com\/fr\/wp-json\/wp\/v2\/posts\/566114\/revisions"}],"wp:featuredmedia":[{"embeddable":true,"href":"https:\/\/www.europesays.com\/fr\/wp-json\/wp\/v2\/media\/566115"}],"wp:attachment":[{"href":"https:\/\/www.europesays.com\/fr\/wp-json\/wp\/v2\/media?parent=566114"}],"wp:term":[{"taxonomy":"category","embeddable":true,"href":"https:\/\/www.europesays.com\/fr\/wp-json\/wp\/v2\/categories?post=566114"},{"taxonomy":"post_tag","embeddable":true,"href":"https:\/\/www.europesays.com\/fr\/wp-json\/wp\/v2\/tags?post=566114"}],"curies":[{"name":"wp","href":"https:\/\/api.w.org\/{rel}","templated":true}]}}