{"id":566116,"date":"2025-11-29T06:38:18","date_gmt":"2025-11-29T06:38:18","guid":{"rendered":"https:\/\/www.europesays.com\/fr\/566116\/"},"modified":"2025-11-29T06:38:18","modified_gmt":"2025-11-29T06:38:18","slug":"nayef-aguerd-le-verdict-est-tombe-2","status":"publish","type":"post","link":"https:\/\/www.europesays.com\/fr\/566116\/","title":{"rendered":"Nayef Aguerd, le verdict est tomb\u00e9"},"content":{"rendered":"<p><strong>De passage en conf\u00e9rence de<br \/>\npresse ce vendredi, Roberto De Zerbi a \u00e9voqu\u00e9 le cas Nayef Aguerd,<br \/>\nbless\u00e9 depuis le 8 novembre.<\/strong><\/p>\n<p>Lors du large succ\u00e8s l\u2019<strong><a href=\"https:\/\/www.sports.fr\/football\/marseille\" target=\"_blank\" rel=\"noopener\">OM<\/a><\/strong> sur<br \/>\nBrest (3-0), le 8 novembre dernier pour le compte de la 12e journ\u00e9e<br \/>\nde <strong><a href=\"https:\/\/www.sports.fr\/football\/ligue-1\" target=\"_blank\" rel=\"noopener\">Ligue<br \/>\n1<\/a><\/strong>, Nayef Aguerd a d\u00fb quitter ses partenaires sur<br \/>\nblessure \u00e0 la 79e minute de jeu. Depuis, on n\u2019a plus revu<br \/>\nl\u2019international marocain sur les terrains.<\/p>\n<p>Alors que l\u2019inqui\u00e9tude \u00e9tait grande, notamment au Maroc o\u00f9 on<br \/>\ns\u2019appr\u00eate \u00e0 disputer la CAN, Nayef Aguerd a finalement r\u00e9cup\u00e9r\u00e9<br \/>\nplus vite que pr\u00e9vu de sa pubalgie. Le d\u00e9fenseur de 29 ans \u00e9tait<br \/>\neffectivement pr\u00e9sent \u00e0 l\u2019entrainement collectif ce vendredi.<\/p>\n<blockquote class=\"twitter-tweet\"><p><a class=\"twitter-link\" rel=\"noindex, nofollow noopener\" href=\"https:\/\/twitter.com\/sports_fr\/status\/1994474630661238788?s=20\" target=\"_blank\"><\/p><\/blockquote>\n<p>Convi\u00e9 devant les m\u00e9dias \u00e0 la veille de la r\u00e9ception de Toulouse<br \/>\nen Ligue 1, Roberto De Zerbi a donn\u00e9 des nouvelles rassurantes de<br \/>\nson Lion de l\u2019Atlas, qui sera dans bel et bien dans le groupe<br \/>\nmarseillais.<\/p>\n<p>De Zerbi: \u00ab R\u00e9cup\u00e9rer Aguerd, c\u2019est tr\u00e8s important pour nous<br \/>\n\u00bb<\/p>\n<p>\u00ab Aguerd devrait revenir dans le groupe et c\u2019est tout. C\u2019est<br \/>\nd\u00e9j\u00e0 une bonne nouvelle. Je veux que l\u2019\u00e9quipe m\u00e9dicale contr\u00f4le un<br \/>\npeu les joueurs et me dise dans quelles conditions ils sont. (\u2026)<br \/>\nMais r\u00e9cup\u00e9rer Aguerd, c\u2019est tr\u00e8s important pour nous \u00bb, a<br \/>\nindiqu\u00e9 le technicien italien.<\/p>\n<p>Apte \u00e0 rejouer d\u00e8s ce week-end, Nayef Aguerd pourrait m\u00eame \u00eatre<br \/>\ntitularis\u00e9 contre le TFC, selon les informations de Foot<br \/>\nMercato. Une excellente nouvelle pour l\u2019OM et le Maroc.<\/p>\n<p><script async src=\"https:\/\/platform.twitter.com\/widgets.js\" charset=\"utf-8\"><\/script><\/p>\n","protected":false},"excerpt":{"rendered":"De passage en conf\u00e9rence de presse ce vendredi, Roberto De Zerbi a \u00e9voqu\u00e9 le cas Nayef Aguerd, bless\u00e9&hellip;\n","protected":false},"author":2,"featured_media":565303,"comment_status":"","ping_status":"","sticky":false,"template":"","format":"standard","meta":{"footnotes":""},"categories":[9],"tags":[1011,27,60,64755],"class_list":{"0":"post-566116","1":"post","2":"type-post","3":"status-publish","4":"format-standard","5":"has-post-thumbnail","7":"category-sports","8":"tag-fr","9":"tag-france","10":"tag-sports","11":"tag-sports-fr"},"share_on_mastodon":{"url":"https:\/\/pubeurope.com\/@fr\/115631613956120711","error":""},"_links":{"self":[{"href":"https:\/\/www.europesays.com\/fr\/wp-json\/wp\/v2\/posts\/566116","targetHints":{"allow":["GET"]}}],"collection":[{"href":"https:\/\/www.europesays.com\/fr\/wp-json\/wp\/v2\/posts"}],"about":[{"href":"https:\/\/www.europesays.com\/fr\/wp-json\/wp\/v2\/types\/post"}],"author":[{"embeddable":true,"href":"https:\/\/www.europesays.com\/fr\/wp-json\/wp\/v2\/users\/2"}],"replies":[{"embeddable":true,"href":"https:\/\/www.europesays.com\/fr\/wp-json\/wp\/v2\/comments?post=566116"}],"version-history":[{"count":0,"href":"https:\/\/www.europesays.com\/fr\/wp-json\/wp\/v2\/posts\/566116\/revisions"}],"wp:featuredmedia":[{"embeddable":true,"href":"https:\/\/www.europesays.com\/fr\/wp-json\/wp\/v2\/media\/565303"}],"wp:attachment":[{"href":"https:\/\/www.europesays.com\/fr\/wp-json\/wp\/v2\/media?parent=566116"}],"wp:term":[{"taxonomy":"category","embeddable":true,"href":"https:\/\/www.europesays.com\/fr\/wp-json\/wp\/v2\/categories?post=566116"},{"taxonomy":"post_tag","embeddable":true,"href":"https:\/\/www.europesays.com\/fr\/wp-json\/wp\/v2\/tags?post=566116"}],"curies":[{"name":"wp","href":"https:\/\/api.w.org\/{rel}","templated":true}]}}