{"id":566123,"date":"2025-11-29T06:42:13","date_gmt":"2025-11-29T06:42:13","guid":{"rendered":"https:\/\/www.europesays.com\/fr\/566123\/"},"modified":"2025-11-29T06:42:13","modified_gmt":"2025-11-29T06:42:13","slug":"trump-affirme-que-les-documents-signes-par-biden-avec-un-stylo-automatique-sont-annules","status":"publish","type":"post","link":"https:\/\/www.europesays.com\/fr\/566123\/","title":{"rendered":"Trump affirme que les documents sign\u00e9s par Biden avec un stylo automatique sont annul\u00e9s"},"content":{"rendered":"<p><a href=\"https:\/\/www.20minutes.fr\/dossier\/donald_trump\" target=\"_blank\" class=\"c-link c-link--is-underlined\" rel=\"noopener\">Donald Trump<\/a> a raviv\u00e9 vendredi ses accusations contre Joe Biden en affirmant que tous les documents sign\u00e9s \u00e0 l\u2019aide d\u2019une <a href=\"https:\/\/www.20minutes.fr\/monde\/etats-unis\/4143537-20250314-etats-unis-stylo-automatique-tous-traites-joe-biden-senile-maigres-preuves-pro-trump\" target=\"_blank\" class=\"c-link c-link--is-underlined\" rel=\"noopener\">machine \u00e0 signer<\/a> (un dispositif couramment utilis\u00e9 au gouvernement am\u00e9ricain) seraient d\u00e9sormais \u00ab\u00a0annul\u00e9s\u00a0\u00bb. Sur Truth Social, le pr\u00e9sident a assur\u00e9 que \u00ab\u00a0tout document sign\u00e9 par Joe l\u2019endormi (\u00ab sleepy Joe\u00a0\u00bb en anglais) \u00e0 l\u2019aide de la machine \u00e0 signer [\u2026] est par la pr\u00e9sente annul\u00e9 et n\u2019a plus aucune force ni effet\u00a0\u00bb.<\/p>\n<p>Cette d\u00e9claration, aux implications juridiques incertaines, intervient alors que Donald Trump fait depuis plusieurs mois de cet appareil un angle d\u2019attaque pour contester la l\u00e9gitimit\u00e9 des d\u00e9cisions de son pr\u00e9d\u00e9cesseur. La machine \u00e0 signer, un automate reproduisant fid\u00e8lement une signature enregistr\u00e9e, sert \u00e0 acc\u00e9l\u00e9rer la validation de documents administratifs et <a href=\"https:\/\/www.20minutes.fr\/dossier\/decret\" target=\"_blank\" class=\"c-link c-link--is-underlined\" rel=\"noopener\">d\u00e9crets<\/a>. Le gouvernement comme des entreprises y ont recours pour des raisons de volume, sans que cela remette en cause l\u2019authenticit\u00e9 des textes.<\/p>\n<\/p>\n<p>\u00ab\u00a0Poursuite pour parjure\u00a0\u00bb contre Biden<\/p>\n<p>Donald Trump affirme cependant, sans fournir d\u2019\u00e9l\u00e9ments, que des collaborateurs de Joe Biden auraient utilis\u00e9 cet outil pour valider des textes que l\u2019ancien pr\u00e9sident n\u2019aurait pas approuv\u00e9s. Il qualifie m\u00eame l\u2019affaire d\u2019\u00ab\u00a0un des plus gros scandales\u00a0\u00bb de l\u2019histoire am\u00e9ricaine. En juin, il avait d\u00e9j\u00e0 ordonn\u00e9 une enqu\u00eate visant l\u2019entourage <a href=\"https:\/\/www.20minutes.fr\/dossier\/parti_democrate\" target=\"_blank\" class=\"c-link c-link--is-underlined\" rel=\"noopener\">d\u00e9mocrate<\/a>, accus\u00e9 selon lui d\u2019avoir \u00ab\u00a0<a href=\"https:\/\/www.20minutes.fr\/monde\/complot\/\" target=\"_blank\" class=\"c-link c-link--is-underlined\" rel=\"noopener\">complot\u00e9<\/a>\u00a0\u00bb pour masquer l\u2019\u00e9tat de sant\u00e9 de Joe Biden et \u00ab\u00a0usurper son pouvoir\u00a0\u00bb.<\/p>\n<p><a href=\"https:\/\/www.20minutes.fr\/monde\/etats-unis\/\" target=\"_blank\" class=\"c-link c-btn c-btn--primary\" rel=\"noopener\">Notre dossier sur les Etats-Unis<\/a><\/p>\n<p>Face \u00e0 ces accusations, Joe Biden a d\u00e9nonc\u00e9 des propos \u00ab\u00a0ridicules et faux\u00a0\u00bb. Donald Trump a n\u00e9anmoins poursuivi ses attaques vendredi, affirmant que \u00ab\u00a0les gauchistes cingl\u00e9s qui entouraient Biden [\u2026] lui ont retir\u00e9 la pr\u00e9sidence\u00a0\u00bb et ajoutant que \u00ab\u00a0les personnes qui ont utilis\u00e9 la machine \u00e0 signer l\u2019ont fait ill\u00e9galement\u00a0\u00bb. Allant plus loin, il a averti que \u00ab\u00a0si\u00a0\u00bb Joe Biden affirmait avoir particip\u00e9 au processus, \u00ab\u00a0il sera poursuivi pour parjure\u00a0\u00bb.<\/p>\n","protected":false},"excerpt":{"rendered":"Donald Trump a raviv\u00e9 vendredi ses accusations contre Joe Biden en affirmant que tous les documents sign\u00e9s \u00e0&hellip;\n","protected":false},"author":2,"featured_media":566124,"comment_status":"","ping_status":"","sticky":false,"template":"","format":"standard","meta":{"footnotes":""},"categories":[5],"tags":[47,11,35058,75,73,1011,27,14,457,303,74,12,28],"class_list":{"0":"post-566123","1":"post","2":"type-post","3":"status-publish","4":"format-standard","5":"has-post-thumbnail","7":"category-international","8":"tag-actualite","9":"tag-actualites","10":"tag-decret","11":"tag-donald-trump","12":"tag-etats-unis","13":"tag-fr","14":"tag-france","15":"tag-international","16":"tag-joe-biden","17":"tag-justice","18":"tag-monde","19":"tag-news","20":"tag-world"},"share_on_mastodon":{"url":"https:\/\/pubeurope.com\/@fr\/115631629486474408","error":""},"_links":{"self":[{"href":"https:\/\/www.europesays.com\/fr\/wp-json\/wp\/v2\/posts\/566123","targetHints":{"allow":["GET"]}}],"collection":[{"href":"https:\/\/www.europesays.com\/fr\/wp-json\/wp\/v2\/posts"}],"about":[{"href":"https:\/\/www.europesays.com\/fr\/wp-json\/wp\/v2\/types\/post"}],"author":[{"embeddable":true,"href":"https:\/\/www.europesays.com\/fr\/wp-json\/wp\/v2\/users\/2"}],"replies":[{"embeddable":true,"href":"https:\/\/www.europesays.com\/fr\/wp-json\/wp\/v2\/comments?post=566123"}],"version-history":[{"count":0,"href":"https:\/\/www.europesays.com\/fr\/wp-json\/wp\/v2\/posts\/566123\/revisions"}],"wp:featuredmedia":[{"embeddable":true,"href":"https:\/\/www.europesays.com\/fr\/wp-json\/wp\/v2\/media\/566124"}],"wp:attachment":[{"href":"https:\/\/www.europesays.com\/fr\/wp-json\/wp\/v2\/media?parent=566123"}],"wp:term":[{"taxonomy":"category","embeddable":true,"href":"https:\/\/www.europesays.com\/fr\/wp-json\/wp\/v2\/categories?post=566123"},{"taxonomy":"post_tag","embeddable":true,"href":"https:\/\/www.europesays.com\/fr\/wp-json\/wp\/v2\/tags?post=566123"}],"curies":[{"name":"wp","href":"https:\/\/api.w.org\/{rel}","templated":true}]}}