{"id":566125,"date":"2025-11-29T06:43:13","date_gmt":"2025-11-29T06:43:13","guid":{"rendered":"https:\/\/www.europesays.com\/fr\/566125\/"},"modified":"2025-11-29T06:43:13","modified_gmt":"2025-11-29T06:43:13","slug":"letat-peut-il-vraiment-nationaliser-arcelormittal","status":"publish","type":"post","link":"https:\/\/www.europesays.com\/fr\/566125\/","title":{"rendered":"l\u2019\u00c9tat peut-il vraiment nationaliser ArcelorMittal ?"},"content":{"rendered":"<p>\n    <strong>D\u00c9CRYPTAGE &#8211; <\/strong>Entre valorisation incertaine et investissements colossaux, le dossier s\u2019annoncerait explosif si l\u2019op\u00e9ration l\u00e9gislative en cours venait \u00e0 aboutir.<\/p>\n<p class=\"fig-paragraph\">Une victoire symbolique, mais quelque peu d\u00e9routante au regard des finances publiques du pays. Alors que l\u2019\u00c9tat peine \u00e0\u00a0<a href=\"http:\/\/www.lefigaro.fr\/politique\/dossier\/budget-2026-notre-dossier-pour-tout-comprendre\" data-fig-type=\"Topic\" data-gtm-custom-categorie=\"navigation\" data-gtm-custom-action=\"crossclick\" data-gtm-custom-label=\"Contextuel\" data-gtm-event=\"customEventSPE\" data-fig-domain=\"LEFIGARO\" target=\"_blank\" rel=\"noopener\">boucler son budget<\/a>\u00a0pour 2026, les d\u00e9put\u00e9s ont adopt\u00e9 la proposition de loi port\u00e9e par LFI pour nationaliser ArcelorMittal France. Soutenus par une partie de la gauche et plusieurs syndicats, les \u00e9lus insoumis veulent mettre plusieurs milliards sur la table pour reprendre la main sur un fleuron industriel en perdition\u00a0<a href=\"http:\/\/www.lefigaro.fr\/societes\/crise-de-l-acier-pourquoi-les-salaries-d-arcelormittal-manifestent-ce-mardi-20250513\" data-fig-type=\"Article\" data-gtm-custom-categorie=\"navigation\" data-gtm-custom-action=\"crossclick\" data-gtm-custom-label=\"Contextuel\" data-gtm-event=\"customEventSPE\" data-fig-domain=\"LEFIGARO\" target=\"_blank\" rel=\"noopener\">dans un secteur en crise<\/a>. Mais la marche \u00e0 suivre pour r\u00e9aliser le grand r\u00eave de nationalisation qui s\u2019est &#8211; de nouveau &#8211; empar\u00e9 de la gauche \u00e0 l\u2019h\u00e9micycle, est loin d\u2019\u00eatre simple.<\/p>\n<p class=\"fig-paragraph\">Avant de s\u2019engager dans une telle op\u00e9ration, encore faut-il justifier de l\u2019importance strat\u00e9gique de maintenir la production d\u2019acier dans l\u2019Hexagone. \u00abLe processus de nationalisation est une proc\u00e9dure juridique extr\u00eamement agressive\u00bb, explique R\u00e9my Blain, avocat associ\u00e9 au cabinet Addleshaw Goddard. En France la propri\u00e9t\u00e9 priv\u00e9e est, a priori, consid\u00e9r\u00e9e comme inviolable. \u00abLa propri\u00e9t\u00e9\u2026<\/p>\n<p class=\"fig-premium-paywall__infos\">\n        Cet article est r\u00e9serv\u00e9 aux abonn\u00e9s.        Il vous reste 84% \u00e0 d\u00e9couvrir.\n    <\/p>\n<p>                <img  data- alt=\"Le Figaro\" class=\"fig-img--complete fig-img\"\/><\/p>\n<p class=\"fig-premium-paywall__title\">Black Friday : derniers jours<\/p>\n<p class=\"fig-premium-paywall__subtitle\">-70% sur l&rsquo;abonnement num\u00e9rique<\/p>\n<p class=\"fig-premium-paywall__connect\">\n                D\u00e9j\u00e0 abonn\u00e9\u00a0?                <a class=\"fig-premium-paywall__connect-link\" href=\"https:\/\/connect.lefigaro.fr\/login?client=horizon_web&amp;type=main&amp;redirect_uri=https%3A%2F%2Fwww.lefigaro.fr%2Fsocietes%2Fune-procedure-juridique-extremement-agressive-l-etat-peut-il-vraiment-nationaliser-arcelormittal-20251128\" data-js-gtm=\"{&quot;customCategorie&quot;: &quot;conversion&quot;, &quot;customAction&quot;: &quot;before_Landing_Connexion_paywall_auto&quot;, &quot;customLabel&quot;: &quot;bGVmaWdhcm8uZnJfXzFmMGNjNzAxLTczOTktNjY2Mi1iMjEzLWFmMmVhZGEwODIyOF9fQXJ0aWNsZQ==_\u00abUne proc\u00e9dure juridique extr\u00eamement agressive\u00bb\u00a0: l\u2019\u00c9tat peut-il vraiment nationaliser ArcelorMittal\u00a0?_381&quot;, &quot;customIDSPE&quot;: &quot;bGVmaWdhcm8uZnJfXzFmMGNjNzAxLTczOTktNjY2Mi1iMjEzLWFmMmVhZGEwODIyOF9fQXJ0aWNsZQ==&quot;, &quot;event&quot;: &quot;customEventSPE&quot;}\" target=\"_blank\" rel=\"noopener\"><br \/>\n                    Connectez-vous<br \/>\n                <\/a>\n            <\/p>\n","protected":false},"excerpt":{"rendered":"D\u00c9CRYPTAGE &#8211; Entre valorisation incertaine et investissements colossaux, le dossier s\u2019annoncerait explosif si l\u2019op\u00e9ration l\u00e9gislative en cours venait&hellip;\n","protected":false},"author":2,"featured_media":566126,"comment_status":"","ping_status":"","sticky":false,"template":"","format":"standard","meta":{"footnotes":""},"categories":[4],"tags":[11,13620,1011,27,16554,12,25],"class_list":{"0":"post-566125","1":"post","2":"type-post","3":"status-publish","4":"format-standard","5":"has-post-thumbnail","7":"category-france","8":"tag-actualites","9":"tag-arcelormittal","10":"tag-fr","11":"tag-france","12":"tag-nationalisations","13":"tag-news","14":"tag-republique-francaise"},"share_on_mastodon":{"url":"https:\/\/pubeurope.com\/@fr\/115631633468941111","error":""},"_links":{"self":[{"href":"https:\/\/www.europesays.com\/fr\/wp-json\/wp\/v2\/posts\/566125","targetHints":{"allow":["GET"]}}],"collection":[{"href":"https:\/\/www.europesays.com\/fr\/wp-json\/wp\/v2\/posts"}],"about":[{"href":"https:\/\/www.europesays.com\/fr\/wp-json\/wp\/v2\/types\/post"}],"author":[{"embeddable":true,"href":"https:\/\/www.europesays.com\/fr\/wp-json\/wp\/v2\/users\/2"}],"replies":[{"embeddable":true,"href":"https:\/\/www.europesays.com\/fr\/wp-json\/wp\/v2\/comments?post=566125"}],"version-history":[{"count":0,"href":"https:\/\/www.europesays.com\/fr\/wp-json\/wp\/v2\/posts\/566125\/revisions"}],"wp:featuredmedia":[{"embeddable":true,"href":"https:\/\/www.europesays.com\/fr\/wp-json\/wp\/v2\/media\/566126"}],"wp:attachment":[{"href":"https:\/\/www.europesays.com\/fr\/wp-json\/wp\/v2\/media?parent=566125"}],"wp:term":[{"taxonomy":"category","embeddable":true,"href":"https:\/\/www.europesays.com\/fr\/wp-json\/wp\/v2\/categories?post=566125"},{"taxonomy":"post_tag","embeddable":true,"href":"https:\/\/www.europesays.com\/fr\/wp-json\/wp\/v2\/tags?post=566125"}],"curies":[{"name":"wp","href":"https:\/\/api.w.org\/{rel}","templated":true}]}}