{"id":566146,"date":"2025-11-29T06:59:16","date_gmt":"2025-11-29T06:59:16","guid":{"rendered":"https:\/\/www.europesays.com\/fr\/566146\/"},"modified":"2025-11-29T06:59:16","modified_gmt":"2025-11-29T06:59:16","slug":"fcg-fc-grenoble-rugby-38","status":"publish","type":"post","link":"https:\/\/www.europesays.com\/fr\/566146\/","title":{"rendered":"FCG &#8211; FC Grenoble Rugby"},"content":{"rendered":"<p>Alors que nos grenoblois viennent d&#8217;empocher une nouvelle victoire au Stade des Alpes, le FCG vous propose une des plus belles id\u00e9es pour No\u00ebl : <strong>l&rsquo;abonnement mi-saison !\u00a0<\/strong><\/p>\n<p>Nous arrivons bient\u00f4t \u00e0 la moiti\u00e9 la saison r\u00e9guli\u00e8re 25-26, avec la phase aller qui se terminera en d\u00e9cembre, avant la tr\u00eave hivernale. D\u00e9but janvier, la phase retour d\u00e9bute, avec 8 nouveaux matchs \u00e0 domicile pour lesquels les Rouge &amp; Bleu comptent sur votre pr\u00e9sence : une seconde partie de saison pleine d\u2019intensit\u00e9, d\u2019\u00e9motions et de grands rendez-vous vous attend !<\/p>\n<p>Avec cet abonnement mi-saison, vous pourrez assistee\u00a0aux rencontres face \u00e0 : SU Agen \/ RC Vannes \/ CA Brive \/ Soyaux Angoul\u00eame XV \/ Oyonnax rugby \/ Valence Romans Dr\u00f4me Rugby \/ Stade Montois et US Colomiers \/\u00a0*Attention, La rencontre du 19 D\u00e9cembre contre l&rsquo;US DAX n&rsquo;est pas inclue\u00a0dans cette offre.\u00a0<\/p>\n<p>Pour mettre un joli cadeau sous le sapin, pour soutenir vos Rouge &amp; Bleu \u00e0 chaque rencontre, prenez votre abonnement mi-saison et profitez des 8 derniers matchs \u00e0 domicile au Stade des Alpes,.\u00a0<\/p>\n<p>Rejoignez la famille FCG, vibrez au rythme des Rouge &amp; Bleu et vivez une fin de saison d\u00e9cisive au plus pr\u00e8s du terrain !<\/p>\n<p>Consultez la plaquette avec nos diff\u00e9rentes offres d&rsquo;abonnement mi-saison en cliquant\u00a0<a href=\"https:\/\/drive.google.com\/file\/d\/1Ph01U_wYIej3nYo2c_WM70WM1GHOkzym\/view?usp=share_link\" target=\"_blank\" rel=\"noopener\">ci-dessous :\u00a0<\/a><\/p>\n<p><a href=\"https:\/\/drive.google.com\/file\/d\/1Ph01U_wYIej3nYo2c_WM70WM1GHOkzym\/view?usp=share_link\" target=\"_blank\" rel=\"noopener\"><img decoding=\"async\" alt=\"\" src=\"https:\/\/www.europesays.com\/fr\/wp-content\/uploads\/2025\/11\/thumb_33170_gallery_image_big.jpeg\" style=\"width:100%\"\/><\/a><\/p>\n<p>\u00a0<\/p>\n<p style=\"text-align:center\"><strong>Mais \u00eatre abonn\u00e9.e au FCG, c&rsquo;est aussi profiter d&rsquo;avantages exclusifs !\u00a0<\/strong><br \/>&#13;<br \/>\n\u00a0<\/p>\n<p>\u00a0<\/p>\n<p>1. Votre abonnement FCG vous donne acc\u00e8s aux 8 matchs (saison r\u00e9guli\u00e8re) \u00e0 domicile, mais aussi aux matchs des FCG Amazones Elite (le plus haut niveau du championnat f\u00e9minin !)\u00a0<\/p>\n<p>2. Avoir acc\u00e8s \u00e0 la priorit\u00e9 d&rsquo;achat\u00a0pour la phase finale ! Un match de barrage, une demi-finale, une finale, un access-match\u2026 Vous l\u2019avez vu les saisons pass\u00e9es, c\u2019est un avantage non n\u00e9gligeable ! Votre abonnement FCG vous donne acc\u00e8s \u00e0 cette priorit\u00e9 d\u2019achat, r\u00e9serv\u00e9e exclusivement aux abonn\u00e9s<\/p>\n<p>3. Profitez de tarifs pr\u00e9f\u00e9rentiels en billetterie sur les matchs de la saison r\u00e9guli\u00e8re !\u00a0<\/p>\n<p>4. Vous b\u00e9n\u00e9ficiez de -10% \u00e0 la boutique toute la saison, pour mettre la main sur le dernier maillot ou polo FCG\u00a0<\/p>\n<p>5. Une petite faim apr\u00e8s le match ? \u00a0Ou n\u2019importe quel autre jour de la semaine ? Via notre partenariat avec Burger King, nos abonn\u00e9s b\u00e9n\u00e9ficient de -15% sur une commande par jour sans limite de montant, valable dans les 4 (et bient\u00f4t 5) Burger King dans l\u2019agglom\u00e9ration !\u00a0<\/p>\n<p>6. Cadeau abonn\u00e9s : Recevez un goodies aux couleurs du FCG lorsque vous vous abonnez !\u00a0<\/p>\n<p>7. Tentez votre chance pour remporter des places pour la demi-finaloe de TIP14 ! (Tirage au sort parmi les abonn\u00e9s)<\/p>\n<p>8. Invitation \u00e0 la Soir\u00e9e des Capes : en pr\u00e9sence de nos joueurs, plongez-vous dans l&rsquo;histoire du FCG le temps d&rsquo;une soir\u00e9e en c\u00e9l\u00e9brant les hommes et les femmes qui ont fait son histoire.\u00a0<\/p>\n<p>\u00a0<\/p>\n<p><strong>Alors, on se voit au Stade des Alpes ?\u00a0<\/strong><\/p>\n<p><strong>Prenez votre abonnement mi-saison sur <a href=\"https:\/\/www.fcgticket.com\/fr\/meeting\/476\/abonnement_mi_saison?utm_source=site&amp;utm_medium=grand+public&amp;utm_campaign=abosmisaison\" target=\"_blank\" rel=\"noopener\">fcgticket.com<\/a> d\u00e8s maintenant !\u00a0<\/strong><\/p>\n<p>Pour b\u00e9n\u00e9ficier des tarifs abonnements mi-saison d\u00e9di\u00e9s aux CSE, contactez\u00a0 <a href=\"https:\/\/fcgrugby.com\/fr\/articles\/2025\/11\/29\/mailto:theo.peyresblanques@fcgrugby.com\" target=\"_blank\" rel=\"noopener\">theo.peyresblanques@fcgrugby.com<\/a><\/p>\n<p>\u00a0<\/p>\n","protected":false},"excerpt":{"rendered":"Alors que nos grenoblois viennent d&#8217;empocher une nouvelle victoire au Stade des Alpes, le FCG vous propose une&hellip;\n","protected":false},"author":2,"featured_media":566147,"comment_status":"","ping_status":"","sticky":false,"template":"","format":"standard","meta":{"footnotes":""},"categories":[9566],"tags":[1111,11,2430,1777,674,1011,27,2731,12,25],"class_list":{"0":"post-566146","1":"post","2":"type-post","3":"status-publish","4":"format-standard","5":"has-post-thumbnail","7":"category-grenoble","8":"tag-actu","9":"tag-actualites","10":"tag-auvergne-rhone-alpes","11":"tag-eu","12":"tag-europe","13":"tag-fr","14":"tag-france","15":"tag-grenoble","16":"tag-news","17":"tag-republique-francaise"},"share_on_mastodon":{"url":"https:\/\/pubeurope.com\/@fr\/115631696963917410","error":""},"_links":{"self":[{"href":"https:\/\/www.europesays.com\/fr\/wp-json\/wp\/v2\/posts\/566146","targetHints":{"allow":["GET"]}}],"collection":[{"href":"https:\/\/www.europesays.com\/fr\/wp-json\/wp\/v2\/posts"}],"about":[{"href":"https:\/\/www.europesays.com\/fr\/wp-json\/wp\/v2\/types\/post"}],"author":[{"embeddable":true,"href":"https:\/\/www.europesays.com\/fr\/wp-json\/wp\/v2\/users\/2"}],"replies":[{"embeddable":true,"href":"https:\/\/www.europesays.com\/fr\/wp-json\/wp\/v2\/comments?post=566146"}],"version-history":[{"count":0,"href":"https:\/\/www.europesays.com\/fr\/wp-json\/wp\/v2\/posts\/566146\/revisions"}],"wp:featuredmedia":[{"embeddable":true,"href":"https:\/\/www.europesays.com\/fr\/wp-json\/wp\/v2\/media\/566147"}],"wp:attachment":[{"href":"https:\/\/www.europesays.com\/fr\/wp-json\/wp\/v2\/media?parent=566146"}],"wp:term":[{"taxonomy":"category","embeddable":true,"href":"https:\/\/www.europesays.com\/fr\/wp-json\/wp\/v2\/categories?post=566146"},{"taxonomy":"post_tag","embeddable":true,"href":"https:\/\/www.europesays.com\/fr\/wp-json\/wp\/v2\/tags?post=566146"}],"curies":[{"name":"wp","href":"https:\/\/api.w.org\/{rel}","templated":true}]}}