{"id":566149,"date":"2025-11-29T07:02:19","date_gmt":"2025-11-29T07:02:19","guid":{"rendered":"https:\/\/www.europesays.com\/fr\/566149\/"},"modified":"2025-11-29T07:02:19","modified_gmt":"2025-11-29T07:02:19","slug":"entre-fidelite-et-retrouvailles-le-derby-rc-vannes-rennes-reprend-vie-en-reichel-espoirs-accession","status":"publish","type":"post","link":"https:\/\/www.europesays.com\/fr\/566149\/","title":{"rendered":"Entre fid\u00e9lit\u00e9 et retrouvailles, le derby RC Vannes &#8211; Rennes reprend vie en Reichel Espoirs Accession"},"content":{"rendered":"<p>Reichel Espoirs Accession (9e journ\u00e9e). Rennes &#8211; RC Vannes, ce samedi (15 h)<\/p>\n<p class=\"empty\">De nombreux joueurs ont travers\u00e9 la Vilaine pour changer de club. Ce qui rend le match unique. Bastian Favereau, troisi\u00e8me ligne du RC Vannes, confirme que la rivalit\u00e9 est pr\u00e9sente : \u00ab L\u2019animosit\u00e9 entre les deux \u00e9quipes n\u2019est plus la m\u00eame qu\u2019avant, \u00e7a reste un derby. Les deux veulent gagner pour d\u00e9fendre leur club. \u00bb Une envie renforc\u00e9e par la pr\u00e9sence d\u2019anciens des deux c\u00f4t\u00e9s : \u00ab Les anciens qui jouent maintenant l\u00e0-bas attendent ce rendez-vous depuis le d\u00e9but de l\u2019ann\u00e9e. \u00bb Un match attendu \u00e9galement du c\u00f4t\u00e9 vannetais : \u00ab le fait que ce soit un derby, \u00e7a donne plus d\u2019envie au groupe. \u00bb ? Il admet \u00e9changer avec ses adversaires : \u00ab J\u2019\u00e9change r\u00e9guli\u00e8rement avec certains joueurs du REC. On a h\u00e2te de se retrouver sur le terrain \u00bb, glisse-t-il.<\/p>\n<p>Un match attendu c\u00f4t\u00e9 rennais<\/p>\n<p class=\"empty\">Du c\u00f4t\u00e9 rennais, le pilier droit Amato Automalo, arriv\u00e9 cette saison, mesure parfaitement la dimension du derby : \u00ab La relation entre les clubs est particuli\u00e8re. Beaucoup de joueurs de Rennes sont pass\u00e9s par Vannes \u00bb. Pour lui, cette rencontre n\u2019est pas un simple match : \u00ab On l\u2019attendait avec impatience. \u00bb Le pilier insiste sur l\u2019\u00e9tat d\u2019esprit qui anime le REC : \u00ab On ne regardera pas le classement : seulement la fiert\u00e9 bretonne. J\u2019ai confiance en mon \u00e9quipe, on va se donner comme des fous \u00bb. Et cette semaine de pr\u00e9paration ne s\u2019est pas faite sans un peu de taquineries : \u00ab J\u2019\u00e9change avec quelques joueurs de Vannes, je les chambre un peu par rapport \u00e0 ce week-end. \u00bb Rennes sera tout de m\u00eame pr\u00eat : \u00ab Ce sera le dernier match avant la tr\u00eave, un gros duel des deux c\u00f4t\u00e9s \u00bb.<\/p>\n","protected":false},"excerpt":{"rendered":"Reichel Espoirs Accession (9e journ\u00e9e). Rennes &#8211; RC Vannes, ce samedi (15 h) De nombreux joueurs ont travers\u00e9&hellip;\n","protected":false},"author":2,"featured_media":566150,"comment_status":"","ping_status":"","sticky":false,"template":"","format":"standard","meta":{"footnotes":""},"categories":[2821],"tags":[1111,11,829,1777,674,1011,27,12,3164,584,25,479,60,3165],"class_list":{"0":"post-566149","1":"post","2":"type-post","3":"status-publish","4":"format-standard","5":"has-post-thumbnail","7":"category-rennes","8":"tag-actu","9":"tag-actualites","10":"tag-bretagne","11":"tag-eu","12":"tag-europe","13":"tag-fr","14":"tag-france","15":"tag-news","16":"tag-rc-vannes","17":"tag-rennes","18":"tag-republique-francaise","19":"tag-rugby","20":"tag-sports","21":"tag-vannes"},"share_on_mastodon":{"url":"https:\/\/pubeurope.com\/@fr\/115631708247430309","error":""},"_links":{"self":[{"href":"https:\/\/www.europesays.com\/fr\/wp-json\/wp\/v2\/posts\/566149","targetHints":{"allow":["GET"]}}],"collection":[{"href":"https:\/\/www.europesays.com\/fr\/wp-json\/wp\/v2\/posts"}],"about":[{"href":"https:\/\/www.europesays.com\/fr\/wp-json\/wp\/v2\/types\/post"}],"author":[{"embeddable":true,"href":"https:\/\/www.europesays.com\/fr\/wp-json\/wp\/v2\/users\/2"}],"replies":[{"embeddable":true,"href":"https:\/\/www.europesays.com\/fr\/wp-json\/wp\/v2\/comments?post=566149"}],"version-history":[{"count":0,"href":"https:\/\/www.europesays.com\/fr\/wp-json\/wp\/v2\/posts\/566149\/revisions"}],"wp:featuredmedia":[{"embeddable":true,"href":"https:\/\/www.europesays.com\/fr\/wp-json\/wp\/v2\/media\/566150"}],"wp:attachment":[{"href":"https:\/\/www.europesays.com\/fr\/wp-json\/wp\/v2\/media?parent=566149"}],"wp:term":[{"taxonomy":"category","embeddable":true,"href":"https:\/\/www.europesays.com\/fr\/wp-json\/wp\/v2\/categories?post=566149"},{"taxonomy":"post_tag","embeddable":true,"href":"https:\/\/www.europesays.com\/fr\/wp-json\/wp\/v2\/tags?post=566149"}],"curies":[{"name":"wp","href":"https:\/\/api.w.org\/{rel}","templated":true}]}}