{"id":566151,"date":"2025-11-29T07:03:17","date_gmt":"2025-11-29T07:03:17","guid":{"rendered":"https:\/\/www.europesays.com\/fr\/566151\/"},"modified":"2025-11-29T07:03:17","modified_gmt":"2025-11-29T07:03:17","slug":"niederhausbergen-kalimba-et-ocarina-ces-soeurs-ouistiti-qui-ont-echappe-a-leurs-ravisseurs","status":"publish","type":"post","link":"https:\/\/www.europesays.com\/fr\/566151\/","title":{"rendered":"Niederhausbergen. Kalimba et Ocarina, ces s\u0153urs ouistiti qui ont \u00e9chapp\u00e9 \u00e0 leurs ravisseurs"},"content":{"rendered":"<p>Avec leur frimousse d\u2019ange \u00e0 toupets blancs, on leur donnerait le bon Dieu sans confession. Kalimba et Ocarina sont s\u0153urs. Elles sont aussi des rescap\u00e9es. Leurs parents ont \u00e9t\u00e9 vol\u00e9s. \u00c7a s\u2019est pass\u00e9 \u00e0 l\u2019aube, le lundi 8\u00a0septembre dernier. Le soleil n\u2019\u00e9tait pas encore tout \u00e0 fait lev\u00e9. Les individus qui ont p\u00e9n\u00e9tr\u00e9 par effraction dans le centre de primatologie (Simian Laboratory Europe\/Silabe), \u00e0 Niederhausbergen, \u00e9taient bien renseign\u00e9s.<\/p>\n<p>Apr\u00e8s avoir fractur\u00e9 au pied de biche la porte donnant acc\u00e8s \u00e0 la zone d\u2019\u00e9levage des ouistitis, ils ont ouvert les cages une \u00e0 une puis se sont empar\u00e9s de bo\u00eetes \u00e0 nid o\u00f9 les petits singes finissaient leur nuit blottis l\u2019un contre l\u2019autre, comme ils le feraient dans la for\u00eat amazonienne, \u00e0 l\u2019abri des pr\u00e9dateurs. Ce matin-l\u00e0, leurs pr\u00e9dateurs avaient les traits de primates humains. Les bip\u00e8des malintentionn\u00e9s portaient des lampes frontales et des \u00e9quipements individuels de protection (EPI).<\/p>\n<p>Les deux doyens \u00ab\u00a0bless\u00e9s\u00a0\u00bb<\/p>\n<p><a href=\"https:\/\/www.dna.fr\/faits-divers-justice\/2025\/09\/12\/douze-singes-de-laboratoire-s-echappent-dans-la-nature-apres-une-intrusion-pres-de-strasbourg\" target=\"_blank\" rel=\"noopener\">L\u2019alarme intrusion a alert\u00e9 le&#8230;<\/a><\/p>\n","protected":false},"excerpt":{"rendered":"Avec leur frimousse d\u2019ange \u00e0 toupets blancs, on leur donnerait le bon Dieu sans confession. Kalimba et Ocarina&hellip;\n","protected":false},"author":2,"featured_media":566152,"comment_status":"","ping_status":"","sticky":false,"template":"","format":"standard","meta":{"footnotes":""},"categories":[2820],"tags":[1111,11,2389,1867,2649,2880,436,1777,674,107,1011,27,775,12,13182,25,71,801,104,640,3265],"class_list":{"0":"post-566151","1":"post","2":"type-post","3":"status-publish","4":"format-standard","5":"has-post-thumbnail","7":"category-strasbourg","8":"tag-actu","9":"tag-actualites","10":"tag-alsace","11":"tag-animaux","12":"tag-bas-rhin","13":"tag-edition-strasbourg","14":"tag-environnement","15":"tag-eu","16":"tag-europe","17":"tag-fil-info","18":"tag-fr","19":"tag-france","20":"tag-grand-est","21":"tag-news","22":"tag-niederhausbergen","23":"tag-republique-francaise","24":"tag-sante","25":"tag-social","26":"tag-societe","27":"tag-strasbourg","28":"tag-strasbourg-nord"},"share_on_mastodon":{"url":"https:\/\/pubeurope.com\/@fr\/115631712179886454","error":""},"_links":{"self":[{"href":"https:\/\/www.europesays.com\/fr\/wp-json\/wp\/v2\/posts\/566151","targetHints":{"allow":["GET"]}}],"collection":[{"href":"https:\/\/www.europesays.com\/fr\/wp-json\/wp\/v2\/posts"}],"about":[{"href":"https:\/\/www.europesays.com\/fr\/wp-json\/wp\/v2\/types\/post"}],"author":[{"embeddable":true,"href":"https:\/\/www.europesays.com\/fr\/wp-json\/wp\/v2\/users\/2"}],"replies":[{"embeddable":true,"href":"https:\/\/www.europesays.com\/fr\/wp-json\/wp\/v2\/comments?post=566151"}],"version-history":[{"count":0,"href":"https:\/\/www.europesays.com\/fr\/wp-json\/wp\/v2\/posts\/566151\/revisions"}],"wp:featuredmedia":[{"embeddable":true,"href":"https:\/\/www.europesays.com\/fr\/wp-json\/wp\/v2\/media\/566152"}],"wp:attachment":[{"href":"https:\/\/www.europesays.com\/fr\/wp-json\/wp\/v2\/media?parent=566151"}],"wp:term":[{"taxonomy":"category","embeddable":true,"href":"https:\/\/www.europesays.com\/fr\/wp-json\/wp\/v2\/categories?post=566151"},{"taxonomy":"post_tag","embeddable":true,"href":"https:\/\/www.europesays.com\/fr\/wp-json\/wp\/v2\/tags?post=566151"}],"curies":[{"name":"wp","href":"https:\/\/api.w.org\/{rel}","templated":true}]}}