{"id":566153,"date":"2025-11-29T07:04:12","date_gmt":"2025-11-29T07:04:12","guid":{"rendered":"https:\/\/www.europesays.com\/fr\/566153\/"},"modified":"2025-11-29T07:04:12","modified_gmt":"2025-11-29T07:04:12","slug":"une-enquete-ouverte-apres-la-decouverte-dune-arme-et-de-munitions-pres-du-marche-de-noel","status":"publish","type":"post","link":"https:\/\/www.europesays.com\/fr\/566153\/","title":{"rendered":"une enqu\u00eate ouverte apr\u00e8s la d\u00e9couverte d&rsquo;une arme et de munitions pr\u00e8s du march\u00e9 de No\u00ebl"},"content":{"rendered":"<p class=\"article-p mdl\">Au lendemain de l&rsquo;ouverture du\u00a0<a class=\"link\" href=\"https:\/\/www.rtl.fr\/actu\/debats-societe\/origine-qualite-droit-de-retractation-les-regles-d-achat-et-de-vente-qui-s-appliquent-sur-les-marches-de-noel-7900569994\" title=\"Origine, qualit\u00e9, droit de r\u00e9tractation : les r\u00e8gles d&#039;achat et de vente qui s&#039;appliquent sur les march\u00e9s de No\u00ebl\" target=\"_blank\" rel=\"noopener\">march\u00e9 de No\u00ebl<\/a>\u00a0de Strasbourg, des agents d&rsquo;entretien des espaces verts ont fait une d\u00e9couverte inqui\u00e9tante ce jeudi 27 novembre. Un pistolet en \u00e9tat de fonctionnement et ses munitions ont \u00e9t\u00e9 retrouv\u00e9s dans un buisson,\u00a0\u00e0 deux pas du \u00ab\u00a0village de l&rsquo;Avent\u00a0\u00bb. Cet espace d\u00e9di\u00e9 aux enfants est situ\u00e9 dans le quartier historique de la Petite France.<\/p>\n<p class=\"article-p mdl\">Une enqu\u00eate a \u00e9t\u00e9 ouverte, a indiqu\u00e9 vendredi \u00e0 l&rsquo;AFP la procureure de la R\u00e9publique, Clarisse Taron, confirmant une information des\u00a0<a class=\"link\" href=\"https:\/\/www.dna.fr\/faits-divers-justice\/2025\/11\/28\/une-arme-et-ses-munitions-retrouvees-dans-l-enceinte-du-marche-de-noel\" target=\"_blank\" rel=\"noopener\">Derni\u00e8res nouvelles d&rsquo;Alsace<\/a>. Selon le quotidien r\u00e9gional, l&rsquo;arme a pu \u00eatre identifi\u00e9e. Elle avait \u00e9t\u00e9 <strong>vol\u00e9e en 2022 dans le Haut-Rhin<\/strong>, au domicile d\u2019un particulier qui pratiquait le tir sportif. Pour l&rsquo;heure, on ignore pourquoi et depuis combien de temps le pistoler se trouvait \u00e0 cet endroit.<\/p>\n<p class=\"article-p mdl\">Chaque ann\u00e9e, le march\u00e9 de No\u00ebl de Strasbourg, l&rsquo;un des plus fr\u00e9quent\u00e9s en Europe, fait le plein de visiteurs, venus de l&rsquo;\u00e9tranger pour les deux tiers d&rsquo;entre eux. L&rsquo;an pass\u00e9, <strong>3,4 millions de personnes<\/strong> s&rsquo;\u00e9taient rendues dans la cit\u00e9 alsacienne pour les f\u00eates de fin d&rsquo;ann\u00e9e, \u00e9tablissant un nouveau record d&rsquo;affluence.<\/p>\n<p class=\"article-p mdl\">Pendant cet \u00e9v\u00e9nement qui dure un mois, la ville est plac\u00e9e sous haute s\u00e9curit\u00e9, dans un contexte de menace terroriste toujours pr\u00e9sente en France. En d\u00e9cembre 2018, le jihadiste\u00a0<a class=\"link\" href=\"https:\/\/www.rtl.fr\/actu\/justice-faits-divers\/attentat-de-strasbourg-un-frere-de-cherif-chekatt-remis-en-liberte-7797452533\" title=\"Attentat de Strasbourg : un fr\u00e8re de Ch\u00e9rif Chekatt remis en libert\u00e9\" target=\"_blank\" rel=\"noopener\">Ch\u00e9rif Chekatt<\/a>, 29 ans, avait abattu cinq personnes \u00e0 l&rsquo;arme \u00e0 feu et en avait bless\u00e9 11 autres dans les rues du centre-ville.<\/p>\n<p>    La r\u00e9daction vous recommande<\/p>\n<p class=\"s-newsletter__title\">\n                L\u2019actualit\u00e9 par la r\u00e9daction de RTL dans votre bo\u00eete mail.\n            <\/p>\n<p class=\"s-newsletter__subtitle\">\n                Gr\u00e2ce \u00e0 votre compte RTL abonnez-vous \u00e0 la newsletter RTL info pour suivre toute l&rsquo;actualit\u00e9 au quotidien\n            <\/p>\n<p>\n                                    Lire la suite\n                                <\/p>\n","protected":false},"excerpt":{"rendered":"Au lendemain de l&rsquo;ouverture du\u00a0march\u00e9 de No\u00ebl\u00a0de Strasbourg, des agents d&rsquo;entretien des espaces verts ont fait une d\u00e9couverte&hellip;\n","protected":false},"author":2,"featured_media":566154,"comment_status":"","ping_status":"","sticky":false,"template":"","format":"standard","meta":{"footnotes":""},"categories":[2820],"tags":[1111,11,2389,6376,1777,674,107,1011,27,775,12,15830,25,640],"class_list":{"0":"post-566153","1":"post","2":"type-post","3":"status-publish","4":"format-standard","5":"has-post-thumbnail","7":"category-strasbourg","8":"tag-actu","9":"tag-actualites","10":"tag-alsace","11":"tag-armes","12":"tag-eu","13":"tag-europe","14":"tag-fil-info","15":"tag-fr","16":"tag-france","17":"tag-grand-est","18":"tag-news","19":"tag-noel","20":"tag-republique-francaise","21":"tag-strasbourg"},"share_on_mastodon":{"url":"https:\/\/pubeurope.com\/@fr\/115631716074879317","error":""},"_links":{"self":[{"href":"https:\/\/www.europesays.com\/fr\/wp-json\/wp\/v2\/posts\/566153","targetHints":{"allow":["GET"]}}],"collection":[{"href":"https:\/\/www.europesays.com\/fr\/wp-json\/wp\/v2\/posts"}],"about":[{"href":"https:\/\/www.europesays.com\/fr\/wp-json\/wp\/v2\/types\/post"}],"author":[{"embeddable":true,"href":"https:\/\/www.europesays.com\/fr\/wp-json\/wp\/v2\/users\/2"}],"replies":[{"embeddable":true,"href":"https:\/\/www.europesays.com\/fr\/wp-json\/wp\/v2\/comments?post=566153"}],"version-history":[{"count":0,"href":"https:\/\/www.europesays.com\/fr\/wp-json\/wp\/v2\/posts\/566153\/revisions"}],"wp:featuredmedia":[{"embeddable":true,"href":"https:\/\/www.europesays.com\/fr\/wp-json\/wp\/v2\/media\/566154"}],"wp:attachment":[{"href":"https:\/\/www.europesays.com\/fr\/wp-json\/wp\/v2\/media?parent=566153"}],"wp:term":[{"taxonomy":"category","embeddable":true,"href":"https:\/\/www.europesays.com\/fr\/wp-json\/wp\/v2\/categories?post=566153"},{"taxonomy":"post_tag","embeddable":true,"href":"https:\/\/www.europesays.com\/fr\/wp-json\/wp\/v2\/tags?post=566153"}],"curies":[{"name":"wp","href":"https:\/\/api.w.org\/{rel}","templated":true}]}}