{"id":566161,"date":"2025-11-29T07:09:45","date_gmt":"2025-11-29T07:09:45","guid":{"rendered":"https:\/\/www.europesays.com\/fr\/566161\/"},"modified":"2025-11-29T07:09:45","modified_gmt":"2025-11-29T07:09:45","slug":"neptunes-marches-de-noel-festival-nos-idees-sorties-du-week-end-a-nantes","status":"publish","type":"post","link":"https:\/\/www.europesays.com\/fr\/566161\/","title":{"rendered":"Neptunes, march\u00e9s de No\u00ebl, festival\u2026 Nos id\u00e9es sorties du week-end \u00e0 Nantes"},"content":{"rendered":"<p>                    Par<br \/>\n        <strong><br \/>\n            <a href=\"https:\/\/actu.fr\/auteur\/laure-gentil\" title=\"Consulter tous les articles de Laure Gentil\" target=\"_blank\" rel=\"noopener\">Laure Gentil<\/a><br \/>\n                    <\/strong><\/p>\n<p>        Publi\u00e9 le<\/p>\n<p>            28 nov. 2025 \u00e0 17h03        <\/p>\n<p>Si la m\u00e9t\u00e9o, pluvieuse, peut mettre le moral en berne, les animations et \u00e9v\u00e8nements de ce week-end \u00e0 <b>Nantes <\/b>peuvent redonner de la joie. Comme tous les vendredis, la r\u00e9daction d\u2019actu Nantes vous s\u00e9lectionne des activit\u00e9s \u00e0 faire seul, en famille ou entre amis. Voici nos id\u00e9es sorties pour <b>samedi\u00a029 et dimanche 30\u00a0novembre 2025.<\/b><\/p>\n<p>Deux march\u00e9s de No\u00ebl<\/p>\n<p class=\" wall-content\">Le<b>\u00a0march\u00e9 de l\u2019association des commer\u00e7ants de Saint-Joseph-de-Porterie<\/b>\u2009: rue Jean Marie Potiron le samedi 29\u00a0novembre de 10h \u00e0 17h avec des artisans des commer\u00e7ants, une buvette, un man\u00e8ge et le P\u00e8re No\u00ebl.<\/p>\n<p class=\" wall-content\">Le<b>\u00a0march\u00e9 de l\u2019association des commer\u00e7ants de S\u00e8vre<\/b>\u2009: samedi 29\u00a0novembre de 10h \u00e0 18h, rue de S\u00e8vre (quartier Nantes-Sud) avec des cr\u00e9ateurs, des artisans, une d\u00e9gustation, une chorale et des animations.<\/p>\n<p class=\" wall-content\">Pour retrouver <a href=\"https:\/\/actu.fr\/pays-de-la-loire\/nantes_44109\/nantes-la-liste-des-marches-de-noel-dans-les-quartiers-de-la-ville_63496796.html\" target=\"_blank\" rel=\"noopener\">notre liste des march\u00e9s dans les quartiers de Nantes cliquez ici.<\/a><\/p>\n<p>Festival Culture Bar-Bars<\/p>\n<p class=\" wall-content\">Le Festival Culture Bar-Bars bat son plein depuis ce mercredi. Ce week-end est votre derni\u00e8re chance pour en profiter. En tout <b>326 \u00e9v\u00e9nements<\/b> (concerts, DJ-sets, jeux, cabarets, th\u00e9\u00e2tre, stand up, drag show, expos\u2026) dans 108 caf\u00e9s et clubs sont organis\u00e9s \u00e0 Nantes mais aussi en m\u00e9tropole (Rez\u00e9, Indre, Carquefou, Orvault, Saint-Herblain.)<\/p>\n<p>Nantes \u2013 Quimper<\/p>\n<p class=\" wall-content\">Les Neptunes sont inarr\u00eatables. Apr\u00e8s une victoire face au Pays Viennois (0-3) et au Sens Volley 89, elles doivent maintenant affronter le leader\u00a0invaincu du championnat, ce samedi 29\u00a0novembre \u00e0 20h au complexe sportif Mangin-Beaulieu. Il reste des places (cat\u00e9gorie 1 et 2) pour assister au match.<a href=\"https:\/\/web.digitick.com\/j9-neptunes-de-nantes-quimper-sport-complexe-sportif-mangin-beaulieu-29-novembre-2025-css5-neptunesnantes-pg101-ri11417895.html\" target=\"_blank\" rel=\"noopener\"> Il est donc encore temps d\u2019aller sur la billetterie en cliquant ici.<\/a><\/p>\n<p>Votre r\u00e9gion, votre actu !<\/p>\n<p>Recevez chaque jour les infos qui comptent pour vous.<\/p>\n<p>\t<a href=\"https:\/\/actu.fr\/newsletter\" class=\"ac-btn ac-btn--corner ac-btn--medium ac-btn--blue800\" target=\"_blank\" rel=\"noopener\">S&rsquo;incrire<\/a><br \/>\nLes Hivernales<\/p>\n<p class=\" wall-content\">Les Hivernales sont de retour pour une cinqui\u00e8me \u00e9dition \u00e0 la Maison de quartier du Breil ce samedi 29 novembre de 14h \u00e0 19h. Il y aura un man\u00e8ge, une restauration, un stand de maquillage, des jeux vid\u00e9o, un spectacle, une vente de jeux de soci\u00e9t\u00e9 et une ludoth\u00e8que. De quoi occuper vos enfants tout l\u2019apr\u00e8s-midi.<\/p>\n<p class=\" wall-content\">Personnalisez votre actualit\u00e9 en ajoutant vos villes et m\u00e9dias en favori avec <a href=\"https:\/\/moncompte.actu.fr\" title=\"D\u00e9couvez Mon Actu\" rel=\"nofollow noopener\" data-trk=\"{&quot;cta&quot;:{&quot;action&quot;:&quot;https:\\\/\\\/moncompte.actu.fr&quot;,&quot;category&quot;:&quot;mon compte&quot;,&quot;from&quot;:&quot;article footer&quot;,&quot;name&quot;:&quot;Mon actu&quot;,&quot;type&quot;:&quot;cta&quot;}}\" target=\"_blank\">Mon Actu<\/a>.<\/p>\n","protected":false},"excerpt":{"rendered":"Par Laure Gentil Publi\u00e9 le 28 nov. 2025 \u00e0 17h03 Si la m\u00e9t\u00e9o, pluvieuse, peut mettre le moral&hellip;\n","protected":false},"author":2,"featured_media":566162,"comment_status":"","ping_status":"","sticky":false,"template":"","format":"standard","meta":{"footnotes":""},"categories":[2818],"tags":[1111,11,1063,1777,674,1011,27,1305,2089,766,12,2636,25,517],"class_list":{"0":"post-566161","1":"post","2":"type-post","3":"status-publish","4":"format-standard","5":"has-post-thumbnail","7":"category-nantes","8":"tag-actu","9":"tag-actualites","10":"tag-animations","11":"tag-eu","12":"tag-europe","13":"tag-fr","14":"tag-france","15":"tag-lifestyle","16":"tag-marche","17":"tag-nantes","18":"tag-news","19":"tag-pays-de-la-loire","20":"tag-republique-francaise","21":"tag-sport"},"share_on_mastodon":{"url":"https:\/\/pubeurope.com\/@fr\/115631735652991920","error":""},"_links":{"self":[{"href":"https:\/\/www.europesays.com\/fr\/wp-json\/wp\/v2\/posts\/566161","targetHints":{"allow":["GET"]}}],"collection":[{"href":"https:\/\/www.europesays.com\/fr\/wp-json\/wp\/v2\/posts"}],"about":[{"href":"https:\/\/www.europesays.com\/fr\/wp-json\/wp\/v2\/types\/post"}],"author":[{"embeddable":true,"href":"https:\/\/www.europesays.com\/fr\/wp-json\/wp\/v2\/users\/2"}],"replies":[{"embeddable":true,"href":"https:\/\/www.europesays.com\/fr\/wp-json\/wp\/v2\/comments?post=566161"}],"version-history":[{"count":0,"href":"https:\/\/www.europesays.com\/fr\/wp-json\/wp\/v2\/posts\/566161\/revisions"}],"wp:featuredmedia":[{"embeddable":true,"href":"https:\/\/www.europesays.com\/fr\/wp-json\/wp\/v2\/media\/566162"}],"wp:attachment":[{"href":"https:\/\/www.europesays.com\/fr\/wp-json\/wp\/v2\/media?parent=566161"}],"wp:term":[{"taxonomy":"category","embeddable":true,"href":"https:\/\/www.europesays.com\/fr\/wp-json\/wp\/v2\/categories?post=566161"},{"taxonomy":"post_tag","embeddable":true,"href":"https:\/\/www.europesays.com\/fr\/wp-json\/wp\/v2\/tags?post=566161"}],"curies":[{"name":"wp","href":"https:\/\/api.w.org\/{rel}","templated":true}]}}