{"id":566170,"date":"2025-11-29T07:15:43","date_gmt":"2025-11-29T07:15:43","guid":{"rendered":"https:\/\/www.europesays.com\/fr\/566170\/"},"modified":"2025-11-29T07:15:43","modified_gmt":"2025-11-29T07:15:43","slug":"un-lyceen-profere-des-menaces-de-mort-a-roubaix-le-personnel-exerce-son-droit-de-retrait-et","status":"publish","type":"post","link":"https:\/\/www.europesays.com\/fr\/566170\/","title":{"rendered":"Un lyc\u00e9en prof\u00e8re des menaces de mort \u00e0 Roubaix, le personnel exerce son droit de retrait et"},"content":{"rendered":"<p>\u00c0 Roubaix (Nord) des membres du personnel du lyc\u00e9e Jean Moulin ont exerc\u00e9 leur droit de retrait, lundi 24\u00a0novembre apr\u00e8s-midi et mardi 25\u00a0novembre 2025. L\u2019\u00e9tablissement est donc rest\u00e9 ferm\u00e9. En cause\u00a0: un conseil de discipline qui a men\u00e9 \u00e0 l\u2019exclusion d\u00e9finitive d\u2019un \u00e9l\u00e8ve. \u00c0 la suite de\u00a0cette d\u00e9cision, ce dernier aurait menac\u00e9 de mort les membres de la vie scolaire et a d\u00e9grad\u00e9 du mobilier, rapporte <a href=\"https:\/\/www.francebleu.fr\/infos\/education\/le-lycee-jean-moulin-de-roubaix-ferme-apres-un-incident-avec-un-eleve-4141856\" target=\"_blank\" rel=\"noopener\"> ici Nord <\/a>. Le rectorat a indiqu\u00e9 que <strong>\u00ab\u00a0les forces de l\u2019ordre ont \u00e9t\u00e9 sollicit\u00e9es afin d\u2019assurer la s\u00e9curit\u00e9 au sein du lyc\u00e9e\u00a0\u00bb<\/strong>.<\/p>\n<p>Selon <a href=\"https:\/\/france3-regions.franceinfo.fr\/hauts-de-france\/nord-0\/roubaix\/un-eleve-a-menace-de-mort-les-membres-de-la-vie-scolaire-ainsi-que-le-proviseur-le-personnel-d-un-lycee-de-roubaix-exerce-son-droit-de-retrait-3256264.html\" target=\"_blank\" rel=\"noopener\"> France 3\u00a0Hauts-de-France <\/a>, l\u2019\u00e9l\u00e8ve pr\u00e9senterait un comportement <strong>\u00ab\u00a0incontr\u00f4lable\u00a0\u00bb<\/strong> et <strong>\u00ab\u00a0violent\u00a0\u00bb<\/strong>. Il aurait <strong>\u00ab\u00a0insult\u00e9, commis des d\u00e9gradations et menac\u00e9 de mort les membres de la vie scolaire de l\u2019\u00e9tablissement ainsi que le proviseur\u00a0\u00bb<\/strong>,<strong>\u00a0<\/strong>d\u00e9taillent les membres du personnel.<\/p>\n<p>Un manque de moyens d\u00e9nonc\u00e9<\/p>\n<p>Plus largement, le personnel a publi\u00e9 un communiqu\u00e9 dans lequel il d\u00e9nonce <strong>\u00ab\u00a0une d\u00e9gradation des conditions d\u2019accueil, d\u2019accompagnement, de formation et de r\u00e9ussite des \u00e9l\u00e8ves\u00a0\u00bb<\/strong>. Il\u00a0pointe\u00a0notamment du doigt <strong>\u00ab\u00a0un manque de moyens humains, financiers et mat\u00e9riels\u00a0\u00bb<\/strong>.<\/p>\n<p><strong>Lire aussi<\/strong>\u00a0: <a href=\"https:\/\/rennes.maville.com\/actu\/actudet_-des-milliers-de-postes-d-enseignants-non-pourvus-les-raisons-d-une-penurie-_54135-6960433_actu.Htm\" target=\"_self\" rel=\"noopener\">Des milliers de postes d\u2019enseignants non pourvus\u00a0: les raisons d\u2019une p\u00e9nurie<\/a><\/p>\n<p>Face \u00e0 ces probl\u00e8mes la communaut\u00e9 \u00e9ducative demande\u00a0le recrutement de deux CPE suppl\u00e9mentaires ainsi que de trois assistants d\u2019\u00e9ducation, pour l\u2019encadrement des \u00e9l\u00e8ves. Elle souhaiterait \u00e9galement le remplacement des professeurs\u00a0absents ainsi que la nomination de personnels sur des postes vacants.\u00a0<strong>\u00ab\u00a0Pour toutes ces raisons, nous demandons la cr\u00e9ation d\u2019un statut exceptionnel, accompagn\u00e9 de moyens \u00e0 la hauteur de la situation explosive que nous vivons, \u00e0 l\u2019image des coll\u00e8gues REP +, dont la majorit\u00e9 de nos \u00e9l\u00e8ves sont issus.\u00a0\u00bb<\/strong>\u00a0Le rectorat n\u2019aurait, pour le moment, pas apport\u00e9 de r\u00e9ponse.<\/p>\n<p>\u00a0<\/p>\n","protected":false},"excerpt":{"rendered":"\u00c0 Roubaix (Nord) des membres du personnel du lyc\u00e9e Jean Moulin ont exerc\u00e9 leur droit de retrait, lundi&hellip;\n","protected":false},"author":2,"featured_media":566171,"comment_status":"","ping_status":"","sticky":false,"template":"","format":"standard","meta":{"footnotes":""},"categories":[2815],"tags":[1111,11,7650,6084,1777,674,68148,1011,27,811,1307,16446,2824,18,12411,12,12298,68147,25,29622,7940],"class_list":{"0":"post-566170","1":"post","2":"type-post","3":"status-publish","4":"format-standard","5":"has-post-thumbnail","7":"category-lille","8":"tag-actu","9":"tag-actualites","10":"tag-demande","11":"tag-droit","12":"tag-eu","13":"tag-europe","14":"tag-exerce","15":"tag-fr","16":"tag-france","17":"tag-hauts-de-france","18":"tag-lille","19":"tag-lyceen","20":"tag-menaces","21":"tag-mort","22":"tag-moyens","23":"tag-news","24":"tag-personnel","25":"tag-profere","26":"tag-republique-francaise","27":"tag-retrait","28":"tag-roubaix"},"share_on_mastodon":{"url":"https:\/\/pubeurope.com\/@fr\/115631759256246975","error":""},"_links":{"self":[{"href":"https:\/\/www.europesays.com\/fr\/wp-json\/wp\/v2\/posts\/566170","targetHints":{"allow":["GET"]}}],"collection":[{"href":"https:\/\/www.europesays.com\/fr\/wp-json\/wp\/v2\/posts"}],"about":[{"href":"https:\/\/www.europesays.com\/fr\/wp-json\/wp\/v2\/types\/post"}],"author":[{"embeddable":true,"href":"https:\/\/www.europesays.com\/fr\/wp-json\/wp\/v2\/users\/2"}],"replies":[{"embeddable":true,"href":"https:\/\/www.europesays.com\/fr\/wp-json\/wp\/v2\/comments?post=566170"}],"version-history":[{"count":0,"href":"https:\/\/www.europesays.com\/fr\/wp-json\/wp\/v2\/posts\/566170\/revisions"}],"wp:featuredmedia":[{"embeddable":true,"href":"https:\/\/www.europesays.com\/fr\/wp-json\/wp\/v2\/media\/566171"}],"wp:attachment":[{"href":"https:\/\/www.europesays.com\/fr\/wp-json\/wp\/v2\/media?parent=566170"}],"wp:term":[{"taxonomy":"category","embeddable":true,"href":"https:\/\/www.europesays.com\/fr\/wp-json\/wp\/v2\/categories?post=566170"},{"taxonomy":"post_tag","embeddable":true,"href":"https:\/\/www.europesays.com\/fr\/wp-json\/wp\/v2\/tags?post=566170"}],"curies":[{"name":"wp","href":"https:\/\/api.w.org\/{rel}","templated":true}]}}