{"id":566172,"date":"2025-11-29T07:17:12","date_gmt":"2025-11-29T07:17:12","guid":{"rendered":"https:\/\/www.europesays.com\/fr\/566172\/"},"modified":"2025-11-29T07:17:12","modified_gmt":"2025-11-29T07:17:12","slug":"a-1h30-de-lille-ce-marche-de-noel-parmi-les-plus-beaux-du-monde-ouvre-ses-portes-avec-un-atout-inattendu","status":"publish","type":"post","link":"https:\/\/www.europesays.com\/fr\/566172\/","title":{"rendered":"\u00c0 1h30 de Lille, ce march\u00e9 de no\u00ebl parmi les plus beaux du monde ouvre ses portes avec un atout inattendu"},"content":{"rendered":"<p>Pour les habitants de <strong>Lille<\/strong> et du Nord qui<br \/>\nr\u00eavent d\u2019illuminations, de vin chaud et de chalets en bois sans<br \/>\ntraverser la moiti\u00e9 de l\u2019Europe, la bonne surprise se trouve tout<br \/>\npr\u00e8s. \u00c0 seulement 1h30 de route, une capitale voisine se transforme<br \/>\nchaque hiver en d\u00e9cor de carte postale, avec un centre-ville<br \/>\nenti\u00e8rement d\u00e9di\u00e9 aux f\u00eates de fin d\u2019ann\u00e9e.<\/p>\n<p>Cette capitale, c\u2019est Bruxelles, qui lance une nouvelle \u00e9dition<br \/>\nde <strong>Plaisirs d\u2019Hiver<\/strong>, son immense <strong>march\u00e9 de<br \/>\nNo\u00ebl de Bruxelles<\/strong> class\u00e9 parmi les plus beaux du monde.<br \/>\nL\u2019\u00e9v\u00e8nement ouvre ses portes ce vendredi 28 novembre 2025 et<br \/>\ns\u2019\u00e9tale sur pr\u00e8s de cinq semaines, du 28 novembre au 4 janvier,<br \/>\navec au programme 238 chalets, animations, patinoire, grande roue<br \/>\net spectacles lumineux dans tout le c\u0153ur historique. De quoi donner<br \/>\ndes id\u00e9es d\u2019escapade hivernale aux Lillois curieux.<\/p>\n<p>Plaisirs d\u2019Hiver \u00e0 Bruxelles, un march\u00e9 de No\u00ebl g\u00e9ant \u00e0 deux<br \/>\npas de Lille<\/p>\n<p>Au fil des ann\u00e9es, Plaisirs d\u2019Hiver s\u2019est impos\u00e9 comme un<br \/>\nrendez-vous majeur en Europe : pendant cinq semaines, ce sont 238<br \/>\nartisans et commer\u00e7ants qui s\u2019installent sur les grandes places du<br \/>\ncentre de Bruxelles pour ravir les yeux des curieux et affoler les<br \/>\npapilles des gourmands, entre cuisines du monde et cr\u00e9ations<br \/>\noriginales. Les organisateurs r\u00e9sument l\u2019esprit de cette \u00e9dition en<br \/>\nexpliquant : \u00ab\u00a0Repens\u00e9 dans une logique de circulation fluide et de<br \/>\ncohabitation harmonieuse, le march\u00e9 s\u2019inscrit pleinement dans la<br \/>\nvolont\u00e9 de faire dialoguer l\u2019effervescence festive et le quotidien<br \/>\ndes Bruxellois, tout en valorisant la diversit\u00e9 des savoir-faire et<br \/>\nl\u2019esprit d\u2019ouverture qui caract\u00e9risent la capitale\u00a0\u00bb, annoncent les<br \/>\norganisateurs, cit\u00e9s par Actu.fr.<\/p>\n<p>La place de la Monnaie donne le ton avec un nombre accru de<br \/>\nchalets, o\u00f9 l\u2019on trouve mets, cadeaux et animations, le tout baign\u00e9<br \/>\nde lumi\u00e8res. Juste \u00e0 c\u00f4t\u00e9, une installation spectaculaire met<br \/>\nl\u2019accent sur le recyclage : \u00ab\u00a0En prolongement de ce site festif, une<br \/>\nstructure monumentale en upcycling, con\u00e7ue avec le Th\u00e9\u00e2tre Royal de<br \/>\nLa Monnaie, accueille neuf sapins r\u00e9alis\u00e9s \u00e0 partir de mat\u00e9riaux<br \/>\nrecycl\u00e9s, chacun repr\u00e9sentant un atelier de confection et refl\u00e9tant<br \/>\nle savoir-faire en sc\u00e9nographie et r\u00e9emploi\u00a0\u00bb. Autour, la place de<br \/>\nla Bourse, la place Sainte-Catherine, la Tour Noire ou encore la<br \/>\nplace De Brouck\u00e8re compl\u00e8tent un parcours de No\u00ebl tr\u00e8s dense au<br \/>\nc\u0153ur de la ville.<\/p>\n<p>Lumi\u00e8res, man\u00e8ges et gourmandises au march\u00e9 de No\u00ebl de<br \/>\nBruxelles<\/p>\n<p>Le Vismet, ou March\u00e9 aux Poissons, est pr\u00e9sent\u00e9 comme le c\u0153ur<br \/>\nvivant du march\u00e9 de No\u00ebl : on y retrouve des chalets d\u00e9di\u00e9s aux<br \/>\nmets sal\u00e9s et sucr\u00e9s, ainsi qu\u2019\u00e0 des cadeaux originaux, sous le<br \/>\nregard d\u2019une grande roue qui offre une vue imprenable sur tout le<br \/>\nsite. Au m\u00eame endroit, le Pavillon Stella Artois reste un passage<br \/>\noblig\u00e9 pour les amateurs de bi\u00e8re locale : \u00ab\u00a0En plein c\u0153ur de<br \/>\nPlaisirs d\u2019Hiver, le Pavillon Stella Artois continue d\u2019accueillir<br \/>\nles visiteurs et les visiteuses dans une atmosph\u00e8re conviviale,<br \/>\ninvitant \u00e0 savourer cette bi\u00e8re locale lors d\u2019un passage devenu<br \/>\nincontournable\u00a0\u00bb, sourient les organisateurs. Plus loin, la place de<br \/>\nla Bourse m\u00eale saveurs, artisanat et boissons festives pour une<br \/>\nv\u00e9ritable halte gourmande.<\/p>\n<p>Les animations ne se limitent pas aux chalets. La place De<br \/>\nBrouck\u00e8re accueille une grande patinoire et des pistes de curling,<br \/>\ntandis que la place Sainte-Catherine aligne ses chalets<br \/>\ngastronomiques autour du Man\u00e8ge d\u2019Andrea, au charme r\u00e9tro. Derri\u00e8re<br \/>\nl\u2019\u00e9glise Sainte-Catherine, le site de la Tour Noire adopte une<br \/>\nsc\u00e9nographie sur le th\u00e8me des sucres d\u2019orge, pens\u00e9e comme un rep\u00e8re<br \/>\nf\u00e9\u00e9rique pour les familles. Sur la Grand-Place, un magnifique<br \/>\nspectacle son et lumi\u00e8res se joue chaque soir sur les fa\u00e7ades,<br \/>\nalors que la cour de l\u2019H\u00f4tel de Ville abrite une \u0153uvre monumentale<br \/>\nbaptis\u00e9e Morphosis, symbole de transformation et de<br \/>\nrenouveau. Dans ce m\u00eame \u00e9difice, la View Tower Experience<br \/>\npropose un panorama \u00e0 360\u00b0 sur la place, compl\u00e9t\u00e9 par des concerts<br \/>\n\u00e0 la bougie en hommage \u00e0 Ad\u00e8le et \u00e0 Charles Aznavour. C\u00f4t\u00e9<br \/>\nassiettes, les sp\u00e9cialit\u00e9s belges r\u00e9pondent pr\u00e9sent, avec notamment<br \/>\n:<\/p>\n<ul>\n<li>vin chaud, cr\u00eapes belges et gaufres croustillantes,<\/li>\n<li>croquettes aux crevettes, frites dor\u00e9es et boulets sauce<br \/>\nlapin,<\/li>\n<li>speculoos, chocolats artisanaux, cuberdons violets,<\/li>\n<li>pains d\u2019\u00e9pices et autres douceurs typiques des march\u00e9s de<br \/>\nNo\u00ebl.<\/li>\n<\/ul>\n<p>Depuis Lille, organiser facilement sa<br \/>\njourn\u00e9e au march\u00e9 de No\u00ebl de Bruxelles<\/p>\n<p>Pour les Lillois, l\u2019atout majeur de ce march\u00e9 de No\u00ebl reste sa<br \/>\nproximit\u00e9. En environ 1h30 de route, via l\u2019autoroute qui file vers<br \/>\nla fronti\u00e8re belge, on rejoint le centre de Bruxelles et les<br \/>\ndiff\u00e9rentes places anim\u00e9es de Plaisirs d\u2019Hiver. Ceux qui pr\u00e9f\u00e8rent<br \/>\nlaisser la voiture au garage peuvent miser sur le train, avec des<br \/>\nliaisons directes entre Lille et la capitale belge, ou sur les<br \/>\nautocars longue distance qui desservent eux aussi Bruxelles en<br \/>\np\u00e9riode de f\u00eates. Une distance id\u00e9ale pour un aller-retour dans la<br \/>\njourn\u00e9e, ou pour prolonger le plaisir le temps d\u2019un week-end<br \/>\nhivernal.<\/p>\n<p>Le parcours bruxellois met aussi en avant une dimension<br \/>\nsolidaire. Sur le parvis de la chapelle de la Madeleine, des<br \/>\nchalets d\u2019associations ukrainiennes proposent sp\u00e9cialit\u00e9s<br \/>\nculinaires et souvenirs, tandis que la place Poelaert se transforme<br \/>\nen mini village de No\u00ebl nich\u00e9 au pied de la grande roue, avec un<br \/>\npoint de vue spectaculaire sur la ville. L\u00e0 encore, l\u2019esprit de<br \/>\npartage est mis en avant : \u00ab\u00a0Ce nouvel espace invite les visiteurs<br \/>\net visiteuses \u00e0 faire une pause gourmande dans une atmosph\u00e8re<br \/>\nchaleureuse, entre douceurs sucr\u00e9es, boissons r\u00e9confortantes et<br \/>\npanorama exceptionnel sur Bruxelles\u00a0\u00bb. Le site abrite en plus une<br \/>\ncollecte de jouets destin\u00e9s aux enfants malades ou d\u00e9favoris\u00e9s,<br \/>\nredistribu\u00e9s par des associations bruxelloises, un d\u00e9tail qui<br \/>\najoute une touche d\u2019humanit\u00e9 \u00e0 cette escapade de No\u00ebl \u00e0 moins de<br \/>\ndeux heures de <strong>Lille<\/strong>.<\/p>\n","protected":false},"excerpt":{"rendered":"Pour les habitants de Lille et du Nord qui r\u00eavent d\u2019illuminations, de vin chaud et de chalets en&hellip;\n","protected":false},"author":2,"featured_media":566173,"comment_status":"","ping_status":"","sticky":false,"template":"","format":"standard","meta":{"footnotes":""},"categories":[2815],"tags":[1111,11,1777,674,1011,27,811,1307,12,15830,25,65861],"class_list":{"0":"post-566172","1":"post","2":"type-post","3":"status-publish","4":"format-standard","5":"has-post-thumbnail","7":"category-lille","8":"tag-actu","9":"tag-actualites","10":"tag-eu","11":"tag-europe","12":"tag-fr","13":"tag-france","14":"tag-hauts-de-france","15":"tag-lille","16":"tag-news","17":"tag-noel","18":"tag-republique-francaise","19":"tag-trend"},"share_on_mastodon":{"url":"https:\/\/pubeurope.com\/@fr\/115631767218124243","error":""},"_links":{"self":[{"href":"https:\/\/www.europesays.com\/fr\/wp-json\/wp\/v2\/posts\/566172","targetHints":{"allow":["GET"]}}],"collection":[{"href":"https:\/\/www.europesays.com\/fr\/wp-json\/wp\/v2\/posts"}],"about":[{"href":"https:\/\/www.europesays.com\/fr\/wp-json\/wp\/v2\/types\/post"}],"author":[{"embeddable":true,"href":"https:\/\/www.europesays.com\/fr\/wp-json\/wp\/v2\/users\/2"}],"replies":[{"embeddable":true,"href":"https:\/\/www.europesays.com\/fr\/wp-json\/wp\/v2\/comments?post=566172"}],"version-history":[{"count":0,"href":"https:\/\/www.europesays.com\/fr\/wp-json\/wp\/v2\/posts\/566172\/revisions"}],"wp:featuredmedia":[{"embeddable":true,"href":"https:\/\/www.europesays.com\/fr\/wp-json\/wp\/v2\/media\/566173"}],"wp:attachment":[{"href":"https:\/\/www.europesays.com\/fr\/wp-json\/wp\/v2\/media?parent=566172"}],"wp:term":[{"taxonomy":"category","embeddable":true,"href":"https:\/\/www.europesays.com\/fr\/wp-json\/wp\/v2\/categories?post=566172"},{"taxonomy":"post_tag","embeddable":true,"href":"https:\/\/www.europesays.com\/fr\/wp-json\/wp\/v2\/tags?post=566172"}],"curies":[{"name":"wp","href":"https:\/\/api.w.org\/{rel}","templated":true}]}}